{"id":16900,"date":"2024-05-23T13:39:04","date_gmt":"2024-05-23T13:39:04","guid":{"rendered":"https:\/\/defrentealaverdad.com\/?p=16900"},"modified":"2024-05-23T13:39:04","modified_gmt":"2024-05-23T13:39:04","slug":"jce-entra-en-fase-de-revision-de-votos-nulos-y-observados-del-proceso-electoral","status":"publish","type":"post","link":"https:\/\/defrentealaverdad.com\/index.php\/2024\/05\/23\/jce-entra-en-fase-de-revision-de-votos-nulos-y-observados-del-proceso-electoral\/","title":{"rendered":"JCE entra en fase de revisi\u00f3n de votos nulos y observados del proceso electoral"},"content":{"rendered":"<header class=\"entry-header\"><\/header>\n<figure class=\"post-thumbnail\" style=\"text-align: justify;\"><img decoding=\"async\" class=\"post-thumbnail__img wp-post-image aligncenter lazyload\" data-src=\"https:\/\/robertocavada.com\/wp-content\/uploads\/2022\/11\/voto-en-elecciones-municipales-16032020-orlando-barria-1024x701-1-770x540.jpg\" alt=\"JCE entra en fase de revisi\u00f3n de votos nulos y observados del proceso electoral\" width=\"770\" height=\"540\" src=\"data:image\/svg+xml;base64,PHN2ZyB3aWR0aD0iMSIgaGVpZ2h0PSIxIiB4bWxucz0iaHR0cDovL3d3dy53My5vcmcvMjAwMC9zdmciPjwvc3ZnPg==\" style=\"--smush-placeholder-width: 770px; --smush-placeholder-aspect-ratio: 770\/540;\" \/><\/figure>\n<div class=\"entry-content\">\n<div id=\"st-1\" class=\"sharethis-inline-share-buttons st-center st-lang-es st-has-labels  st-inline-share-buttons st-animated\" style=\"text-align: justify;\">\n<div class=\"st-btn st-last st-remove-label\" data-network=\"whatsapp\"><strong>Santo Domingo. \u2013<\/strong>\u00a0Tras las elecciones celebradas el pasado 19 de mayo, la Junta Central Electoral (JCE) se encuentra en la fase de revisi\u00f3n de los votos nulos y observados, tal como lo establece el Art\u00edculo 292 de la Ley Electoral 20-23.<\/div>\n<\/div>\n<p style=\"text-align: justify;\">De acuerdo con la normativa vigente, dentro de los 30 d\u00edas siguientes a la fecha de la elecci\u00f3n, o a la mayor brevedad posible despu\u00e9s de transcurrido este plazo, la JCE deber\u00e1 formular una relaci\u00f3n general de los resultados electorales. Esta relaci\u00f3n detallar\u00e1, por cada municipio, el Distrito Nacional, cada provincia y a nivel nacional, el total de votos emitidos, el total de votos computados a favor y en contra de cada candidatura, as\u00ed como los candidatos que resultaron elegidos para todos los cargos.<\/p>\n<p style=\"text-align: justify;\">En este documento se consignar\u00e1, por cada municipio, por el Distrito Nacional, por cada provincia y para toda la Rep\u00fablica, el total de votos emitidos y el total de votos computados a favor y en contra de cada candidatura, as\u00ed como el candidato o los candidatos que hubieren resultado elegidos para todos los cargos.<\/p>\n<p style=\"text-align: justify;\">Fuente: RC Noticias<\/p>\n<\/div>\n","protected":false},"excerpt":{"rendered":"<p>Santo Domingo. \u2013\u00a0Tras las elecciones celebradas el pasado 19 de mayo, la Junta Central Electoral<\/p>\n","protected":false},"author":1,"featured_media":0,"comment_status":"open","ping_status":"open","sticky":false,"template":"","format":"standard","meta":{"footnotes":""},"categories":[12],"tags":[],"class_list":["post-16900","post","type-post","status-publish","format-standard","hentry","category-politicas"],"_links":{"self":[{"href":"https:\/\/defrentealaverdad.com\/index.php\/wp-json\/wp\/v2\/posts\/16900","targetHints":{"allow":["GET"]}}],"collection":[{"href":"https:\/\/defrentealaverdad.com\/index.php\/wp-json\/wp\/v2\/posts"}],"about":[{"href":"https:\/\/defrentealaverdad.com\/index.php\/wp-json\/wp\/v2\/types\/post"}],"author":[{"embeddable":true,"href":"https:\/\/defrentealaverdad.com\/index.php\/wp-json\/wp\/v2\/users\/1"}],"replies":[{"embeddable":true,"href":"https:\/\/defrentealaverdad.com\/index.php\/wp-json\/wp\/v2\/comments?post=16900"}],"version-history":[{"count":1,"href":"https:\/\/defrentealaverdad.com\/index.php\/wp-json\/wp\/v2\/posts\/16900\/revisions"}],"predecessor-version":[{"id":16901,"href":"https:\/\/defrentealaverdad.com\/index.php\/wp-json\/wp\/v2\/posts\/16900\/revisions\/16901"}],"wp:attachment":[{"href":"https:\/\/defrentealaverdad.com\/index.php\/wp-json\/wp\/v2\/media?parent=16900"}],"wp:term":[{"taxonomy":"category","embeddable":true,"href":"https:\/\/defrentealaverdad.com\/index.php\/wp-json\/wp\/v2\/categories?post=16900"},{"taxonomy":"post_tag","embeddable":true,"href":"https:\/\/defrentealaverdad.com\/index.php\/wp-json\/wp\/v2\/tags?post=16900"}],"curies":[{"name":"wp","href":"https:\/\/api.w.org\/{rel}","templated":true}]}}