{"id":16893,"date":"2024-05-23T13:11:48","date_gmt":"2024-05-23T13:11:48","guid":{"rendered":"https:\/\/defrentealaverdad.com\/?p=16893"},"modified":"2024-05-23T13:11:48","modified_gmt":"2024-05-23T13:11:48","slug":"karen-serrata-se-perfila-como-la-proxima-gobernadora-de-la-provincia-santo-domingo","status":"publish","type":"post","link":"https:\/\/defrentealaverdad.com\/index.php\/2024\/05\/23\/karen-serrata-se-perfila-como-la-proxima-gobernadora-de-la-provincia-santo-domingo\/","title":{"rendered":"Karen Serrata se perfila como la pr\u00f3xima gobernadora de la Provincia Santo Domingo"},"content":{"rendered":"<p style=\"text-align: justify;\">Pasada las elecciones empiezan a circular rumores en los pasillos, de cambios y nuevos incumbentes para diferentes puestos en el tren gubernamental, es el caso de la dirigente Karen Serrata, quien es vocera del PRM en la provincia Santo Domingo, se dice que podr\u00eda ser la pr\u00f3xima gobernadora de la provincia Santo Domingo.<\/p>\n<p style=\"text-align: justify;\"><img decoding=\"async\" class=\"size-medium wp-image-16894 alignleft lazyload\" data-src=\"https:\/\/defrentealaverdad.com\/wp-content\/uploads\/2024\/05\/IMG-20240522-WA0185-282x300.jpg\" alt=\"\" width=\"282\" height=\"300\" data-srcset=\"https:\/\/defrentealaverdad.com\/wp-content\/uploads\/2024\/05\/IMG-20240522-WA0185-282x300.jpg 282w, https:\/\/defrentealaverdad.com\/wp-content\/uploads\/2024\/05\/IMG-20240522-WA0185-962x1024.jpg 962w, https:\/\/defrentealaverdad.com\/wp-content\/uploads\/2024\/05\/IMG-20240522-WA0185-768x818.jpg 768w, https:\/\/defrentealaverdad.com\/wp-content\/uploads\/2024\/05\/IMG-20240522-WA0185.jpg 1066w\" data-sizes=\"(max-width: 282px) 100vw, 282px\" src=\"data:image\/svg+xml;base64,PHN2ZyB3aWR0aD0iMSIgaGVpZ2h0PSIxIiB4bWxucz0iaHR0cDovL3d3dy53My5vcmcvMjAwMC9zdmciPjwvc3ZnPg==\" style=\"--smush-placeholder-width: 282px; --smush-placeholder-aspect-ratio: 282\/300;\" \/><\/p>\n<p style=\"text-align: justify;\">Serrata quien es abogada, comunicadora, y ex aspirante a la alcald\u00eda de Los Alcarrizos, jug\u00f3 un rol importante en los medios de comunicaci\u00f3n en la campa\u00f1a, y de comenta que podr\u00eda ser la pr\u00f3xima gobernadora de la provincia Santo Domingo.<\/p>\n<p style=\"text-align: justify;\">Hay mucha expectativa en torno a los posibles cambios que podr\u00eda hacer el presidente Luis Abinader para su pr\u00f3ximo per\u00edodo 24-28.<\/p>\n<p>Fuente: Externa<\/p>\n","protected":false},"excerpt":{"rendered":"<p>Pasada las elecciones empiezan a circular rumores en los pasillos, de cambios y nuevos incumbentes<\/p>\n","protected":false},"author":1,"featured_media":0,"comment_status":"open","ping_status":"open","sticky":false,"template":"","format":"standard","meta":{"footnotes":""},"categories":[7],"tags":[],"class_list":["post-16893","post","type-post","status-publish","format-standard","hentry","category-nacionales"],"_links":{"self":[{"href":"https:\/\/defrentealaverdad.com\/index.php\/wp-json\/wp\/v2\/posts\/16893","targetHints":{"allow":["GET"]}}],"collection":[{"href":"https:\/\/defrentealaverdad.com\/index.php\/wp-json\/wp\/v2\/posts"}],"about":[{"href":"https:\/\/defrentealaverdad.com\/index.php\/wp-json\/wp\/v2\/types\/post"}],"author":[{"embeddable":true,"href":"https:\/\/defrentealaverdad.com\/index.php\/wp-json\/wp\/v2\/users\/1"}],"replies":[{"embeddable":true,"href":"https:\/\/defrentealaverdad.com\/index.php\/wp-json\/wp\/v2\/comments?post=16893"}],"version-history":[{"count":1,"href":"https:\/\/defrentealaverdad.com\/index.php\/wp-json\/wp\/v2\/posts\/16893\/revisions"}],"predecessor-version":[{"id":16895,"href":"https:\/\/defrentealaverdad.com\/index.php\/wp-json\/wp\/v2\/posts\/16893\/revisions\/16895"}],"wp:attachment":[{"href":"https:\/\/defrentealaverdad.com\/index.php\/wp-json\/wp\/v2\/media?parent=16893"}],"wp:term":[{"taxonomy":"category","embeddable":true,"href":"https:\/\/defrentealaverdad.com\/index.php\/wp-json\/wp\/v2\/categories?post=16893"},{"taxonomy":"post_tag","embeddable":true,"href":"https:\/\/defrentealaverdad.com\/index.php\/wp-json\/wp\/v2\/tags?post=16893"}],"curies":[{"name":"wp","href":"https:\/\/api.w.org\/{rel}","templated":true}]}}