{"id":16881,"date":"2024-05-22T22:10:12","date_gmt":"2024-05-22T22:10:12","guid":{"rendered":"https:\/\/defrentealaverdad.com\/?p=16881"},"modified":"2024-05-22T22:10:12","modified_gmt":"2024-05-22T22:10:12","slug":"herrera-farandula-celebra-su-quinta-nominacion-a-premios","status":"publish","type":"post","link":"https:\/\/defrentealaverdad.com\/index.php\/2024\/05\/22\/herrera-farandula-celebra-su-quinta-nominacion-a-premios\/","title":{"rendered":"Herrera Farandula celebra su Quinta Nominaci\u00f3n a Premios"},"content":{"rendered":"<p style=\"text-align: justify;\"><img decoding=\"async\" class=\"size-medium wp-image-16882 alignleft lazyload\" data-src=\"https:\/\/defrentealaverdad.com\/wp-content\/uploads\/2024\/05\/IMG-20240522-WA0176-265x300.jpg\" alt=\"\" width=\"265\" height=\"300\" data-srcset=\"https:\/\/defrentealaverdad.com\/wp-content\/uploads\/2024\/05\/IMG-20240522-WA0176-265x300.jpg 265w, https:\/\/defrentealaverdad.com\/wp-content\/uploads\/2024\/05\/IMG-20240522-WA0176-904x1024.jpg 904w, https:\/\/defrentealaverdad.com\/wp-content\/uploads\/2024\/05\/IMG-20240522-WA0176-768x870.jpg 768w, https:\/\/defrentealaverdad.com\/wp-content\/uploads\/2024\/05\/IMG-20240522-WA0176.jpg 1066w\" data-sizes=\"(max-width: 265px) 100vw, 265px\" src=\"data:image\/svg+xml;base64,PHN2ZyB3aWR0aD0iMSIgaGVpZ2h0PSIxIiB4bWxucz0iaHR0cDovL3d3dy53My5vcmcvMjAwMC9zdmciPjwvc3ZnPg==\" style=\"--smush-placeholder-width: 265px; --smush-placeholder-aspect-ratio: 265\/300;\" \/>\u00a0Santo Domingo .- El portal digital HerreraFarandula.net dirigido por la destacada periodista Francisca Jim\u00e9nez,se enorgullece de anunciar su quinta nominaci\u00f3n a premios en la categor\u00eda de medio digital.<\/p>\n<p style=\"text-align: justify;\">Esta reciente distinci\u00f3n proviene de los prestigiosos Premios La Flor, que reconocen la excelencia juvenil en la comunicaci\u00f3n digital.<\/p>\n<p style=\"text-align: justify;\">La noticia ha generado una ola de emoci\u00f3n,controversia y gratitud para el portal digital. Francisca Jimenez expres\u00f3 su m\u00e1s sincero agradecimiento a los organizadores y a la directiva por este honor tan significativo.<\/p>\n<p style=\"text-align: justify;\"><img decoding=\"async\" class=\"size-medium wp-image-16883 alignright lazyload\" data-src=\"https:\/\/defrentealaverdad.com\/wp-content\/uploads\/2024\/05\/IMG-20240522-WA0177-300x300.jpg\" alt=\"\" width=\"300\" height=\"300\" data-srcset=\"https:\/\/defrentealaverdad.com\/wp-content\/uploads\/2024\/05\/IMG-20240522-WA0177-300x300.jpg 300w, https:\/\/defrentealaverdad.com\/wp-content\/uploads\/2024\/05\/IMG-20240522-WA0177-1024x1024.jpg 1024w, https:\/\/defrentealaverdad.com\/wp-content\/uploads\/2024\/05\/IMG-20240522-WA0177-150x150.jpg 150w, https:\/\/defrentealaverdad.com\/wp-content\/uploads\/2024\/05\/IMG-20240522-WA0177-768x768.jpg 768w, https:\/\/defrentealaverdad.com\/wp-content\/uploads\/2024\/05\/IMG-20240522-WA0177.jpg 1080w\" data-sizes=\"(max-width: 300px) 100vw, 300px\" src=\"data:image\/svg+xml;base64,PHN2ZyB3aWR0aD0iMSIgaGVpZ2h0PSIxIiB4bWxucz0iaHR0cDovL3d3dy53My5vcmcvMjAwMC9zdmciPjwvc3ZnPg==\" style=\"--smush-placeholder-width: 300px; --smush-placeholder-aspect-ratio: 300\/300;\" \/><\/p>\n<p style=\"text-align: justify;\">Esta nueva nominaci\u00f3n se suma a un impresionante historial de reconocimientos para www.herrerafarandula.net.<\/p>\n<p style=\"text-align: justify;\">En el a\u00f1o 2023, el portal fue galardonado con el codiciado Premio Nacional de Periodismo Digital, destac\u00e1ndose como el mejor peri\u00f3dico digital de espect\u00e1culos,otorgado por el Observatorio de Medios Digitales Dominicanos. Adem\u00e1s, en ese mismo a\u00f1o, el medio recibi\u00f3 dos nominaciones en los Glamour Music Awards, sobresaliendo en las categor\u00edas de Portal Digital Informativo y Mejor Medio Digital en Cobertura de Eventos.<\/p>\n<p style=\"text-align: justify;\">La trayectoria de excelencia de Herrera Farandula tambi\u00e9n incluye una destacada nominaci\u00f3n en el a\u00f1o 2021 en los Premios Santo Domingo Oeste, compitiendo en dos categor\u00edas: \u00abMejor Comunicadora Local del A\u00f1o\u00bb y \u00abMejor Medio Digital\u00bb.<\/p>\n<p style=\"text-align: justify;\">Ese mismo a\u00f1o,el portal fue reconocido por el C\u00edrculo de Emprendedores Crecer (CIEC), consolidando su posici\u00f3n como referente en el \u00e1mbito digital y del periodismo de entretenimiento.<\/p>\n<p style=\"text-align: justify;\">Herrera Farandula.net contin\u00faa su compromiso con la calidad y la innovaci\u00f3n en el periodismo digital y espera con entusiasmo la ceremonia de los Premios La Flor y la oportunidad de seguir compartiendo con su audiencia contenidos de primer nivel.<\/p>\n<p>Fuente: Prensa que Apoya<\/p>\n","protected":false},"excerpt":{"rendered":"<p>\u00a0Santo Domingo .- El portal digital HerreraFarandula.net dirigido por la destacada periodista Francisca Jim\u00e9nez,se enorgullece<\/p>\n","protected":false},"author":4,"featured_media":0,"comment_status":"open","ping_status":"open","sticky":false,"template":"","format":"standard","meta":{"footnotes":""},"categories":[6],"tags":[],"class_list":["post-16881","post","type-post","status-publish","format-standard","hentry","category-espectaculos"],"_links":{"self":[{"href":"https:\/\/defrentealaverdad.com\/index.php\/wp-json\/wp\/v2\/posts\/16881","targetHints":{"allow":["GET"]}}],"collection":[{"href":"https:\/\/defrentealaverdad.com\/index.php\/wp-json\/wp\/v2\/posts"}],"about":[{"href":"https:\/\/defrentealaverdad.com\/index.php\/wp-json\/wp\/v2\/types\/post"}],"author":[{"embeddable":true,"href":"https:\/\/defrentealaverdad.com\/index.php\/wp-json\/wp\/v2\/users\/4"}],"replies":[{"embeddable":true,"href":"https:\/\/defrentealaverdad.com\/index.php\/wp-json\/wp\/v2\/comments?post=16881"}],"version-history":[{"count":1,"href":"https:\/\/defrentealaverdad.com\/index.php\/wp-json\/wp\/v2\/posts\/16881\/revisions"}],"predecessor-version":[{"id":16884,"href":"https:\/\/defrentealaverdad.com\/index.php\/wp-json\/wp\/v2\/posts\/16881\/revisions\/16884"}],"wp:attachment":[{"href":"https:\/\/defrentealaverdad.com\/index.php\/wp-json\/wp\/v2\/media?parent=16881"}],"wp:term":[{"taxonomy":"category","embeddable":true,"href":"https:\/\/defrentealaverdad.com\/index.php\/wp-json\/wp\/v2\/categories?post=16881"},{"taxonomy":"post_tag","embeddable":true,"href":"https:\/\/defrentealaverdad.com\/index.php\/wp-json\/wp\/v2\/tags?post=16881"}],"curies":[{"name":"wp","href":"https:\/\/api.w.org\/{rel}","templated":true}]}}