{"id":16874,"date":"2024-05-20T17:11:05","date_gmt":"2024-05-20T17:11:05","guid":{"rendered":"https:\/\/defrentealaverdad.com\/?p=16874"},"modified":"2024-05-22T17:15:43","modified_gmt":"2024-05-22T17:15:43","slug":"omar-fernandez-si-fuimos-aguerridos-en-la-batalla-ahora-nos-toca-ser-humildes-en-la-victoria","status":"publish","type":"post","link":"https:\/\/defrentealaverdad.com\/index.php\/2024\/05\/20\/omar-fernandez-si-fuimos-aguerridos-en-la-batalla-ahora-nos-toca-ser-humildes-en-la-victoria\/","title":{"rendered":"Omar Fern\u00e1ndez: \u00abSi fuimos aguerridos en la batalla, ahora nos toca ser humildes en la victoria\u00bb"},"content":{"rendered":"<div class=\"post-media post-featured-image\" style=\"text-align: justify;\"><a class=\"gallery-popup\" href=\"https:\/\/hoy.com.do\/wp-content\/uploads\/2024\/05\/OMAR-FERNANDEZ-728x485-1.webp?x13218\"><img decoding=\"async\" class=\"img-fluid img-cover lazy loaded\" src=\"https:\/\/hoy.com.do\/wp-content\/uploads\/2024\/05\/OMAR-FERNANDEZ-728x485-1.webp?x13218\" alt=\"Omar Fern\u00e1ndez: \u00abSi fuimos aguerridos en la batalla, ahora nos toca ser humildes en la victoria\u00bb\" data-src=\"https:\/\/hoy.com.do\/wp-content\/uploads\/2024\/05\/OMAR-FERNANDEZ-728x485-1.webp?x13218\" data-was-processed=\"true\" \/><\/a>Luego de 24 horas de espera por parte de la ciudadan\u00eda para conocer su parecer sobre la victoria en la senadur\u00eda del <strong>Distrito Nacional,\u00a0<\/strong>tras las elecciones presidenciales y congresuales del pasado domingo 19 de mayo, el virtualmente nuevo senador de esa demarcaci\u00f3n por el partido Fuerza del Pueblo,\u00a0<a href=\"https:\/\/www.instagram.com\/omarlfernandez\/?hl=es-la\" target=\"_blank\" rel=\"noopener\">Omar Fern\u00e1ndez<\/a>, habl\u00f3 al pa\u00eds este lunes en la noche.<\/p>\n<\/div>\n<div id=\"leercontexto\" class=\"entry-content\">\n<p style=\"text-align: justify;\">Omar, que actualmente se desempe\u00f1a como diputado, se refiri\u00f3 por primera vez en p\u00fablico al contundente<strong>\u00a056.20 % de los votos obtenidos en los pasados comicios contra Guillermo Moreno<\/strong>, del Partido Revolucionario Moderno (PRM), su principal opositor; contienda que gener\u00f3 gran expectativa en la naci\u00f3n, incluso por encima del nivel presidencial.<\/p>\n<div class=\"teads-inread\" style=\"text-align: justify;\">\n<div>\n<div id=\"teads0\" class=\"teads-player\">En un conciso discurso, y con el estilo comedido y reservado que le caracteriza, transmitido por varias plataformas digitales, canales de televisi\u00f3n y redes sociales, el reci\u00e9n electo senador del Distrito Nacional manifest\u00f3 que asume su nuevo compromiso con la naci\u00f3n con <strong>humildad\u00a0<\/strong>y sin pretenciones.<\/div>\n<\/div>\n<\/div>\n<p style=\"text-align: justify;\">\u00abSi fuimos aguerridos en la batalla, ahora nos toca ser humildes en la victoria\u00bb, asever\u00f3 Fern\u00e1ndez. \u00ab<strong>En contiendas tan dif\u00edciles como estas, las emociones nos invaden. Y son esos los momentos que podr\u00edan terminar nublando la raz\u00f3n, llev\u00e1ndonos a cometer errores. El enfoque ahora debe ser llamar a la unidad, porque todos somos capitale\u00f1os, pero m\u00e1s que eso, somos dominicanos<\/strong>\u00ab, a\u00f1adi\u00f3.<\/p>\n<p style=\"text-align: justify;\">En sus poco m\u00e1s de 600 palabras, el congresista aprovech\u00f3 el momento para saludar la participaci\u00f3n de aquellos que compitieron por la senadur\u00eda de la capital, y resalt\u00f3 las cosas positivas de la m\u00e1s reciente contienda electoral y la campa\u00f1a: \u00abLas diferentes propuestas de los candidatos que participaron.\u00a0<strong>Y es por eso que les anuncio que, si as\u00ed me lo permiten, estar\u00e9 asumiendo lo mejor de sus iniciativas para desarrollarlas en el Senado.\u00a0<\/strong>Porque de lo que se trata es de integrar, de sumar y hacer lo que m\u00e1s convenga a todos los dominicanos\u00bb, dijo.<\/p>\n<p style=\"text-align: justify;\">Fern\u00e1ndez agradeci\u00f3 a todos los que depositaron su voto de confianza en \u00e9l, as\u00ed como los partidos aliados.<\/p>\n<h2 class=\"wp-block-heading\" style=\"text-align: justify;\">Los dem\u00e1s resultados<\/h2>\n<p style=\"text-align: justify;\">Guillermo Moreno, del Partido\u00a0<strong>Alianza Pa\u00eds<\/strong>\u00a0y sus aliados, obtuvo el 39.77% de los sufragios, mientras que Vinicio Castillo, de la Fuerza Nacional Progresista y sus aliados, alcanz\u00f3 un 1.70% de los votos.<\/p>\n<figure class=\"wp-block-image\" style=\"text-align: justify;\"><img decoding=\"async\" class=\"wp-image-2783086 lazy loaded\" src=\"https:\/\/hoy.com.do\/wp-content\/uploads\/2024\/05\/12-5.jpg?x13218&amp;x13218\" sizes=\"(max-width: 856px) 100vw, 856px\" srcset=\"https:\/\/hoy.com.do\/wp-content\/uploads\/2024\/05\/12-5.jpg 856w, https:\/\/hoy.com.do\/wp-content\/uploads\/2024\/05\/12-5-300x113.jpg 300w\" alt=\"12 5\" width=\"856\" height=\"323\" data-src=\"https:\/\/hoy.com.do\/wp-content\/uploads\/2024\/05\/12-5.jpg?x13218&amp;x13218\" data-srcset=\"https:\/\/hoy.com.do\/wp-content\/uploads\/2024\/05\/12-5.jpg 856w, https:\/\/hoy.com.do\/wp-content\/uploads\/2024\/05\/12-5-300x113.jpg 300w\" data-sizes=\"(max-width: 856px) 100vw, 856px\" data-was-processed=\"true\" \/><\/figure>\n<p style=\"text-align: justify;\">El conteo de votos casi ha finalizado, con un 99.63% de las mesas electorales computadas. Hasta el momento, se han registrado 460,882 votos emitidos, de los cuales 453,116 fueron v\u00e1lidos y 7,595 resultaron nulos.<\/p>\n<\/div>\n<p>Fuente: Peri\u00f3dico Hoy<\/p>\n","protected":false},"excerpt":{"rendered":"<p>Luego de 24 horas de espera por parte de la ciudadan\u00eda para conocer su parecer<\/p>\n","protected":false},"author":1,"featured_media":0,"comment_status":"open","ping_status":"open","sticky":false,"template":"","format":"standard","meta":{"footnotes":""},"categories":[12],"tags":[],"class_list":["post-16874","post","type-post","status-publish","format-standard","hentry","category-politicas"],"_links":{"self":[{"href":"https:\/\/defrentealaverdad.com\/index.php\/wp-json\/wp\/v2\/posts\/16874","targetHints":{"allow":["GET"]}}],"collection":[{"href":"https:\/\/defrentealaverdad.com\/index.php\/wp-json\/wp\/v2\/posts"}],"about":[{"href":"https:\/\/defrentealaverdad.com\/index.php\/wp-json\/wp\/v2\/types\/post"}],"author":[{"embeddable":true,"href":"https:\/\/defrentealaverdad.com\/index.php\/wp-json\/wp\/v2\/users\/1"}],"replies":[{"embeddable":true,"href":"https:\/\/defrentealaverdad.com\/index.php\/wp-json\/wp\/v2\/comments?post=16874"}],"version-history":[{"count":1,"href":"https:\/\/defrentealaverdad.com\/index.php\/wp-json\/wp\/v2\/posts\/16874\/revisions"}],"predecessor-version":[{"id":16875,"href":"https:\/\/defrentealaverdad.com\/index.php\/wp-json\/wp\/v2\/posts\/16874\/revisions\/16875"}],"wp:attachment":[{"href":"https:\/\/defrentealaverdad.com\/index.php\/wp-json\/wp\/v2\/media?parent=16874"}],"wp:term":[{"taxonomy":"category","embeddable":true,"href":"https:\/\/defrentealaverdad.com\/index.php\/wp-json\/wp\/v2\/categories?post=16874"},{"taxonomy":"post_tag","embeddable":true,"href":"https:\/\/defrentealaverdad.com\/index.php\/wp-json\/wp\/v2\/tags?post=16874"}],"curies":[{"name":"wp","href":"https:\/\/api.w.org\/{rel}","templated":true}]}}