{"id":16849,"date":"2024-05-22T12:23:56","date_gmt":"2024-05-22T12:23:56","guid":{"rendered":"https:\/\/defrentealaverdad.com\/?p=16849"},"modified":"2024-05-22T12:23:56","modified_gmt":"2024-05-22T12:23:56","slug":"poderosa-vaguada-causara-inundaciones-desbordamientos-de-rios-y-canadas-desde-esta-madrugada","status":"publish","type":"post","link":"https:\/\/defrentealaverdad.com\/index.php\/2024\/05\/22\/poderosa-vaguada-causara-inundaciones-desbordamientos-de-rios-y-canadas-desde-esta-madrugada\/","title":{"rendered":"Poderosa vaguada causar\u00e1 inundaciones, desbordamientos de r\u00edos y ca\u00f1adas desde esta madrugada"},"content":{"rendered":"<header id=\"mvp-post-head\" class=\"left relative\">\n<div class=\"mvp-author-info-wrap left relative\">\n<div class=\"mvp-author-info-text left relative\">\n<div class=\"mvp-author-info-name left relative\" style=\"text-align: justify;\"><\/div>\n<\/div>\n<\/div>\n<\/header>\n<div id=\"mvp-post-content\" class=\"left relative\">\n<div id=\"mvp-post-feat-img\" class=\"left relative mvp-post-feat-img-wide2\" style=\"text-align: justify;\"><img decoding=\"async\" class=\"attachment- size- wp-post-image cwvlazyload aligncenter\" data-src=\"https:\/\/www.ultimasnoticias.com.do\/wp-content\/uploads\/2024\/05\/Captura-de-pantalla-2024-05-21-a-las-7.02.32-p.-m.png\" data-sizes=\"(max-width: 1396px) 100vw, 1396px\" data-srcset=\"https:\/\/i0.wp.com\/www.ultimasnoticias.com.do\/wp-content\/uploads\/2024\/05\/Captura-de-pantalla-2024-05-21-a-las-7.02.32-p.-m.png?w=1396&amp;ssl=1 1396w, https:\/\/i0.wp.com\/www.ultimasnoticias.com.do\/wp-content\/uploads\/2024\/05\/Captura-de-pantalla-2024-05-21-a-las-7.02.32-p.-m.png?resize=300%2C219&amp;ssl=1 300w, https:\/\/i0.wp.com\/www.ultimasnoticias.com.do\/wp-content\/uploads\/2024\/05\/Captura-de-pantalla-2024-05-21-a-las-7.02.32-p.-m.png?resize=1024%2C748&amp;ssl=1 1024w, https:\/\/i0.wp.com\/www.ultimasnoticias.com.do\/wp-content\/uploads\/2024\/05\/Captura-de-pantalla-2024-05-21-a-las-7.02.32-p.-m.png?resize=768%2C561&amp;ssl=1 768w\" alt=\"\" width=\"1396\" height=\"1020\" src=\"data:image\/svg+xml;base64,PHN2ZyB3aWR0aD0iMSIgaGVpZ2h0PSIxIiB4bWxucz0iaHR0cDovL3d3dy53My5vcmcvMjAwMC9zdmciPjwvc3ZnPg==\" style=\"--smush-placeholder-width: 1396px; --smush-placeholder-aspect-ratio: 1396\/1020;\" \/><\/div>\n<div id=\"mvp-content-wrap\" class=\"left relative\">\n<div id=\"mvp-content-body\" class=\"left relative\">\n<div id=\"mvp-content-body-top\" class=\"left relative\">\n<div id=\"mvp-content-main\" class=\"left relative\">\n<p style=\"text-align: justify;\">Santo Domingo.- La Oficina Nacional de Meteorolog\u00eda (ONAMET) inform\u00f3 esta tarde que desde de la madrugada de este mi\u00e9rcoles la profunda vaguada y la circulaci\u00f3n de baja presi\u00f3n al suroeste del pa\u00eds afectar\u00e1n el\u00a0territorio dominicano con un incremento importante en las precipitaciones que podr\u00edan ser moderadas a fuertes e incluso torrenciales, con tormentas el\u00e9ctricas y r\u00e1fagas de viento.<\/p>\n<p style=\"text-align: justify;\">Dijo que las lluvias podr\u00edan provocar inundaciones, desbordamientos de r\u00edos, arroyos y ca\u00f1adas, especialmente hacia Pedernales, Barahona, Azua, Peravia, San Crist\u00f3bal, San Jos\u00e9 de Ocoa, el Gran Santo Domingo y el Distrito Nacional, entre otros municipios de provincias del litoral caribe\u00f1o y extendi\u00e9ndose a la Cordillera Central, norte y noreste, durante el desarrollo del d\u00eda y la noche.<\/p>\n<p style=\"text-align: justify;\">\u201cEste Centro Nacional de Pron\u00f3sticos de la ONAMET, mantiene el nivel de Alerta Meteorol\u00f3gico para 11 provincias, debido a las precipitaciones pronosticadas para las pr\u00f3ximas 24 a 48 horas, ante posibles crecidas de r\u00edos, arroyos y ca\u00f1adas, inundaciones urbanas, as\u00ed como, posibles deslizamientos de tierra\u201d, expres\u00f3 en su \u00faltimo bolet\u00edn.<\/p>\n<p style=\"text-align: justify;\">Resalta asimismo, que la vaguada continuar\u00e1 generando precipitaciones de distintas intensidades con tormentas el\u00e9ctricas y r\u00e1fagas de viento, principalmente sobre las provincias ubicadas en el litoral caribe\u00f1o, (incluyendo el Gran Santo Domingo y el Distrito Nacional). As\u00ed como, la regi\u00f3n noroeste, noreste, cordillera central y la zona fronteriza.<\/p>\n<div class=\"sharedaddy sd-sharing-enabled\">Fuente: ONAMET<\/div>\n<\/div>\n<\/div>\n<\/div>\n<\/div>\n<\/div>\n","protected":false},"excerpt":{"rendered":"<p>Santo Domingo.- La Oficina Nacional de Meteorolog\u00eda (ONAMET) inform\u00f3 esta tarde que desde de la<\/p>\n","protected":false},"author":1,"featured_media":0,"comment_status":"open","ping_status":"open","sticky":false,"template":"","format":"standard","meta":{"footnotes":""},"categories":[7],"tags":[],"class_list":["post-16849","post","type-post","status-publish","format-standard","hentry","category-nacionales"],"_links":{"self":[{"href":"https:\/\/defrentealaverdad.com\/index.php\/wp-json\/wp\/v2\/posts\/16849","targetHints":{"allow":["GET"]}}],"collection":[{"href":"https:\/\/defrentealaverdad.com\/index.php\/wp-json\/wp\/v2\/posts"}],"about":[{"href":"https:\/\/defrentealaverdad.com\/index.php\/wp-json\/wp\/v2\/types\/post"}],"author":[{"embeddable":true,"href":"https:\/\/defrentealaverdad.com\/index.php\/wp-json\/wp\/v2\/users\/1"}],"replies":[{"embeddable":true,"href":"https:\/\/defrentealaverdad.com\/index.php\/wp-json\/wp\/v2\/comments?post=16849"}],"version-history":[{"count":1,"href":"https:\/\/defrentealaverdad.com\/index.php\/wp-json\/wp\/v2\/posts\/16849\/revisions"}],"predecessor-version":[{"id":16850,"href":"https:\/\/defrentealaverdad.com\/index.php\/wp-json\/wp\/v2\/posts\/16849\/revisions\/16850"}],"wp:attachment":[{"href":"https:\/\/defrentealaverdad.com\/index.php\/wp-json\/wp\/v2\/media?parent=16849"}],"wp:term":[{"taxonomy":"category","embeddable":true,"href":"https:\/\/defrentealaverdad.com\/index.php\/wp-json\/wp\/v2\/categories?post=16849"},{"taxonomy":"post_tag","embeddable":true,"href":"https:\/\/defrentealaverdad.com\/index.php\/wp-json\/wp\/v2\/tags?post=16849"}],"curies":[{"name":"wp","href":"https:\/\/api.w.org\/{rel}","templated":true}]}}