{"id":16819,"date":"2024-05-21T23:50:23","date_gmt":"2024-05-21T23:50:23","guid":{"rendered":"https:\/\/defrentealaverdad.com\/?p=16819"},"modified":"2024-05-21T23:50:23","modified_gmt":"2024-05-21T23:50:23","slug":"movimiento-juventud-sana-agradece-a-los-municipes-de-sdo-por-su-voto-de-confianza","status":"publish","type":"post","link":"https:\/\/defrentealaverdad.com\/index.php\/2024\/05\/21\/movimiento-juventud-sana-agradece-a-los-municipes-de-sdo-por-su-voto-de-confianza\/","title":{"rendered":"Movimiento Juventud Sana Agradece a los Mun\u00edcipes de SDO por su Voto de Confianza"},"content":{"rendered":"<p style=\"text-align: justify;\"><img decoding=\"async\" class=\"size-medium wp-image-16820 alignleft lazyload\" data-src=\"https:\/\/defrentealaverdad.com\/wp-content\/uploads\/2024\/05\/IMG-20240521-WA0156-300x169.jpg\" alt=\"\" width=\"300\" height=\"169\" data-srcset=\"https:\/\/defrentealaverdad.com\/wp-content\/uploads\/2024\/05\/IMG-20240521-WA0156-300x169.jpg 300w, https:\/\/defrentealaverdad.com\/wp-content\/uploads\/2024\/05\/IMG-20240521-WA0156-1024x576.jpg 1024w, https:\/\/defrentealaverdad.com\/wp-content\/uploads\/2024\/05\/IMG-20240521-WA0156-768x432.jpg 768w, https:\/\/defrentealaverdad.com\/wp-content\/uploads\/2024\/05\/IMG-20240521-WA0156-800x450.jpg 800w, https:\/\/defrentealaverdad.com\/wp-content\/uploads\/2024\/05\/IMG-20240521-WA0156.jpg 1280w\" data-sizes=\"(max-width: 300px) 100vw, 300px\" src=\"data:image\/svg+xml;base64,PHN2ZyB3aWR0aD0iMSIgaGVpZ2h0PSIxIiB4bWxucz0iaHR0cDovL3d3dy53My5vcmcvMjAwMC9zdmciPjwvc3ZnPg==\" style=\"--smush-placeholder-width: 300px; --smush-placeholder-aspect-ratio: 300\/169;\" \/> Santo Domingo Oeste\u2013 Los integrantes del Movimiento Juventud Sana expresan su m\u00e1s sincero agradecimiento a todos los mun\u00edcipes de Santo Domingo Oeste por su participaci\u00f3n activa y su voto de confianza, que han permitido lograr un hist\u00f3rico triunfo en el Partido Revolucionario Moderno (PRM).<\/p>\n<p style=\"text-align: justify;\">El partido oficialista y sus aliados han marcado un hito en la historia electoral de la provincia, al ganar la senadur\u00eda y los cinco puestos de diputado. Este logro es especialmente significativo con la elecci\u00f3n de Antonio Taveras, quien obtuvo 477,232 votos, equivalentes al 54.19% en la boleta senatorial.<\/p>\n<p style=\"text-align: justify;\">Los representantes del PRM que ir\u00e1n a legislar a la C\u00e1mara de Diputados son:<\/p>\n<ul style=\"text-align: justify;\">\n<li>Leivy Bautista, con 25,676 votos.<\/li>\n<li>Indhira de Jes\u00fas de Mora, con 14,831 votos.<\/li>\n<li>F\u00e9lix Manuel Encarnaci\u00f3n Montero, con 8,158 votos.<\/li>\n<li>Ignacio Aracena, con 6,743 votos.<\/li>\n<li>Miguel Alberto Bogaert, con 6,784 votos.<\/li>\n<\/ul>\n<p style=\"text-align: justify;\">En Santo Domingo Oeste, el PRM se ha consolidado como un pilar fundamental para continuar con los objetivos esenciales del partido. Este triunfo refuerza el compromiso del Movimiento Juventud Sana y del PRM con la comunidad, trabajando incansablemente para representar y mejorar la calidad de vida de sus ciudadanos.<\/p>\n<p style=\"text-align: justify;\"><img decoding=\"async\" class=\"size-medium wp-image-16821 alignright lazyload\" data-src=\"https:\/\/defrentealaverdad.com\/wp-content\/uploads\/2024\/05\/IMG-20240521-WA0155-300x215.jpg\" alt=\"\" width=\"300\" height=\"215\" data-srcset=\"https:\/\/defrentealaverdad.com\/wp-content\/uploads\/2024\/05\/IMG-20240521-WA0155-300x215.jpg 300w, https:\/\/defrentealaverdad.com\/wp-content\/uploads\/2024\/05\/IMG-20240521-WA0155-1024x735.jpg 1024w, https:\/\/defrentealaverdad.com\/wp-content\/uploads\/2024\/05\/IMG-20240521-WA0155-768x551.jpg 768w, https:\/\/defrentealaverdad.com\/wp-content\/uploads\/2024\/05\/IMG-20240521-WA0155.jpg 1242w\" data-sizes=\"(max-width: 300px) 100vw, 300px\" src=\"data:image\/svg+xml;base64,PHN2ZyB3aWR0aD0iMSIgaGVpZ2h0PSIxIiB4bWxucz0iaHR0cDovL3d3dy53My5vcmcvMjAwMC9zdmciPjwvc3ZnPg==\" style=\"--smush-placeholder-width: 300px; --smush-placeholder-aspect-ratio: 300\/215;\" \/><\/p>\n<p style=\"text-align: justify;\">El Movimiento Juventud Sana agradece profundamente a todos los votantes y promete seguir trabajando con dedicaci\u00f3n y transparencia para cumplir con las expectativas y necesidades de la poblaci\u00f3n de Santo Domingo Oeste.<\/p>\n<p>Fuente: Movimiento Juventud Sana<\/p>\n","protected":false},"excerpt":{"rendered":"<p>Santo Domingo Oeste\u2013 Los integrantes del Movimiento Juventud Sana expresan su m\u00e1s sincero agradecimiento a<\/p>\n","protected":false},"author":1,"featured_media":0,"comment_status":"open","ping_status":"open","sticky":false,"template":"","format":"standard","meta":{"footnotes":""},"categories":[12],"tags":[],"class_list":["post-16819","post","type-post","status-publish","format-standard","hentry","category-politicas"],"_links":{"self":[{"href":"https:\/\/defrentealaverdad.com\/index.php\/wp-json\/wp\/v2\/posts\/16819","targetHints":{"allow":["GET"]}}],"collection":[{"href":"https:\/\/defrentealaverdad.com\/index.php\/wp-json\/wp\/v2\/posts"}],"about":[{"href":"https:\/\/defrentealaverdad.com\/index.php\/wp-json\/wp\/v2\/types\/post"}],"author":[{"embeddable":true,"href":"https:\/\/defrentealaverdad.com\/index.php\/wp-json\/wp\/v2\/users\/1"}],"replies":[{"embeddable":true,"href":"https:\/\/defrentealaverdad.com\/index.php\/wp-json\/wp\/v2\/comments?post=16819"}],"version-history":[{"count":1,"href":"https:\/\/defrentealaverdad.com\/index.php\/wp-json\/wp\/v2\/posts\/16819\/revisions"}],"predecessor-version":[{"id":16822,"href":"https:\/\/defrentealaverdad.com\/index.php\/wp-json\/wp\/v2\/posts\/16819\/revisions\/16822"}],"wp:attachment":[{"href":"https:\/\/defrentealaverdad.com\/index.php\/wp-json\/wp\/v2\/media?parent=16819"}],"wp:term":[{"taxonomy":"category","embeddable":true,"href":"https:\/\/defrentealaverdad.com\/index.php\/wp-json\/wp\/v2\/categories?post=16819"},{"taxonomy":"post_tag","embeddable":true,"href":"https:\/\/defrentealaverdad.com\/index.php\/wp-json\/wp\/v2\/tags?post=16819"}],"curies":[{"name":"wp","href":"https:\/\/api.w.org\/{rel}","templated":true}]}}