{"id":16816,"date":"2024-05-21T23:47:50","date_gmt":"2024-05-21T23:47:50","guid":{"rendered":"https:\/\/defrentealaverdad.com\/?p=16816"},"modified":"2024-05-21T23:47:50","modified_gmt":"2024-05-21T23:47:50","slug":"altanto-tv-se-posiciona-en-los-primeros-lugares-de-streaming-en-youtube-el-dia-de-la-elecciones","status":"publish","type":"post","link":"https:\/\/defrentealaverdad.com\/index.php\/2024\/05\/21\/altanto-tv-se-posiciona-en-los-primeros-lugares-de-streaming-en-youtube-el-dia-de-la-elecciones\/","title":{"rendered":"Altanto TV se posiciona en los primeros lugares de streaming en youtube el d\u00eda de la elecciones"},"content":{"rendered":"<p style=\"text-align: justify;\">EL equipo de Altanto TV se enorgullece en anunciar el \u00e9xito rotundo de la transmisi\u00f3n de las Elecciones Presidenciales y Congresuales, que logr\u00f3 conectar 611,000 visualizaciones en tan solo 9 horas de cobertura continua.<\/p>\n<p style=\"text-align: justify;\"><img decoding=\"async\" class=\"size-medium wp-image-16817 alignright lazyload\" data-src=\"https:\/\/defrentealaverdad.com\/wp-content\/uploads\/2024\/05\/IMG-20240521-WA0154-300x200.jpg\" alt=\"\" width=\"300\" height=\"200\" data-srcset=\"https:\/\/defrentealaverdad.com\/wp-content\/uploads\/2024\/05\/IMG-20240521-WA0154-300x200.jpg 300w, https:\/\/defrentealaverdad.com\/wp-content\/uploads\/2024\/05\/IMG-20240521-WA0154-1024x682.jpg 1024w, https:\/\/defrentealaverdad.com\/wp-content\/uploads\/2024\/05\/IMG-20240521-WA0154-768x512.jpg 768w, https:\/\/defrentealaverdad.com\/wp-content\/uploads\/2024\/05\/IMG-20240521-WA0154.jpg 1280w\" data-sizes=\"(max-width: 300px) 100vw, 300px\" src=\"data:image\/svg+xml;base64,PHN2ZyB3aWR0aD0iMSIgaGVpZ2h0PSIxIiB4bWxucz0iaHR0cDovL3d3dy53My5vcmcvMjAwMC9zdmciPjwvc3ZnPg==\" style=\"--smush-placeholder-width: 300px; --smush-placeholder-aspect-ratio: 300\/200;\" \/><\/p>\n<p style=\"text-align: justify;\">Dicha transmisi\u00f3n que inici\u00f3 a las 2:00 p.m. del domingo estuvo cargada de todas las incidencias de las elecciones a nivel nacional e internacional con corresponsales en Chile, Espa\u00f1a y Estados Unidos, adem\u00e1s de un amplio despliegue en diversas provincias del pa\u00eds.<\/p>\n<p style=\"text-align: justify;\">\n<p style=\"text-align: justify;\">Dentro de los canales l\u00edderes tambien figuran Noticias SIN con 963 mil visualizaciones, en segundo lugar Telemicro con 749 mil, al tanto se posiciona en tercer lugar reuniendo m\u00e1s de 611 mil personas. El canal de YouTube de Altanto TV, que cuenta con 413,000 suscriptores, se sit\u00f9a como una fuente confiable de informaci\u00f3n durante las elecciones. Entre los talentos que participaron en la cobertura se encuentran su CEO Colombia Alc\u00e1ntara, Iv\u00e1n Yael vicepresidente, el periodista Vargavila River\u00f3n quien report\u00f3 directamente desde la provincia Dajab\u00f3n. Tambi\u00e9n estuvieron presentes la m\u00e9dico psiquiatra Alexandra Hichez, la comunicadora Yamell Castro, el experto en temas internacionales Nelson Vald\u00e9z, la psicopedagoga Juana N\u00fa\u00f1ez, el comunicador Nicol\u00e1s Bamb\u00e1n y la comunicadora Alba Mart\u00ednez.<\/p>\n<p style=\"text-align: justify;\">Colombia Alc\u00e1ntara expres\u00f3 su agradecimiento a Dios y a todo el equipo por el trabajo impecable realizado durante el d\u00eda de la transmisi\u00f3n, destacando que no hubo interrupciones. Alc\u00e1ntara tambi\u00e9n resalt\u00f3 la labor de los productores Melvin Perdomo y Osvaldo R\u00edos, cuyo esfuerzo fue fundamental para el \u00e9xito de la cobertura.<\/p>\n<p style=\"text-align: justify;\">Altanto TV contin\u00faa comprometido con ofrecer contenido de calidad y cobertura en tiempo real de eventos cruciales para la naci\u00f3n, consolid\u00e1ndose como un referente en el \u00e1mbito informativo.<\/p>\n<p>Fuente: Altanto TV<\/p>\n","protected":false},"excerpt":{"rendered":"<p>EL equipo de Altanto TV se enorgullece en anunciar el \u00e9xito rotundo de la transmisi\u00f3n<\/p>\n","protected":false},"author":4,"featured_media":0,"comment_status":"open","ping_status":"open","sticky":false,"template":"","format":"standard","meta":{"footnotes":""},"categories":[6],"tags":[],"class_list":["post-16816","post","type-post","status-publish","format-standard","hentry","category-espectaculos"],"_links":{"self":[{"href":"https:\/\/defrentealaverdad.com\/index.php\/wp-json\/wp\/v2\/posts\/16816","targetHints":{"allow":["GET"]}}],"collection":[{"href":"https:\/\/defrentealaverdad.com\/index.php\/wp-json\/wp\/v2\/posts"}],"about":[{"href":"https:\/\/defrentealaverdad.com\/index.php\/wp-json\/wp\/v2\/types\/post"}],"author":[{"embeddable":true,"href":"https:\/\/defrentealaverdad.com\/index.php\/wp-json\/wp\/v2\/users\/4"}],"replies":[{"embeddable":true,"href":"https:\/\/defrentealaverdad.com\/index.php\/wp-json\/wp\/v2\/comments?post=16816"}],"version-history":[{"count":1,"href":"https:\/\/defrentealaverdad.com\/index.php\/wp-json\/wp\/v2\/posts\/16816\/revisions"}],"predecessor-version":[{"id":16818,"href":"https:\/\/defrentealaverdad.com\/index.php\/wp-json\/wp\/v2\/posts\/16816\/revisions\/16818"}],"wp:attachment":[{"href":"https:\/\/defrentealaverdad.com\/index.php\/wp-json\/wp\/v2\/media?parent=16816"}],"wp:term":[{"taxonomy":"category","embeddable":true,"href":"https:\/\/defrentealaverdad.com\/index.php\/wp-json\/wp\/v2\/categories?post=16816"},{"taxonomy":"post_tag","embeddable":true,"href":"https:\/\/defrentealaverdad.com\/index.php\/wp-json\/wp\/v2\/tags?post=16816"}],"curies":[{"name":"wp","href":"https:\/\/api.w.org\/{rel}","templated":true}]}}