{"id":16802,"date":"2024-05-21T23:38:55","date_gmt":"2024-05-21T23:38:55","guid":{"rendered":"https:\/\/defrentealaverdad.com\/?p=16802"},"modified":"2024-05-21T23:38:55","modified_gmt":"2024-05-21T23:38:55","slug":"funcionarios-de-eeuu-conocen-nueva-tecnologia-del-911","status":"publish","type":"post","link":"https:\/\/defrentealaverdad.com\/index.php\/2024\/05\/21\/funcionarios-de-eeuu-conocen-nueva-tecnologia-del-911\/","title":{"rendered":"Funcionarios de EEUU conocen nueva tecnolog\u00eda del 911"},"content":{"rendered":"<blockquote>\n<p style=\"text-align: justify;\">Rijo G\u00f3mez expuso las avanzadas capacidades del 911, que incluyen localizaci\u00f3n geogr\u00e1fica precisa e integraci\u00f3n con diversas plataformas tecnol\u00f3gicas.<\/p>\n<\/blockquote>\n<p style=\"text-align: justify;\">Santiago de los Caballeros. En un encuentro significativo para el Sistema Nacional de Atenci\u00f3n a Emergencias y Seguridad 911, el director ejecutivo, coronel piloto, Randolfo Rijo G\u00f3mez, ERD, dio a conocer a funcionarios de la Embajada de Estados Unidos la innovadora tecnolog\u00eda de la instituci\u00f3n, dise\u00f1ada para mejorar la gesti\u00f3n y respuesta ante emergencias.<\/p>\n<p style=\"text-align: justify;\"><img decoding=\"async\" class=\"size-medium wp-image-16803 alignleft lazyload\" data-src=\"https:\/\/defrentealaverdad.com\/wp-content\/uploads\/2024\/05\/IMG-20240521-WA0126-300x200.jpg\" alt=\"\" width=\"300\" height=\"200\" data-srcset=\"https:\/\/defrentealaverdad.com\/wp-content\/uploads\/2024\/05\/IMG-20240521-WA0126-300x200.jpg 300w, https:\/\/defrentealaverdad.com\/wp-content\/uploads\/2024\/05\/IMG-20240521-WA0126-1024x682.jpg 1024w, https:\/\/defrentealaverdad.com\/wp-content\/uploads\/2024\/05\/IMG-20240521-WA0126-768x512.jpg 768w, https:\/\/defrentealaverdad.com\/wp-content\/uploads\/2024\/05\/IMG-20240521-WA0126-1536x1024.jpg 1536w, https:\/\/defrentealaverdad.com\/wp-content\/uploads\/2024\/05\/IMG-20240521-WA0126-2048x1365.jpg 2048w\" data-sizes=\"(max-width: 300px) 100vw, 300px\" src=\"data:image\/svg+xml;base64,PHN2ZyB3aWR0aD0iMSIgaGVpZ2h0PSIxIiB4bWxucz0iaHR0cDovL3d3dy53My5vcmcvMjAwMC9zdmciPjwvc3ZnPg==\" style=\"--smush-placeholder-width: 300px; --smush-placeholder-aspect-ratio: 300\/200;\" \/><\/p>\n<p style=\"text-align: justify;\">Durante la presentaci\u00f3n, Rijo G\u00f3mez expuso las avanzadas capacidades del 911, que incluyen localizaci\u00f3n geogr\u00e1fica precisa e integraci\u00f3n con diversas plataformas tecnol\u00f3gicas para optimizar la gesti\u00f3n de emergencias, logrando, por consiguiente, una toma de decisiones m\u00e1s r\u00e1pida y efectiva.<\/p>\n<blockquote>\n<p style=\"text-align: left;\">\u201cEstas nuevas tecnolog\u00edas representan un avance importante para nuestro sistema de emergencias, porque aparte de incrementar nuestra eficiencia, aumentar\u00e1n la seguridad para los ciudadanos y turistas en el pa\u00eds\u00bb, destac\u00f3 el director.<\/p>\n<\/blockquote>\n<p style=\"text-align: justify;\">Adicional a lo expuesto, present\u00f3 el reforzamiento de las capacidades de la Red de Videovigilancia y su contribuci\u00f3n a la seguridad ciudadana.<\/p>\n<p style=\"text-align: justify;\"><img decoding=\"async\" class=\"size-medium wp-image-16804 alignright lazyload\" data-src=\"https:\/\/defrentealaverdad.com\/wp-content\/uploads\/2024\/05\/IMG-20240521-WA0125-300x200.jpg\" alt=\"\" width=\"300\" height=\"200\" data-srcset=\"https:\/\/defrentealaverdad.com\/wp-content\/uploads\/2024\/05\/IMG-20240521-WA0125-300x200.jpg 300w, https:\/\/defrentealaverdad.com\/wp-content\/uploads\/2024\/05\/IMG-20240521-WA0125-1024x682.jpg 1024w, https:\/\/defrentealaverdad.com\/wp-content\/uploads\/2024\/05\/IMG-20240521-WA0125-768x512.jpg 768w, https:\/\/defrentealaverdad.com\/wp-content\/uploads\/2024\/05\/IMG-20240521-WA0125-1536x1024.jpg 1536w, https:\/\/defrentealaverdad.com\/wp-content\/uploads\/2024\/05\/IMG-20240521-WA0125-2048x1365.jpg 2048w\" data-sizes=\"(max-width: 300px) 100vw, 300px\" src=\"data:image\/svg+xml;base64,PHN2ZyB3aWR0aD0iMSIgaGVpZ2h0PSIxIiB4bWxucz0iaHR0cDovL3d3dy53My5vcmcvMjAwMC9zdmciPjwvc3ZnPg==\" style=\"--smush-placeholder-width: 300px; --smush-placeholder-aspect-ratio: 300\/200;\" \/><\/p>\n<p style=\"text-align: justify;\">Rijo G\u00f3mez tambi\u00e9n destac\u00f3 el apoyo brindado por la Embajada de los EEUU, a trav\u00e9s de su oficina International Narcotics and Law (INL), en el proceso de modernizaci\u00f3n en el que se encuentra sumergido el Sistema 911 para la actualizaci\u00f3n de sus plataformas tecnol\u00f3gicas.<\/p>\n<p style=\"text-align: justify;\">La comisi\u00f3n de la Embajada de EEUU estuvo compuesta por Katherine Suplick, c\u00f3nsul encargada de la Unidad de Servicios a Ciudadanos Americanos (ACS), y Elaine Guti\u00e9rrez, supervisora de Servicios Especiales y de Emergencia de la Unidad de Servicios a Ciudadanos Americanos (ACS), quienes tuvieron la oportunidad de conocer de cerca el modelo operacional y entender c\u00f3mo se integrar\u00e1n las nuevas tecnolog\u00edas a las operaciones diarias del 911.<\/p>\n<p style=\"text-align: justify;\">El evento se llev\u00f3 a cabo en la sede Norte del 911, en Santiago de los Caballeros, y cont\u00f3 con la presencia del subdirector de la instituci\u00f3n, coronel piloto, Harold Jim\u00e9nez Polanco, ERD; el director regional, teniente coronel (DEM), Eddy P\u00e9rez Cede\u00f1o, ERD; y el director de Tecnolog\u00eda y Videovigilancia, Mart\u00edn Santana.<\/p>\n<p style=\"text-align: justify;\">Fuente: Direcci\u00f3n de Comunicaciones 911<\/p>\n","protected":false},"excerpt":{"rendered":"<p>Rijo G\u00f3mez expuso las avanzadas capacidades del 911, que incluyen localizaci\u00f3n geogr\u00e1fica precisa e integraci\u00f3n<\/p>\n","protected":false},"author":1,"featured_media":0,"comment_status":"open","ping_status":"open","sticky":false,"template":"","format":"standard","meta":{"footnotes":""},"categories":[7],"tags":[],"class_list":["post-16802","post","type-post","status-publish","format-standard","hentry","category-nacionales"],"_links":{"self":[{"href":"https:\/\/defrentealaverdad.com\/index.php\/wp-json\/wp\/v2\/posts\/16802","targetHints":{"allow":["GET"]}}],"collection":[{"href":"https:\/\/defrentealaverdad.com\/index.php\/wp-json\/wp\/v2\/posts"}],"about":[{"href":"https:\/\/defrentealaverdad.com\/index.php\/wp-json\/wp\/v2\/types\/post"}],"author":[{"embeddable":true,"href":"https:\/\/defrentealaverdad.com\/index.php\/wp-json\/wp\/v2\/users\/1"}],"replies":[{"embeddable":true,"href":"https:\/\/defrentealaverdad.com\/index.php\/wp-json\/wp\/v2\/comments?post=16802"}],"version-history":[{"count":1,"href":"https:\/\/defrentealaverdad.com\/index.php\/wp-json\/wp\/v2\/posts\/16802\/revisions"}],"predecessor-version":[{"id":16805,"href":"https:\/\/defrentealaverdad.com\/index.php\/wp-json\/wp\/v2\/posts\/16802\/revisions\/16805"}],"wp:attachment":[{"href":"https:\/\/defrentealaverdad.com\/index.php\/wp-json\/wp\/v2\/media?parent=16802"}],"wp:term":[{"taxonomy":"category","embeddable":true,"href":"https:\/\/defrentealaverdad.com\/index.php\/wp-json\/wp\/v2\/categories?post=16802"},{"taxonomy":"post_tag","embeddable":true,"href":"https:\/\/defrentealaverdad.com\/index.php\/wp-json\/wp\/v2\/tags?post=16802"}],"curies":[{"name":"wp","href":"https:\/\/api.w.org\/{rel}","templated":true}]}}