{"id":16791,"date":"2024-05-21T23:23:56","date_gmt":"2024-05-21T23:23:56","guid":{"rendered":"https:\/\/defrentealaverdad.com\/?p=16791"},"modified":"2024-05-21T23:29:20","modified_gmt":"2024-05-21T23:29:20","slug":"mesa-de-dialogo-felicita-al-pais-y-los-actores-politicos-por-el-exito-del-proceso-electoral","status":"publish","type":"post","link":"https:\/\/defrentealaverdad.com\/index.php\/2024\/05\/21\/mesa-de-dialogo-felicita-al-pais-y-los-actores-politicos-por-el-exito-del-proceso-electoral\/","title":{"rendered":"Mesa de Di\u00e1logo felicita al pa\u00eds y los actores pol\u00edticos por el \u00e9xito del proceso electoral"},"content":{"rendered":"<p style=\"text-align: justify;\"><img decoding=\"async\" class=\"size-medium wp-image-16793 alignleft lazyload\" data-src=\"https:\/\/defrentealaverdad.com\/wp-content\/uploads\/2024\/05\/IMG-20240521-WA0017-211x300.jpg\" alt=\"\" width=\"211\" height=\"300\" data-srcset=\"https:\/\/defrentealaverdad.com\/wp-content\/uploads\/2024\/05\/IMG-20240521-WA0017-211x300.jpg 211w, https:\/\/defrentealaverdad.com\/wp-content\/uploads\/2024\/05\/IMG-20240521-WA0017.jpg 691w\" data-sizes=\"(max-width: 211px) 100vw, 211px\" src=\"data:image\/svg+xml;base64,PHN2ZyB3aWR0aD0iMSIgaGVpZ2h0PSIxIiB4bWxucz0iaHR0cDovL3d3dy53My5vcmcvMjAwMC9zdmciPjwvc3ZnPg==\" style=\"--smush-placeholder-width: 211px; --smush-placeholder-aspect-ratio: 211\/300;\" \/>Santo Domingo, RD. &#8212; La Mesa de Di\u00e1logo y Representaci\u00f3n Cristiana se uni\u00f3 a las felicitaciones al pueblo dominicano y a los actores pol\u00edticos por el nivel de civismo demostrado durante el proceso electoral del pasado domingo.<\/p>\n<p style=\"text-align: justify;\">El obispo Reynaldo Franco Aquino, quien sirvi\u00f3 de vocero de la entidad religiosa expreso que,<\/p>\n<blockquote><p>\u201cRep\u00fablica Dominicana ha demostrado una vez m\u00e1s su compromiso con la democracia y el desarrollo, al culminar con \u00e9xito su m\u00e1s reciente proceso electoral lo cual nos llena de orgullo y alegr\u00eda felicitar a todos los involucrados en esta jornada hist\u00f3rica\u201d.<\/p><\/blockquote>\n<p style=\"text-align: justify;\">En ese sentido y de igual modo expres\u00f3 sus m\u00e1s sinceras felicitaciones a la Junta Central Electoral (JCE) por la labor ejemplar llevada a cabo en el proceso electoral presidencial y congresual de este domingo.<\/p>\n<p style=\"text-align: justify;\">Precis\u00f3 que la dedicaci\u00f3n, transparencia y eficiencia del organismo electoral han sido fundamentales para garantizar un proceso justo y ordenado, y el trabajo incansable y profesional de cada miembro de sus miembros es digno de admiraci\u00f3n y reconocimiento.<\/p>\n<blockquote>\n<p style=\"text-align: justify;\">\u201cA nombre de todos los concilios e instituciones miembros de esta entidad, expresan su reconocimiento a todos los partidos pol\u00edticos de oposici\u00f3n. Su participaci\u00f3n activa, respetuosa y constructiva ha sido crucial para fortalecer la democracia en nuestro pa\u00eds. A trav\u00e9s de su compromiso y esfuerzo, han contribuido a un proceso electoral plural y representativo.<\/p>\n<\/blockquote>\n<p style=\"text-align: justify;\">La felicitaci\u00f3n se hizo extensiva de manera particular Partido Revolucionario Moderno PRM, y el licenciado Luis Abinader Corona por su \u00e9xito en la contienda electoral, se\u00f1alando, que, <em>\u201cese triunfo refleja la voluntad del pueblo dominicano y marca el comienzo de una nueva etapa para nuestra naci\u00f3n. Les instamos a trabajar con integridad, transparencia y dedicaci\u00f3n para cumplir con las expectativas y necesidades de todos los ciudadanos\u201d<\/em>, expresa Franco Aquino.<\/p>\n<p style=\"text-align: justify;\"><img decoding=\"async\" class=\"size-medium wp-image-16794 alignright lazyload\" data-src=\"https:\/\/defrentealaverdad.com\/wp-content\/uploads\/2024\/05\/IMG-20240521-WA0016-1-300x200.jpg\" alt=\"\" width=\"300\" height=\"200\" data-srcset=\"https:\/\/defrentealaverdad.com\/wp-content\/uploads\/2024\/05\/IMG-20240521-WA0016-1-300x200.jpg 300w, https:\/\/defrentealaverdad.com\/wp-content\/uploads\/2024\/05\/IMG-20240521-WA0016-1-1024x683.jpg 1024w, https:\/\/defrentealaverdad.com\/wp-content\/uploads\/2024\/05\/IMG-20240521-WA0016-1-768x512.jpg 768w, https:\/\/defrentealaverdad.com\/wp-content\/uploads\/2024\/05\/IMG-20240521-WA0016-1-1536x1024.jpg 1536w, https:\/\/defrentealaverdad.com\/wp-content\/uploads\/2024\/05\/IMG-20240521-WA0016-1-2048x1365.jpg 2048w\" data-sizes=\"(max-width: 300px) 100vw, 300px\" src=\"data:image\/svg+xml;base64,PHN2ZyB3aWR0aD0iMSIgaGVpZ2h0PSIxIiB4bWxucz0iaHR0cDovL3d3dy53My5vcmcvMjAwMC9zdmciPjwvc3ZnPg==\" style=\"--smush-placeholder-width: 300px; --smush-placeholder-aspect-ratio: 300\/200;\" \/><\/p>\n<p style=\"text-align: justify;\">Destaca la Mesa de Di\u00e1logo el comportamiento c\u00edvico del pueblo dominicano y de todos los partidos pol\u00edticos. La participaci\u00f3n ordenada y pac\u00edfica de los ciudadanos es un testimonio del compromiso del pa\u00eds con la democracia y el respeto mutuo.<\/p>\n<p style=\"text-align: justify;\">Este comportamiento ejemplar es una se\u00f1al de la madurez pol\u00edtica y el sentido de responsabilidad de nuestra sociedad.<\/p>\n<blockquote>\n<p style=\"text-align: justify;\">\u201cEl \u00e9xito de este proceso electoral es una victoria para la democracia dominicana. Todos los actores involucrados, desde la JCE hasta cada partido pol\u00edtico y ciudadano, han jugado un papel esencial en este logro\u201d.<\/p>\n<\/blockquote>\n<p style=\"text-align: justify;\">Sigamos trabajando juntos, con el mismo esp\u00edritu de colaboraci\u00f3n y respeto, para construir un futuro pr\u00f3spero y justo para la Rep\u00fablica Dominicana.<\/p>\n<p style=\"text-align: justify;\">Concluy\u00f3, recordando la importancia de la paz y la unidad, pasados los comisios:<\/p>\n<blockquote><p>\u201cDespu\u00e9s de este proces eleccionario, es hora de bajar las tensiones del fragor de la euforia electoral. Instamos a todos los dominicanos y dominicanas a unirse en un esp\u00edritu de paz y colaboraci\u00f3n. Es momento de dejar atr\u00e1s las diferencias y trabajar juntos por el bienestar y progreso de nuestra amada Rep\u00fablica Dominicana<\/p><\/blockquote>\n<p style=\"text-align: justify;\">Fuente: Mesa de Di\u00e1logo y Representaci\u00f3n Cristiana<\/p>\n","protected":false},"excerpt":{"rendered":"<p>Santo Domingo, RD. &#8212; La Mesa de Di\u00e1logo y Representaci\u00f3n Cristiana se uni\u00f3 a las<\/p>\n","protected":false},"author":1,"featured_media":0,"comment_status":"open","ping_status":"open","sticky":false,"template":"","format":"standard","meta":{"footnotes":""},"categories":[7],"tags":[],"class_list":["post-16791","post","type-post","status-publish","format-standard","hentry","category-nacionales"],"_links":{"self":[{"href":"https:\/\/defrentealaverdad.com\/index.php\/wp-json\/wp\/v2\/posts\/16791","targetHints":{"allow":["GET"]}}],"collection":[{"href":"https:\/\/defrentealaverdad.com\/index.php\/wp-json\/wp\/v2\/posts"}],"about":[{"href":"https:\/\/defrentealaverdad.com\/index.php\/wp-json\/wp\/v2\/types\/post"}],"author":[{"embeddable":true,"href":"https:\/\/defrentealaverdad.com\/index.php\/wp-json\/wp\/v2\/users\/1"}],"replies":[{"embeddable":true,"href":"https:\/\/defrentealaverdad.com\/index.php\/wp-json\/wp\/v2\/comments?post=16791"}],"version-history":[{"count":4,"href":"https:\/\/defrentealaverdad.com\/index.php\/wp-json\/wp\/v2\/posts\/16791\/revisions"}],"predecessor-version":[{"id":16797,"href":"https:\/\/defrentealaverdad.com\/index.php\/wp-json\/wp\/v2\/posts\/16791\/revisions\/16797"}],"wp:attachment":[{"href":"https:\/\/defrentealaverdad.com\/index.php\/wp-json\/wp\/v2\/media?parent=16791"}],"wp:term":[{"taxonomy":"category","embeddable":true,"href":"https:\/\/defrentealaverdad.com\/index.php\/wp-json\/wp\/v2\/categories?post=16791"},{"taxonomy":"post_tag","embeddable":true,"href":"https:\/\/defrentealaverdad.com\/index.php\/wp-json\/wp\/v2\/tags?post=16791"}],"curies":[{"name":"wp","href":"https:\/\/api.w.org\/{rel}","templated":true}]}}