{"id":16771,"date":"2024-05-20T12:43:40","date_gmt":"2024-05-20T12:43:40","guid":{"rendered":"https:\/\/defrentealaverdad.com\/?p=16771"},"modified":"2024-05-21T12:46:28","modified_gmt":"2024-05-21T12:46:28","slug":"aseguran-que-un-primer-equipo-de-la-policia-keniana-ya-partio-hacia-haiti","status":"publish","type":"post","link":"https:\/\/defrentealaverdad.com\/index.php\/2024\/05\/20\/aseguran-que-un-primer-equipo-de-la-policia-keniana-ya-partio-hacia-haiti\/","title":{"rendered":"Aseguran que un primer equipo de la polic\u00eda keniana ya parti\u00f3 hacia Hait\u00ed"},"content":{"rendered":"<header class=\"xl:ml-12 xl:pl-1 lg:ml-10 lg:pl-0 md:ml-12 md:pl-1 mb-4\">\n<blockquote>\n<p class=\"text-2xl mb-2\"><em><span style=\"font-size: 16px;\">Este equipo tendr\u00eda como objetivo allanar el terreno para la llegada de unos 200 agentes en los pr\u00f3ximos d\u00edas<\/span><\/em><\/p>\n<p>&nbsp;<\/p><\/blockquote>\n<p class=\"text-2xl mb-2\" style=\"text-align: justify;\">Un primer grupo de <strong>polic\u00edas kenianos<\/strong>\u00a0parti\u00f3 el pasado s\u00e1bado en la noche hacia\u00a0<strong>Miami<\/strong>,\u00a0<strong>Florida<\/strong>\u00a0(EE.UU.), para luego dirigirse a la capital de Hait\u00ed, v\u00edspera de la llegada del\u00a0<strong>presidente<\/strong>\u00a0keniano William\u00a0<strong>Ruto<\/strong>\u00a0a territorio estadounidense y su\u00a0<strong>visita<\/strong>\u00a0oficial a la\u00a0<strong>Casa Blanca<\/strong>.<\/p>\n<p style=\"text-align: justify;\"><picture><img decoding=\"async\" class=\"mx-auto lazyload\" title=\"Aseguran que un primer equipo de la polic\u00eda keniana ya parti\u00f3 hacia Hait\u00ed\" data-src=\"https:\/\/resources.diariolibre.com\/images\/2024\/04\/26\/crisis-en-haiti.-kenia-comprometida-con-la-estabilidad-de-haiti-focus-0-0-896-504.jpg\" data-srcset=\"https:\/\/resources.diariolibre.com\/images\/2024\/04\/26\/crisis-en-haiti.-kenia-comprometida-con-la-estabilidad-de-haiti-focus-0-0-500-281.jpg 500w, https:\/\/resources.diariolibre.com\/images\/2024\/04\/26\/crisis-en-haiti.-kenia-comprometida-con-la-estabilidad-de-haiti-focus-0-0-546-307.jpg 800w, https:\/\/resources.diariolibre.com\/images\/2024\/04\/26\/crisis-en-haiti.-kenia-comprometida-con-la-estabilidad-de-haiti-focus-0-0-896-504.jpg 1200w\" alt=\"Aseguran que un primer equipo de la polic\u00eda keniana ya parti\u00f3 hacia Hait\u00ed\" width=\"100%\" height=\"307\" src=\"data:image\/svg+xml;base64,PHN2ZyB3aWR0aD0iMSIgaGVpZ2h0PSIxIiB4bWxucz0iaHR0cDovL3d3dy53My5vcmcvMjAwMC9zdmciPjwvc3ZnPg==\" \/><\/picture><\/p>\n<\/header>\n<div class=\"flex flex-wrap -ml-4 -mr-3 relative md:px-3 lg:px-0\">\n<div class=\"w-full xl:w-85\/12 md:w-75\/12 sm:w-full px-4 pb-12\">\n<div class=\"detail-body text-lg\">\n<p style=\"text-align: justify;\">As\u00ed lo ha informado la\u00a0<strong>prensa<\/strong>\u00a0<strong>haitiana<\/strong>, que agrega que este equipo estar\u00eda llegando, sin indicar el d\u00eda, al\u00a0<strong>Aeropuerto Internacional Toussaint Louverture en Puerto Pr\u00edncipe<\/strong>\u00a0para preparar el terreno para la llegada de un grupo m\u00e1s grande.<\/p>\n<p style=\"text-align: justify;\">La\u00a0<strong>prensa<\/strong>\u00a0internacional ya hab\u00eda indicado que la primera oleada de los\u00a0<strong>agentes<\/strong>\u00a0<strong>kenianos<\/strong>\u00a0coincidir\u00eda con la\u00a0<strong>visita<\/strong>\u00a0oficial de\u00a0<strong>Ruto<\/strong>\u00a0a Estados Unidos, que es el principal respaldo financiero y pol\u00edtico de esta Misi\u00f3n Multinacional de Apoyo a la Seguridad (MSS, por sus siglas en ingl\u00e9s).<\/p>\n<div id=\"dl_300x250_inread\" style=\"text-align: justify;\" data-google-query-id=\"CNCFxO7inoYDFSKOywEdui8GLw\">\n<div id=\"google_ads_iframe_\/1659553\/dl_300x250_inread_0__container__\">Este primer equipo que parti\u00f3 de\u00a0<strong>Kenia<\/strong>\u00a0est\u00e1 llamado a allanar el camino para el despliegue del primer grupo de unos 200\u00a0<strong>polic\u00edas<\/strong>\u00a0en los pr\u00f3ximos d\u00edas, seg\u00fan recogen medios internacionales citando a autoridades relacionadas con el despliegue de la misi\u00f3n.<\/div>\n<\/div>\n<p style=\"text-align: justify;\">De acuerdo con las informaciones, el primer equipo que sali\u00f3 de\u00a0<strong>Nairobi<\/strong>, capital del pa\u00eds africano, en \u00abuna operaci\u00f3n muy secreta\u00bb, estaba dirigido por\u00a0<strong>comandantes<\/strong>\u00a0de la polic\u00eda y algunos comandos.<\/p>\n<div id=\"dl_300x250_inread_2\" style=\"text-align: justify;\" data-google-query-id=\"CNGFxO7inoYDFSKOywEdui8GLw\">\n<div id=\"google_ads_iframe_\/1659553\/dl_300x250_inread_2_0__container__\">\n<div id=\"GenecyDFPAdParallaxerCont_138475896422\">\n<div>El domingo, el secretario principal de Asuntos Exteriores de Kenia, Korir Sing&#8217;oei, dijo que un plan para desplegar agentes de polic\u00eda del pa\u00eds del este de \u00c1frica estaba en las etapas finales.<\/div>\n<\/div>\n<\/div>\n<\/div>\n<blockquote><p>\u00abPuedo decirles con certeza que el despliegue ocurrir\u00e1 en los pr\u00f3ximos d\u00edas, algunas semanas\u00bb, dijo.<\/p><\/blockquote>\n<p style=\"text-align: justify;\">En marzo, Kenia y Hait\u00ed firmaron acuerdos para tratar de salvar un plan para que el pa\u00eds desplegara 1,000 polic\u00edas en la atribulada naci\u00f3n caribe\u00f1a. Otros pa\u00edses que se espera que respalden a las fuerzas kenianas son Bahamas, Barbados, Ben\u00edn, Chad y Bangladesh. No estaba claro de inmediato cu\u00e1ndo llegar\u00edan.<\/p>\n<div id=\"dl_300x250_inread_3\" style=\"text-align: justify;\" data-google-query-id=\"CNKFxO7inoYDFSKOywEdui8GLw\">\n<div id=\"google_ads_iframe_\/1659553\/dl_300x250_inread_3_0__container__\"><strong>Kenia<\/strong>\u00a0acept\u00f3 liderar la\u00a0<strong>fuerza<\/strong>\u00a0<strong>multinacional<\/strong>\u00a0que llegar\u00e1 a Hait\u00ed para ayudar a la polic\u00eda local a combatir a las pandillas.<\/div>\n<\/div>\n<p style=\"text-align: justify;\">Los equipos que\u00a0<strong>Kenia<\/strong>\u00a0aportar\u00e1 pertenecen a la Unidad de Despliegue R\u00e1pido (RDU), la Unidad de Lucha contra el Robo de Existencias (ASTU), la Unidad de Servicios Generales (GSU) y la Unidad de Patrulla Fronteriza (BPU).<\/p>\n<p style=\"text-align: justify;\"><strong>Visita de Ruto<\/strong><\/p>\n<p style=\"text-align: justify;\">El\u00a0<strong>presidente<\/strong>\u00a0Ruto lleg\u00f3 este lunes a los Estados Unidos tras salir el domingo en la noche junto a su esposa\u00a0<strong>Rachael Ruto<\/strong>\u00a0hacia los Estados Unidos; su viaje tendr\u00e1 una duraci\u00f3n de una semana.<\/p>\n<div id=\"dl_300x250_inread_4\" style=\"text-align: justify;\" data-google-query-id=\"CNOFxO7inoYDFSKOywEdui8GLw\">\n<div id=\"google_ads_iframe_\/1659553\/dl_300x250_inread_4_0__container__\">Su agenda incluye pasar dos d\u00edas en <strong>Atlanta,<\/strong>\u00a0para compartir con la\u00a0<strong>comunidad<\/strong>\u00a0keniana residente en ese estado.<\/div>\n<\/div>\n<p style=\"text-align: justify;\">La pareja presidencial ser\u00e1 recibida por el presidente estadounidense\u00a0<strong>Joe Biden<\/strong>\u00a0y la primera dama Jill Biden, para una\u00a0<strong>visita<\/strong>\u00a0de Estado, el jueves 23 de mayo, para conmemorar el 60 aniversario de las relaciones diplom\u00e1ticas entre Estados Unidos y Kenia.<\/p>\n<p style=\"text-align: justify;\">Su\u00a0<strong>visita<\/strong>\u00a0<strong>oficial\u00a0<\/strong>concluir\u00e1 el viernes.<\/p>\n<p>Fuente: Diario Libre<\/p>\n<\/div>\n<\/div>\n<\/div>\n","protected":false},"excerpt":{"rendered":"<p>Este equipo tendr\u00eda como objetivo allanar el terreno para la llegada de unos 200 agentes<\/p>\n","protected":false},"author":1,"featured_media":0,"comment_status":"open","ping_status":"open","sticky":false,"template":"","format":"standard","meta":{"footnotes":""},"categories":[7],"tags":[],"class_list":["post-16771","post","type-post","status-publish","format-standard","hentry","category-nacionales"],"_links":{"self":[{"href":"https:\/\/defrentealaverdad.com\/index.php\/wp-json\/wp\/v2\/posts\/16771","targetHints":{"allow":["GET"]}}],"collection":[{"href":"https:\/\/defrentealaverdad.com\/index.php\/wp-json\/wp\/v2\/posts"}],"about":[{"href":"https:\/\/defrentealaverdad.com\/index.php\/wp-json\/wp\/v2\/types\/post"}],"author":[{"embeddable":true,"href":"https:\/\/defrentealaverdad.com\/index.php\/wp-json\/wp\/v2\/users\/1"}],"replies":[{"embeddable":true,"href":"https:\/\/defrentealaverdad.com\/index.php\/wp-json\/wp\/v2\/comments?post=16771"}],"version-history":[{"count":1,"href":"https:\/\/defrentealaverdad.com\/index.php\/wp-json\/wp\/v2\/posts\/16771\/revisions"}],"predecessor-version":[{"id":16772,"href":"https:\/\/defrentealaverdad.com\/index.php\/wp-json\/wp\/v2\/posts\/16771\/revisions\/16772"}],"wp:attachment":[{"href":"https:\/\/defrentealaverdad.com\/index.php\/wp-json\/wp\/v2\/media?parent=16771"}],"wp:term":[{"taxonomy":"category","embeddable":true,"href":"https:\/\/defrentealaverdad.com\/index.php\/wp-json\/wp\/v2\/categories?post=16771"},{"taxonomy":"post_tag","embeddable":true,"href":"https:\/\/defrentealaverdad.com\/index.php\/wp-json\/wp\/v2\/tags?post=16771"}],"curies":[{"name":"wp","href":"https:\/\/api.w.org\/{rel}","templated":true}]}}