{"id":16734,"date":"2024-05-20T20:18:15","date_gmt":"2024-05-20T20:18:15","guid":{"rendered":"https:\/\/defrentealaverdad.com\/?p=16734"},"modified":"2024-05-20T20:18:15","modified_gmt":"2024-05-20T20:18:15","slug":"alcalde-dio-astacio-lamenta-muerte-de-cuatro-personas-en-incendio-en-hotel-de-las-americas-inspeccionaran-si-establecimiento-cumplia-con-protocolos","status":"publish","type":"post","link":"https:\/\/defrentealaverdad.com\/index.php\/2024\/05\/20\/alcalde-dio-astacio-lamenta-muerte-de-cuatro-personas-en-incendio-en-hotel-de-las-americas-inspeccionaran-si-establecimiento-cumplia-con-protocolos\/","title":{"rendered":"Alcalde D\u00edo Astacio lamenta muerte de cuatro personas en incendio en hotel de Las Am\u00e9ricas; inspeccionaran si establecimiento cumpl\u00eda con protocolos"},"content":{"rendered":"<p style=\"text-align: justify;\"><img decoding=\"async\" class=\"size-medium wp-image-16735 alignleft lazyload\" data-src=\"https:\/\/defrentealaverdad.com\/wp-content\/uploads\/2024\/05\/IMG-20240520-WA0116-300x188.jpg\" alt=\"\" width=\"300\" height=\"188\" data-srcset=\"https:\/\/defrentealaverdad.com\/wp-content\/uploads\/2024\/05\/IMG-20240520-WA0116-300x188.jpg 300w, https:\/\/defrentealaverdad.com\/wp-content\/uploads\/2024\/05\/IMG-20240520-WA0116-1024x640.jpg 1024w, https:\/\/defrentealaverdad.com\/wp-content\/uploads\/2024\/05\/IMG-20240520-WA0116-768x480.jpg 768w, https:\/\/defrentealaverdad.com\/wp-content\/uploads\/2024\/05\/IMG-20240520-WA0116.jpg 1390w\" data-sizes=\"(max-width: 300px) 100vw, 300px\" src=\"data:image\/svg+xml;base64,PHN2ZyB3aWR0aD0iMSIgaGVpZ2h0PSIxIiB4bWxucz0iaHR0cDovL3d3dy53My5vcmcvMjAwMC9zdmciPjwvc3ZnPg==\" style=\"--smush-placeholder-width: 300px; --smush-placeholder-aspect-ratio: 300\/188;\" \/>Santo Domingo Este .- El alcalde de Santo Domingo Este, D\u00edo Astacio, lament\u00f3 este lunes la muerte de cuatro personas durante un incendio ocurrido la madrugada de este lunes en el hotel La V\u00eda, ubicado en la avenida Las Am\u00e9ricas con calle Aruba, municipio Santo Domingo Este.<\/p>\n<p style=\"text-align: justify;\">Astacio, quien tras conocer sobre el siniestro se present\u00f3 de inmediato a las instalaciones del<img decoding=\"async\" class=\"size-medium wp-image-16736 alignright lazyload\" data-src=\"https:\/\/defrentealaverdad.com\/wp-content\/uploads\/2024\/05\/IMG-20240520-WA0117-248x300.jpg\" alt=\"\" width=\"248\" height=\"300\" data-srcset=\"https:\/\/defrentealaverdad.com\/wp-content\/uploads\/2024\/05\/IMG-20240520-WA0117-248x300.jpg 248w, https:\/\/defrentealaverdad.com\/wp-content\/uploads\/2024\/05\/IMG-20240520-WA0117-846x1024.jpg 846w, https:\/\/defrentealaverdad.com\/wp-content\/uploads\/2024\/05\/IMG-20240520-WA0117-768x930.jpg 768w, https:\/\/defrentealaverdad.com\/wp-content\/uploads\/2024\/05\/IMG-20240520-WA0117.jpg 900w\" data-sizes=\"(max-width: 248px) 100vw, 248px\" src=\"data:image\/svg+xml;base64,PHN2ZyB3aWR0aD0iMSIgaGVpZ2h0PSIxIiB4bWxucz0iaHR0cDovL3d3dy53My5vcmcvMjAwMC9zdmciPjwvc3ZnPg==\" style=\"--smush-placeholder-width: 248px; --smush-placeholder-aspect-ratio: 248\/300;\" \/> establecimiento, inform\u00f3 que ser\u00e1n realizadas las inspecciones de rigor para establecer si las instalaciones del referido hotel cumplen con los protocolos establecidos.<\/p>\n<p style=\"text-align: justify;\">Tras el siniestro el establecimiento permanecer\u00e1 cerrado hasta tanto las autoridades realicen las conclusiones de las investigaciones y el hotel sea adecuado para su correcto funcionamiento.<\/p>\n<blockquote><p>\u201cNosotros tenemos que tener una medida precautoria como ciudad, como el no uso por el momento\u201d, indic\u00f3 Astacio.<\/p><\/blockquote>\n<p style=\"text-align: justify;\">Seg\u00fan el reporte preliminar el incendio ocurri\u00f3 alrededor de las 5:30 de la madrugada por lo que se presentaron al lugar varias unidades del Cuerpo de Bomberos de Santo Domingo Este, as\u00ed como y miembros del Departamento de Investigaciones (DICRIM).<\/p>\n<p style=\"text-align: justify;\">Fuente: Alcard\u00eda SDE<\/p>\n","protected":false},"excerpt":{"rendered":"<p>Santo Domingo Este .- El alcalde de Santo Domingo Este, D\u00edo Astacio, lament\u00f3 este lunes<\/p>\n","protected":false},"author":4,"featured_media":0,"comment_status":"open","ping_status":"open","sticky":false,"template":"","format":"standard","meta":{"footnotes":""},"categories":[7],"tags":[],"class_list":["post-16734","post","type-post","status-publish","format-standard","hentry","category-nacionales"],"_links":{"self":[{"href":"https:\/\/defrentealaverdad.com\/index.php\/wp-json\/wp\/v2\/posts\/16734","targetHints":{"allow":["GET"]}}],"collection":[{"href":"https:\/\/defrentealaverdad.com\/index.php\/wp-json\/wp\/v2\/posts"}],"about":[{"href":"https:\/\/defrentealaverdad.com\/index.php\/wp-json\/wp\/v2\/types\/post"}],"author":[{"embeddable":true,"href":"https:\/\/defrentealaverdad.com\/index.php\/wp-json\/wp\/v2\/users\/4"}],"replies":[{"embeddable":true,"href":"https:\/\/defrentealaverdad.com\/index.php\/wp-json\/wp\/v2\/comments?post=16734"}],"version-history":[{"count":1,"href":"https:\/\/defrentealaverdad.com\/index.php\/wp-json\/wp\/v2\/posts\/16734\/revisions"}],"predecessor-version":[{"id":16737,"href":"https:\/\/defrentealaverdad.com\/index.php\/wp-json\/wp\/v2\/posts\/16734\/revisions\/16737"}],"wp:attachment":[{"href":"https:\/\/defrentealaverdad.com\/index.php\/wp-json\/wp\/v2\/media?parent=16734"}],"wp:term":[{"taxonomy":"category","embeddable":true,"href":"https:\/\/defrentealaverdad.com\/index.php\/wp-json\/wp\/v2\/categories?post=16734"},{"taxonomy":"post_tag","embeddable":true,"href":"https:\/\/defrentealaverdad.com\/index.php\/wp-json\/wp\/v2\/tags?post=16734"}],"curies":[{"name":"wp","href":"https:\/\/api.w.org\/{rel}","templated":true}]}}