{"id":16727,"date":"2024-05-20T19:59:37","date_gmt":"2024-05-20T19:59:37","guid":{"rendered":"https:\/\/defrentealaverdad.com\/?p=16727"},"modified":"2024-05-20T19:59:37","modified_gmt":"2024-05-20T19:59:37","slug":"fundacion-cemdpcd-gradua-30-madres-y-celebra-primera-gala-roja-por-amor-a-la-inclusion","status":"publish","type":"post","link":"https:\/\/defrentealaverdad.com\/index.php\/2024\/05\/20\/fundacion-cemdpcd-gradua-30-madres-y-celebra-primera-gala-roja-por-amor-a-la-inclusion\/","title":{"rendered":"Fundaci\u00f3n CEMDPCD grad\u00faa 30 madres y celebra primera Gala Roja por Amor a la Inclusi\u00f3n"},"content":{"rendered":"<p><img decoding=\"async\" class=\"size-medium wp-image-16729 alignleft lazyload\" data-src=\"https:\/\/defrentealaverdad.com\/wp-content\/uploads\/2024\/05\/IMG-20240520-WA0103-211x300.jpg\" alt=\"\" width=\"211\" height=\"300\" data-srcset=\"https:\/\/defrentealaverdad.com\/wp-content\/uploads\/2024\/05\/IMG-20240520-WA0103-211x300.jpg 211w, https:\/\/defrentealaverdad.com\/wp-content\/uploads\/2024\/05\/IMG-20240520-WA0103-721x1024.jpg 721w, https:\/\/defrentealaverdad.com\/wp-content\/uploads\/2024\/05\/IMG-20240520-WA0103-768x1091.jpg 768w, https:\/\/defrentealaverdad.com\/wp-content\/uploads\/2024\/05\/IMG-20240520-WA0103-1081x1536.jpg 1081w, https:\/\/defrentealaverdad.com\/wp-content\/uploads\/2024\/05\/IMG-20240520-WA0103.jpg 1126w\" data-sizes=\"(max-width: 211px) 100vw, 211px\" src=\"data:image\/svg+xml;base64,PHN2ZyB3aWR0aD0iMSIgaGVpZ2h0PSIxIiB4bWxucz0iaHR0cDovL3d3dy53My5vcmcvMjAwMC9zdmciPjwvc3ZnPg==\" style=\"--smush-placeholder-width: 211px; --smush-placeholder-aspect-ratio: 211\/300;\" \/> \u00a0New York. USA &#8211; Mayo 2024. La Fundaci\u00f3n Cambiando el Mundo de Personas con Discapacidad se enorgullece en anunciar el exitoso cierre de una jornada de actividades de tres d\u00edas dedicada a promover la inclusi\u00f3n y el empoderamiento de las personas con discapacidad y sus familias. Este evento sin precedentes incluy\u00f3 la graduaci\u00f3n de 30 madres y la celebraci\u00f3n de la primera Gala Roja por Amor a la Inclusi\u00f3n, donde se reconoci\u00f3 el compromiso de empresas y personas en favor de la inclusi\u00f3n.<\/p>\n<p>Durante tres d\u00edas llenos de actividades, la<img decoding=\"async\" class=\"size-medium wp-image-16731 alignright lazyload\" data-src=\"https:\/\/defrentealaverdad.com\/wp-content\/uploads\/2024\/05\/IMG-20240520-WA0105-200x300.jpg\" alt=\"\" width=\"200\" height=\"300\" data-srcset=\"https:\/\/defrentealaverdad.com\/wp-content\/uploads\/2024\/05\/IMG-20240520-WA0105-200x300.jpg 200w, https:\/\/defrentealaverdad.com\/wp-content\/uploads\/2024\/05\/IMG-20240520-WA0105-684x1024.jpg 684w, https:\/\/defrentealaverdad.com\/wp-content\/uploads\/2024\/05\/IMG-20240520-WA0105-768x1151.jpg 768w, https:\/\/defrentealaverdad.com\/wp-content\/uploads\/2024\/05\/IMG-20240520-WA0105-1025x1536.jpg 1025w, https:\/\/defrentealaverdad.com\/wp-content\/uploads\/2024\/05\/IMG-20240520-WA0105.jpg 1068w\" data-sizes=\"(max-width: 200px) 100vw, 200px\" src=\"data:image\/svg+xml;base64,PHN2ZyB3aWR0aD0iMSIgaGVpZ2h0PSIxIiB4bWxucz0iaHR0cDovL3d3dy53My5vcmcvMjAwMC9zdmciPjwvc3ZnPg==\" style=\"--smush-placeholder-width: 200px; --smush-placeholder-aspect-ratio: 200\/300;\" \/> Fundaci\u00f3n ofreci\u00f3 un programa integral que abarc\u00f3 desde encuentros, visitas al Consulado de la Rep\u00fablica Dominicana en Boston y a la Alcald\u00eda de la ciudad de Lawrence; as\u00ed como la graduaci\u00f3n de 30 madres en el programa IEP en espa\u00f1ol un espacio formativo dise\u00f1ado para fortalecer sus habilidades en el cuidado y apoyo a personas con discapacidad.<\/p>\n<p>La culminaci\u00f3n de esta jornada fue la celebraci\u00f3n de la primera Gran Gala Roja por Amor a la Inclusi\u00f3n, un evento ben\u00e9fico que reuni\u00f3 a las autoridades locales, l\u00edderes empresariales, defensores de los derechos de las personas con discapacidad, celebridades y miembros destacados de la comunidad. Durante la gala, se reconoci\u00f3 el compromiso excepcional de empresas y personas que trabajan incansablemente en favor de la inclusi\u00f3n y el apoyo a las personas con discapacidad.<\/p>\n<blockquote><p>\u00abEstamos emocionados de haber podido reunir a tantas personas comprometidas con la causa de la inclusi\u00f3n durante esta jornada de actividades\u00bb, afirm\u00f3 Raquel Quezada, presidente de la Fundaci\u00f3n.<\/p><\/blockquote>\n<p>Sobre el trabajo que la Gala Roja representa, Quezada manifest\u00f3:<\/p>\n<blockquote><p>\u00a0\u00abTanto la graduaci\u00f3n de las madres como la Gala Roja por Amor a la Inclusi\u00f3n son testimonios del poder transformador del trabajo en comunidad y el compromiso con un mundo m\u00e1s inclusivo y accesible para todos\u00bb.<\/p><\/blockquote>\n<p>&nbsp;<\/p>\n<p>La Gala Roja por Amor a la Inclusi\u00f3n no solo fue una ocasi\u00f3n para honrar a aquellos que han hecho contribuciones significativas en el campo de la inclusi\u00f3n, sino tambi\u00e9n una oportunidad para crear conciencia y fomentar la solidaridad en torno a esta causa vital. Para esto, cont\u00f3 con la participaci\u00f3n art\u00edstica de Axel Thomas, Jos\u00e9 Luis Gutierrez, Dalila Zapata, Loida y Nicol\u00e1s Dom\u00ednguez. Este evento cont\u00f3 con la conducci\u00f3n de la destacada comunicadora dominicana Jatnna Tavarez; as\u00ed como los comunicadores Erika Oviedo y N\u00e9stor Castillo.<\/p>\n<p>Adem\u00e1s, con un gran equipo de producci\u00f3n integrado por Agueda Su\u00e1rez, como productora general; Francis Concepci\u00f3n y German Pe\u00f1a como productores t\u00e9cnicos.<img decoding=\"async\" class=\"size-medium wp-image-16732 alignright lazyload\" data-src=\"https:\/\/defrentealaverdad.com\/wp-content\/uploads\/2024\/05\/IMG-20240520-WA0102-300x225.jpg\" alt=\"\" width=\"300\" height=\"225\" data-srcset=\"https:\/\/defrentealaverdad.com\/wp-content\/uploads\/2024\/05\/IMG-20240520-WA0102-300x225.jpg 300w, https:\/\/defrentealaverdad.com\/wp-content\/uploads\/2024\/05\/IMG-20240520-WA0102-1024x768.jpg 1024w, https:\/\/defrentealaverdad.com\/wp-content\/uploads\/2024\/05\/IMG-20240520-WA0102-768x576.jpg 768w, https:\/\/defrentealaverdad.com\/wp-content\/uploads\/2024\/05\/IMG-20240520-WA0102-1536x1152.jpg 1536w, https:\/\/defrentealaverdad.com\/wp-content\/uploads\/2024\/05\/IMG-20240520-WA0102-720x540.jpg 720w, https:\/\/defrentealaverdad.com\/wp-content\/uploads\/2024\/05\/IMG-20240520-WA0102.jpg 1600w\" data-sizes=\"(max-width: 300px) 100vw, 300px\" src=\"data:image\/svg+xml;base64,PHN2ZyB3aWR0aD0iMSIgaGVpZ2h0PSIxIiB4bWxucz0iaHR0cDovL3d3dy53My5vcmcvMjAwMC9zdmciPjwvc3ZnPg==\" style=\"--smush-placeholder-width: 300px; --smush-placeholder-aspect-ratio: 300\/225;\" \/><\/p>\n<p>Este evento sirvi\u00f3, adem\u00e1s, para reunir en un mismo lugar a delegaciones de profesionales de diferentes puntos geogr\u00e1ficos, dentro de los que destacan: Puerto Rico, Rep\u00fablica Dominicana, Venezuela y Ecuador quienes se trasladaron con el fin de estrechar lazos y unir voluntades en favor de la inclusi\u00f3n.<\/p>\n<p>La Fundaci\u00f3n agradece sinceramente a todos los participantes, colaboradores, voluntarios, patrocinadores y asistentes que hicieron posible esta jornada de actividades tan memorable y <img decoding=\"async\" class=\"size-medium wp-image-16728 alignleft lazyload\" data-src=\"https:\/\/defrentealaverdad.com\/wp-content\/uploads\/2024\/05\/IMG-20240520-WA0106-300x170.jpg\" alt=\"\" width=\"300\" height=\"170\" data-srcset=\"https:\/\/defrentealaverdad.com\/wp-content\/uploads\/2024\/05\/IMG-20240520-WA0106-300x170.jpg 300w, https:\/\/defrentealaverdad.com\/wp-content\/uploads\/2024\/05\/IMG-20240520-WA0106-1024x581.jpg 1024w, https:\/\/defrentealaverdad.com\/wp-content\/uploads\/2024\/05\/IMG-20240520-WA0106-768x436.jpg 768w, https:\/\/defrentealaverdad.com\/wp-content\/uploads\/2024\/05\/IMG-20240520-WA0106-1536x872.jpg 1536w, https:\/\/defrentealaverdad.com\/wp-content\/uploads\/2024\/05\/IMG-20240520-WA0106-800x450.jpg 800w, https:\/\/defrentealaverdad.com\/wp-content\/uploads\/2024\/05\/IMG-20240520-WA0106.jpg 1600w\" data-sizes=\"(max-width: 300px) 100vw, 300px\" src=\"data:image\/svg+xml;base64,PHN2ZyB3aWR0aD0iMSIgaGVpZ2h0PSIxIiB4bWxucz0iaHR0cDovL3d3dy53My5vcmcvMjAwMC9zdmciPjwvc3ZnPg==\" style=\"--smush-placeholder-width: 300px; --smush-placeholder-aspect-ratio: 300\/170;\" \/>reafirma su compromiso de seguir trabajando incansablemente hacia un futuro m\u00e1s inclusivo y equitativo para las personas con discapacidad y sus familias.<\/p>\n<p>Para obtener m\u00e1s informaci\u00f3n sobre la Fundaci\u00f3n Cambiando el Mundo de Personas con Discapacidad y sus iniciativas, visite www.fundacioncemdpcd.org<\/p>\n<p>&nbsp;<\/p>\n<p>Fuente: Fundacion CEMDPCD<\/p>\n","protected":false},"excerpt":{"rendered":"<p>\u00a0New York. USA &#8211; Mayo 2024. La Fundaci\u00f3n Cambiando el Mundo de Personas con Discapacidad<\/p>\n","protected":false},"author":2,"featured_media":0,"comment_status":"open","ping_status":"open","sticky":false,"template":"","format":"standard","meta":{"footnotes":""},"categories":[16],"tags":[],"class_list":["post-16727","post","type-post","status-publish","format-standard","hentry","category-internacionales"],"_links":{"self":[{"href":"https:\/\/defrentealaverdad.com\/index.php\/wp-json\/wp\/v2\/posts\/16727","targetHints":{"allow":["GET"]}}],"collection":[{"href":"https:\/\/defrentealaverdad.com\/index.php\/wp-json\/wp\/v2\/posts"}],"about":[{"href":"https:\/\/defrentealaverdad.com\/index.php\/wp-json\/wp\/v2\/types\/post"}],"author":[{"embeddable":true,"href":"https:\/\/defrentealaverdad.com\/index.php\/wp-json\/wp\/v2\/users\/2"}],"replies":[{"embeddable":true,"href":"https:\/\/defrentealaverdad.com\/index.php\/wp-json\/wp\/v2\/comments?post=16727"}],"version-history":[{"count":1,"href":"https:\/\/defrentealaverdad.com\/index.php\/wp-json\/wp\/v2\/posts\/16727\/revisions"}],"predecessor-version":[{"id":16733,"href":"https:\/\/defrentealaverdad.com\/index.php\/wp-json\/wp\/v2\/posts\/16727\/revisions\/16733"}],"wp:attachment":[{"href":"https:\/\/defrentealaverdad.com\/index.php\/wp-json\/wp\/v2\/media?parent=16727"}],"wp:term":[{"taxonomy":"category","embeddable":true,"href":"https:\/\/defrentealaverdad.com\/index.php\/wp-json\/wp\/v2\/categories?post=16727"},{"taxonomy":"post_tag","embeddable":true,"href":"https:\/\/defrentealaverdad.com\/index.php\/wp-json\/wp\/v2\/tags?post=16727"}],"curies":[{"name":"wp","href":"https:\/\/api.w.org\/{rel}","templated":true}]}}