{"id":16724,"date":"2024-05-20T19:50:36","date_gmt":"2024-05-20T19:50:36","guid":{"rendered":"https:\/\/defrentealaverdad.com\/?p=16724"},"modified":"2024-05-20T19:50:36","modified_gmt":"2024-05-20T19:50:36","slug":"comunicadores-8-0-felicita-triunfo-contundente-de-luis-abinader-y-p-r-m","status":"publish","type":"post","link":"https:\/\/defrentealaverdad.com\/index.php\/2024\/05\/20\/comunicadores-8-0-felicita-triunfo-contundente-de-luis-abinader-y-p-r-m\/","title":{"rendered":"Comunicadores 8.0 felicita triunfo contundente de Luis Abinader y P.R.M."},"content":{"rendered":"<p style=\"text-align: justify;\">\n<blockquote><p>Guti\u00e9rrez destaca sensatez de Abel y Leonel en reconocer triunfo de Luis Abinader en el primer bolet\u00edn de la junta<\/p><\/blockquote>\n<p style=\"text-align: justify;\">Santo Domingo, RD.- El Movimiento Comunicadores 8.0 Luis Abinader presidente, felicit\u00f3 al mandatario por su triunfo en primera vuelta, en las elecciones ordinarias generales, presidenciales y congresuales este domingo 19 de mayo.<\/p>\n<p style=\"text-align: justify;\"><img decoding=\"async\" class=\"size-medium wp-image-16725 alignleft lazyload\" data-src=\"https:\/\/defrentealaverdad.com\/wp-content\/uploads\/2024\/05\/Screenshot_2024-05-20_161200-300x300.png\" alt=\"\" width=\"300\" height=\"300\" data-srcset=\"https:\/\/defrentealaverdad.com\/wp-content\/uploads\/2024\/05\/Screenshot_2024-05-20_161200-300x300.png 300w, https:\/\/defrentealaverdad.com\/wp-content\/uploads\/2024\/05\/Screenshot_2024-05-20_161200-150x150.png 150w, https:\/\/defrentealaverdad.com\/wp-content\/uploads\/2024\/05\/Screenshot_2024-05-20_161200.png 593w\" data-sizes=\"(max-width: 300px) 100vw, 300px\" src=\"data:image\/svg+xml;base64,PHN2ZyB3aWR0aD0iMSIgaGVpZ2h0PSIxIiB4bWxucz0iaHR0cDovL3d3dy53My5vcmcvMjAwMC9zdmciPjwvc3ZnPg==\" style=\"--smush-placeholder-width: 300px; --smush-placeholder-aspect-ratio: 300\/300;\" \/><\/p>\n<p style=\"text-align: justify;\">Nelson Guti\u00e9rrez, coordinador de la coalici\u00f3n, asegur\u00f3 que la victoria contundente alcanzada por Abinader, quien obtuvo el 59.24% de los votos emitidos en el primer bolet\u00edn, obedece a un esfuerzo conjunto de un ej\u00e9rcito de hombres y mujeres en todo el pa\u00eds que entendi\u00f3 que el mandatario garantiza el progreso y desarrollo de la poblaci\u00f3n dominicana.<\/p>\n<p style=\"text-align: justify;\">As\u00ed mismo, dijo que Abinader representa un gobierno serio, honesto y transparente, quien se ha comprometido a seguir profundizando los cambios positivos que demanda la poblaci\u00f3n, a fin de que la gente viva segura y con mayor dignidad.<\/p>\n<p style=\"text-align: justify;\">De igual manera, Nelson Guti\u00e9rrez, saludo el gesto sensato y democr\u00e1tico de los candidatos presidenciales del Partido de la Liberaci\u00f3n Dominicana (PLD), Abel Mart\u00ednez, de la Fuerza del Pueblo, Leonel Fern\u00e1ndez, y otros contrincantes que han reconocido el triunfo de Luis Abinader, en el primer bolet\u00edn de la junta, lo que asegur\u00f3 fortalece la democracia y el sistema pol\u00edtico en la Rep\u00fablica Dominicana.<\/p>\n<p style=\"text-align: justify;\">Adem\u00e1s, agradeci\u00f3 a cada uno de los miembros del Movimiento Comunicadores 8.0 Luis Abinader Presidente <strong><em>\u00abpor confiar en nosotros mismos, por dedicar su tiempo a este proyecto que tuvo siempre confiado en la continuidad de Abinader en el gobierno, adem\u00e1s su dedicaci\u00f3n y esfuerzo en aportar votos a este triunfo, tal y como nos lo planteamos desde el primer d\u00eda, felicidades mi gente\u00bb<\/em> <\/strong>dijo Guti\u00e9rrez.<\/p>\n<p style=\"text-align: justify;\">Tras desearle \u00e9xitos en su nueva gesti\u00f3n al primer mandatario, en nombre del Movimiento, el coordinador nacional de la coalici\u00f3n, Nelson Guti\u00e9rrez, se mostr\u00f3 confiado en que el presiente Luis Abinader dedicar\u00e1 los pr\u00f3ximos cuatro a\u00f1os a concluir las obras en construcci\u00f3n, la extensi\u00f3n del Metro, la educaci\u00f3n, los servicios de salud, incentivar la producci\u00f3n agropecuaria e impulsar el campo, seguridad ciudadana, entre otras acciones que seguir\u00e1n fomentando el desarrollo del pa\u00eds.<\/p>\n<p style=\"text-align: justify;\">Fuente: Informaciones a Nivel<\/p>\n","protected":false},"excerpt":{"rendered":"<p>Guti\u00e9rrez destaca sensatez de Abel y Leonel en reconocer triunfo de Luis Abinader en el<\/p>\n","protected":false},"author":1,"featured_media":0,"comment_status":"open","ping_status":"open","sticky":false,"template":"","format":"standard","meta":{"footnotes":""},"categories":[7],"tags":[],"class_list":["post-16724","post","type-post","status-publish","format-standard","hentry","category-nacionales"],"_links":{"self":[{"href":"https:\/\/defrentealaverdad.com\/index.php\/wp-json\/wp\/v2\/posts\/16724","targetHints":{"allow":["GET"]}}],"collection":[{"href":"https:\/\/defrentealaverdad.com\/index.php\/wp-json\/wp\/v2\/posts"}],"about":[{"href":"https:\/\/defrentealaverdad.com\/index.php\/wp-json\/wp\/v2\/types\/post"}],"author":[{"embeddable":true,"href":"https:\/\/defrentealaverdad.com\/index.php\/wp-json\/wp\/v2\/users\/1"}],"replies":[{"embeddable":true,"href":"https:\/\/defrentealaverdad.com\/index.php\/wp-json\/wp\/v2\/comments?post=16724"}],"version-history":[{"count":1,"href":"https:\/\/defrentealaverdad.com\/index.php\/wp-json\/wp\/v2\/posts\/16724\/revisions"}],"predecessor-version":[{"id":16726,"href":"https:\/\/defrentealaverdad.com\/index.php\/wp-json\/wp\/v2\/posts\/16724\/revisions\/16726"}],"wp:attachment":[{"href":"https:\/\/defrentealaverdad.com\/index.php\/wp-json\/wp\/v2\/media?parent=16724"}],"wp:term":[{"taxonomy":"category","embeddable":true,"href":"https:\/\/defrentealaverdad.com\/index.php\/wp-json\/wp\/v2\/categories?post=16724"},{"taxonomy":"post_tag","embeddable":true,"href":"https:\/\/defrentealaverdad.com\/index.php\/wp-json\/wp\/v2\/tags?post=16724"}],"curies":[{"name":"wp","href":"https:\/\/api.w.org\/{rel}","templated":true}]}}