{"id":16720,"date":"2024-05-20T16:39:21","date_gmt":"2024-05-20T16:39:21","guid":{"rendered":"https:\/\/defrentealaverdad.com\/?p=16720"},"modified":"2024-05-20T16:39:21","modified_gmt":"2024-05-20T16:39:21","slug":"air-century-designa-a-carlos-jimenez-como-nuevo-vp-ejecutivo","status":"publish","type":"post","link":"https:\/\/defrentealaverdad.com\/index.php\/2024\/05\/20\/air-century-designa-a-carlos-jimenez-como-nuevo-vp-ejecutivo\/","title":{"rendered":"Air Century\u00a0designa\u00a0a Carlos Jim\u00e9nez como nuevo VP Ejecutivo"},"content":{"rendered":"<p style=\"font-weight: 400; text-align: justify;\"><em>Desde su nueva posici\u00f3n <\/em><em>busca\u00a0consolidar la posici\u00f3n de Air Century como el principal actor de conectividad del Caribe con toda la regi\u00f3n<\/em><\/p>\n<p style=\"font-weight: 400; text-align: justify;\"><strong>Santo Domingo \u2013 <\/strong>La aerol\u00ednea dominicana Air Century, se complace en anunciar la designaci\u00f3n de Carlos Jim\u00e9nez como su nuevo Vicepresidente Ejecutivo.<\/p>\n<p style=\"text-align: justify;\"><img decoding=\"async\" class=\"size-medium wp-image-16721 alignleft lazyload\" data-src=\"https:\/\/defrentealaverdad.com\/wp-content\/uploads\/2024\/05\/Foto-principal-Carlos-Jimenez-231x300.jpg\" alt=\"\" width=\"231\" height=\"300\" data-srcset=\"https:\/\/defrentealaverdad.com\/wp-content\/uploads\/2024\/05\/Foto-principal-Carlos-Jimenez-231x300.jpg 231w, https:\/\/defrentealaverdad.com\/wp-content\/uploads\/2024\/05\/Foto-principal-Carlos-Jimenez-789x1024.jpg 789w, https:\/\/defrentealaverdad.com\/wp-content\/uploads\/2024\/05\/Foto-principal-Carlos-Jimenez-768x997.jpg 768w, https:\/\/defrentealaverdad.com\/wp-content\/uploads\/2024\/05\/Foto-principal-Carlos-Jimenez.jpg 1169w\" data-sizes=\"(max-width: 231px) 100vw, 231px\" src=\"data:image\/svg+xml;base64,PHN2ZyB3aWR0aD0iMSIgaGVpZ2h0PSIxIiB4bWxucz0iaHR0cDovL3d3dy53My5vcmcvMjAwMC9zdmciPjwvc3ZnPg==\" style=\"--smush-placeholder-width: 231px; --smush-placeholder-aspect-ratio: 231\/300;\" \/><\/p>\n<p style=\"font-weight: 400; text-align: justify;\">Con una destacada trayectoria en el \u00e1mbito empresarial y una s\u00f3lida formaci\u00f3n en Administraci\u00f3n de Empresas y Negocios, Jim\u00e9nez asume este cargo con el compromiso de fortalecer a\u00fan m\u00e1s la estructura organizativa de la compa\u00f1\u00eda y capitalizar las oportunidades de crecimiento en el mercado americano.<\/p>\n<p style=\"font-weight: 400; text-align: justify;\">A lo largo de su camino en la empresa, el cual inici\u00f3 en 2010, ha trabajado de manera integral aspectos administrativos, financieros, operacionales y comerciales, otorgando una visi\u00f3n hol\u00edstica de la industria y el negocio.\u00a0\u00a0 Como representante de la Presidencia de Air Century, Jim\u00e9nez ha establecido una relaci\u00f3n s\u00f3lida con las autoridades locales y los destinos operados, trabajando en estrecha colaboraci\u00f3n con el consejo de administraci\u00f3n para dise\u00f1ar estrategias que impulsen el crecimiento sostenible de la empresa.<\/p>\n<p style=\"font-weight: 400; text-align: justify;\">Desde su nueva posici\u00f3n como Vicepresidente Ejecutivo, Carlos Jim\u00e9nez tiene como objetivo principal consolidar la posici\u00f3n de Air Century como el principal actor de conectividad con toda la regi\u00f3n del Caribe, enfoc\u00e1ndose en la calidad total y la satisfacci\u00f3n del cliente. Con una visi\u00f3n centrada en el turismo multi-destino, Jim\u00e9nez busca potenciar la capacidad productiva y econ\u00f3mica de cada destino donde opera la aerol\u00ednea, contribuyendo as\u00ed al desarrollo del mercado dominicano y regional.<\/p>\n<p style=\"font-weight: 400; text-align: justify;\">Carlos Jim\u00e9nez reconoce el valor de sus colaboradores y se compromete a trabajar en conjunto con ellos para elevar la excelencia en las operaciones de Air Century, manteniendo los m\u00e1s altos est\u00e1ndares internacionales y las mejores pr\u00e1cticas de la industria. Su liderazgo y experiencia aportar\u00e1n a seguir diferenciando a Air Century en el mercado, ofreciendo un servicio de clase mundial y una experiencia de viaje inigualable que invita a repetir.<\/p>\n<p style=\"font-weight: 400; text-align: justify;\"><strong>Acerca de Air Century<\/strong><\/p>\n<p style=\"font-weight: 400; text-align: justify;\">Empresa de transporte a\u00e9reo local e internacional fundada en Santo Domingo, Rep\u00fablica Dominicana en marzo de 1992. Sirve vuelos regulares desde los aeropuertos Internacionales La Isabela y Punta Cana a La Habana y Santiago de Cuba, Puerto Pr\u00edncipe, Hait\u00ed, Cura\u00e7ao, Aruba, Sint Marteen, Cartagena, Colombia y charters a todo el mundo. Para m\u00e1s informaci\u00f3n, visite\u00a0<a href=\"http:\/\/www.aircentury.com\/\" data-saferedirecturl=\"https:\/\/www.google.com\/url?q=http:\/\/www.aircentury.com&amp;source=gmail&amp;ust=1716309176088000&amp;usg=AOvVaw1d5XxAG9kCOHnxQatCFHmy\">www.aircentury.com<\/a><\/p>\n<p style=\"font-weight: 400; text-align: justify;\">\n<p style=\"font-weight: 400; text-align: justify;\">Fuente: Laura Minyetty<\/p>\n","protected":false},"excerpt":{"rendered":"<p>Desde su nueva posici\u00f3n busca\u00a0consolidar la posici\u00f3n de Air Century como el principal actor de<\/p>\n","protected":false},"author":2,"featured_media":0,"comment_status":"open","ping_status":"open","sticky":false,"template":"","format":"standard","meta":{"footnotes":""},"categories":[7],"tags":[],"class_list":["post-16720","post","type-post","status-publish","format-standard","hentry","category-nacionales"],"_links":{"self":[{"href":"https:\/\/defrentealaverdad.com\/index.php\/wp-json\/wp\/v2\/posts\/16720","targetHints":{"allow":["GET"]}}],"collection":[{"href":"https:\/\/defrentealaverdad.com\/index.php\/wp-json\/wp\/v2\/posts"}],"about":[{"href":"https:\/\/defrentealaverdad.com\/index.php\/wp-json\/wp\/v2\/types\/post"}],"author":[{"embeddable":true,"href":"https:\/\/defrentealaverdad.com\/index.php\/wp-json\/wp\/v2\/users\/2"}],"replies":[{"embeddable":true,"href":"https:\/\/defrentealaverdad.com\/index.php\/wp-json\/wp\/v2\/comments?post=16720"}],"version-history":[{"count":1,"href":"https:\/\/defrentealaverdad.com\/index.php\/wp-json\/wp\/v2\/posts\/16720\/revisions"}],"predecessor-version":[{"id":16722,"href":"https:\/\/defrentealaverdad.com\/index.php\/wp-json\/wp\/v2\/posts\/16720\/revisions\/16722"}],"wp:attachment":[{"href":"https:\/\/defrentealaverdad.com\/index.php\/wp-json\/wp\/v2\/media?parent=16720"}],"wp:term":[{"taxonomy":"category","embeddable":true,"href":"https:\/\/defrentealaverdad.com\/index.php\/wp-json\/wp\/v2\/categories?post=16720"},{"taxonomy":"post_tag","embeddable":true,"href":"https:\/\/defrentealaverdad.com\/index.php\/wp-json\/wp\/v2\/tags?post=16720"}],"curies":[{"name":"wp","href":"https:\/\/api.w.org\/{rel}","templated":true}]}}