{"id":16714,"date":"2024-05-20T14:18:48","date_gmt":"2024-05-20T14:18:48","guid":{"rendered":"https:\/\/defrentealaverdad.com\/?p=16714"},"modified":"2024-05-20T14:19:09","modified_gmt":"2024-05-20T14:19:09","slug":"16714","status":"publish","type":"post","link":"https:\/\/defrentealaverdad.com\/index.php\/2024\/05\/20\/16714\/","title":{"rendered":"Ralphy Dreamz y Pavel N\u00fa\u00f1ez unen sus voces en la versi\u00f3n bachata de \u00abLoco loco\u00bb"},"content":{"rendered":"<p style=\"text-align: justify;\"><img decoding=\"async\" class=\"size-medium wp-image-16715 alignleft lazyload\" data-src=\"https:\/\/defrentealaverdad.com\/wp-content\/uploads\/2024\/05\/IMG-20240520-WA0057-300x300.jpg\" alt=\"\" width=\"300\" height=\"300\" data-srcset=\"https:\/\/defrentealaverdad.com\/wp-content\/uploads\/2024\/05\/IMG-20240520-WA0057-300x300.jpg 300w, https:\/\/defrentealaverdad.com\/wp-content\/uploads\/2024\/05\/IMG-20240520-WA0057-1024x1024.jpg 1024w, https:\/\/defrentealaverdad.com\/wp-content\/uploads\/2024\/05\/IMG-20240520-WA0057-150x150.jpg 150w, https:\/\/defrentealaverdad.com\/wp-content\/uploads\/2024\/05\/IMG-20240520-WA0057-768x768.jpg 768w, https:\/\/defrentealaverdad.com\/wp-content\/uploads\/2024\/05\/IMG-20240520-WA0057.jpg 1500w\" data-sizes=\"(max-width: 300px) 100vw, 300px\" src=\"data:image\/svg+xml;base64,PHN2ZyB3aWR0aD0iMSIgaGVpZ2h0PSIxIiB4bWxucz0iaHR0cDovL3d3dy53My5vcmcvMjAwMC9zdmciPjwvc3ZnPg==\" style=\"--smush-placeholder-width: 300px; --smush-placeholder-aspect-ratio: 300\/300;\" \/>\u00a0Santo Domingo. Ralphy Dreamz y Pavel N\u00fa\u00f1ez combinan sus voces en la version bachata de \u00abLoco Loco\u00bb, producida por Abelito En La Guitarra. Con su letra emotiva y sus ritmos envolventes, \u00abLoco Loco\u00bb invita a un mundo de amor y deseo desenfrenado. Esta colaboraci\u00f3n fusiona la esencia de la bachata con un toque moderno, creando una experiencia auditiva para los amantes de la bachata.<\/p>\n<p style=\"text-align: justify;\">\u00abLoco Loco\u00bb originalmente es una rumba flamenca, que se populariz\u00f3 en la d\u00e9cada de los 80&#8217;s a ritmo de merengue por Dioni Fern\u00e1ndez, y Pablo Mart\u00ednez. Con esta version en Bachata est\u00e1 uniendo fuerzas desde las redes sociales de los tres artistas participantes.<\/p>\n<p style=\"text-align: justify;\">Esta versi\u00f3n de \u00abLoco Loco\u00bb cuenta con la incre\u00edble tecnolog\u00eda Dolby Atmos, que logra un<img decoding=\"async\" class=\"size-medium wp-image-16716 alignleft lazyload\" data-src=\"https:\/\/defrentealaverdad.com\/wp-content\/uploads\/2024\/05\/IMG-20240520-WA0058-300x300.jpg\" alt=\"\" width=\"300\" height=\"300\" data-srcset=\"https:\/\/defrentealaverdad.com\/wp-content\/uploads\/2024\/05\/IMG-20240520-WA0058-300x300.jpg 300w, https:\/\/defrentealaverdad.com\/wp-content\/uploads\/2024\/05\/IMG-20240520-WA0058-1024x1024.jpg 1024w, https:\/\/defrentealaverdad.com\/wp-content\/uploads\/2024\/05\/IMG-20240520-WA0058-150x150.jpg 150w, https:\/\/defrentealaverdad.com\/wp-content\/uploads\/2024\/05\/IMG-20240520-WA0058-768x768.jpg 768w, https:\/\/defrentealaverdad.com\/wp-content\/uploads\/2024\/05\/IMG-20240520-WA0058.jpg 1500w\" data-sizes=\"(max-width: 300px) 100vw, 300px\" src=\"data:image\/svg+xml;base64,PHN2ZyB3aWR0aD0iMSIgaGVpZ2h0PSIxIiB4bWxucz0iaHR0cDovL3d3dy53My5vcmcvMjAwMC9zdmciPjwvc3ZnPg==\" style=\"--smush-placeholder-width: 300px; --smush-placeholder-aspect-ratio: 300\/300;\" \/> paisaje sonoro tridimensional, elevando la experiencia auditiva a nuevas alturas de inmersi\u00f3n y claridad. Esta canci\u00f3n es el resultado del esfuerzo colaborativo entre artistas de La Oreja Media Group y ParkEast Music.<\/p>\n<p style=\"text-align: justify;\"><strong>Sobre Ralphy Dreamz<\/strong><\/p>\n<p style=\"text-align: justify;\">Naci\u00f3 en 1995, en Nueva York. Sus padres dominicanos lo inspiraron en el deseo de convertirse en un artista de Bachata. Criado en Perth Amboy, un peque\u00f1o pueblo de Nueva Jersey, persigui\u00f3 su pasi\u00f3n por la m\u00fasica a los 16 a\u00f1os al tomar clases de guitarra en Rep\u00fablica Dominicana. Despu\u00e9s de concentrarse en sus habilidades como guitarrista y cantante, forma su primera banda llamada \u2018Bachata Dreamz\u2019 un a\u00f1o despu\u00e9s.<\/p>\n<p style=\"text-align: justify;\"><strong>Sobre Pavel N\u00fa\u00f1ez\u00a0<\/strong><\/p>\n<p style=\"text-align: justify;\">Sigue siendo el m\u00e1s activo promotor de la m\u00fasica mel\u00f3dica de Rep\u00fablica Dominicana y lo evidencia su permanente ciclo de presentaciones.<\/p>\n<p style=\"text-align: justify;\">Ganador de un premio Emmy y cinco veces nominado al Latin Grammy y multipremiado en El Soberano, se ha mantenido trabajando de manera incansable, muestra de ello es la carrera que ha construido en 29 a\u00f1os de trabajo.<\/p>\n<p style=\"text-align: justify;\"><strong>Sobre Abelito en la Guitarra<\/strong><\/p>\n<p style=\"text-align: justify;\">A los 12 a\u00f1os, sus dedos danzaban sobre las cuerdas de una guitarra, marcando el inicio de un viaje inolvidable en la m\u00fasica. Pero este no era un ni\u00f1o com\u00fan: su destreza pronto lo llev\u00f3 al mundo de la producci\u00f3n musical, donde su pasi\u00f3n por la bachata floreci\u00f3.<\/p>\n<p style=\"text-align: justify;\">Entre sus logros m\u00e1s destacados se encuentran colaboraciones con luminarias de la talla de Prince Royce, Mark B., Techy Fatule, Manny Cruz, Rayn Milo, YouMaico, Cruz Monty y muchos m\u00e1s.<\/p>\n<p style=\"text-align: justify;\">Fuente: Equipo Ralphy Dreamz<\/p>\n","protected":false},"excerpt":{"rendered":"<p>\u00a0Santo Domingo. Ralphy Dreamz y Pavel N\u00fa\u00f1ez combinan sus voces en la version bachata de<\/p>\n","protected":false},"author":4,"featured_media":0,"comment_status":"open","ping_status":"open","sticky":false,"template":"","format":"standard","meta":{"footnotes":""},"categories":[6],"tags":[],"class_list":["post-16714","post","type-post","status-publish","format-standard","hentry","category-espectaculos"],"_links":{"self":[{"href":"https:\/\/defrentealaverdad.com\/index.php\/wp-json\/wp\/v2\/posts\/16714","targetHints":{"allow":["GET"]}}],"collection":[{"href":"https:\/\/defrentealaverdad.com\/index.php\/wp-json\/wp\/v2\/posts"}],"about":[{"href":"https:\/\/defrentealaverdad.com\/index.php\/wp-json\/wp\/v2\/types\/post"}],"author":[{"embeddable":true,"href":"https:\/\/defrentealaverdad.com\/index.php\/wp-json\/wp\/v2\/users\/4"}],"replies":[{"embeddable":true,"href":"https:\/\/defrentealaverdad.com\/index.php\/wp-json\/wp\/v2\/comments?post=16714"}],"version-history":[{"count":2,"href":"https:\/\/defrentealaverdad.com\/index.php\/wp-json\/wp\/v2\/posts\/16714\/revisions"}],"predecessor-version":[{"id":16718,"href":"https:\/\/defrentealaverdad.com\/index.php\/wp-json\/wp\/v2\/posts\/16714\/revisions\/16718"}],"wp:attachment":[{"href":"https:\/\/defrentealaverdad.com\/index.php\/wp-json\/wp\/v2\/media?parent=16714"}],"wp:term":[{"taxonomy":"category","embeddable":true,"href":"https:\/\/defrentealaverdad.com\/index.php\/wp-json\/wp\/v2\/categories?post=16714"},{"taxonomy":"post_tag","embeddable":true,"href":"https:\/\/defrentealaverdad.com\/index.php\/wp-json\/wp\/v2\/tags?post=16714"}],"curies":[{"name":"wp","href":"https:\/\/api.w.org\/{rel}","templated":true}]}}