{"id":16708,"date":"2024-05-20T13:55:59","date_gmt":"2024-05-20T13:55:59","guid":{"rendered":"https:\/\/defrentealaverdad.com\/?p=16708"},"modified":"2024-05-20T13:55:59","modified_gmt":"2024-05-20T13:55:59","slug":"el-show-de-raymond-y-miguel-sigue-liderandi-los-fines-de-semana-y-ahora-con-nueva-escenografia","status":"publish","type":"post","link":"https:\/\/defrentealaverdad.com\/index.php\/2024\/05\/20\/el-show-de-raymond-y-miguel-sigue-liderandi-los-fines-de-semana-y-ahora-con-nueva-escenografia\/","title":{"rendered":"El Show de Raymond y Miguel: sigue liderandi los fines de semana y ahora con nueva escenografia"},"content":{"rendered":"<blockquote>\n<p style=\"text-align: justify;\">Los Reyes siguen apostando al humor de calidad, elevando el est\u00e1ndar con su creatividad y siendo tendencia en las plataformas digitales<\/p>\n<\/blockquote>\n<p style=\"text-align: justify;\">SANTO DOMINGO.- Raymond Pozo y Miguel C\u00e9spedes, de la mano con Caribbean Media World, contin\u00faan evolucionando su propuesta televisiva, por lo que, en esta ocasi\u00f3n, anunciaron una nueva etapa en el programa que se transmite todos los domingos de 8:00 a 9:00 de la noche por Color visi\u00f3n, a partir del pr\u00f3ximo 26 de mayo.<\/p>\n<p style=\"text-align: justify;\">\u00a0<img decoding=\"async\" class=\"size-medium wp-image-16710 alignleft lazyload\" data-src=\"https:\/\/defrentealaverdad.com\/wp-content\/uploads\/2024\/05\/IMG-20240520-WA0032-300x225.jpg\" alt=\"\" width=\"300\" height=\"225\" data-srcset=\"https:\/\/defrentealaverdad.com\/wp-content\/uploads\/2024\/05\/IMG-20240520-WA0032-300x225.jpg 300w, https:\/\/defrentealaverdad.com\/wp-content\/uploads\/2024\/05\/IMG-20240520-WA0032-1024x768.jpg 1024w, https:\/\/defrentealaverdad.com\/wp-content\/uploads\/2024\/05\/IMG-20240520-WA0032-768x576.jpg 768w, https:\/\/defrentealaverdad.com\/wp-content\/uploads\/2024\/05\/IMG-20240520-WA0032-1536x1152.jpg 1536w, https:\/\/defrentealaverdad.com\/wp-content\/uploads\/2024\/05\/IMG-20240520-WA0032-720x540.jpg 720w, https:\/\/defrentealaverdad.com\/wp-content\/uploads\/2024\/05\/IMG-20240520-WA0032.jpg 1600w\" data-sizes=\"(max-width: 300px) 100vw, 300px\" src=\"data:image\/svg+xml;base64,PHN2ZyB3aWR0aD0iMSIgaGVpZ2h0PSIxIiB4bWxucz0iaHR0cDovL3d3dy53My5vcmcvMjAwMC9zdmciPjwvc3ZnPg==\" style=\"--smush-placeholder-width: 300px; --smush-placeholder-aspect-ratio: 300\/225;\" \/>Esta nueva etapa de El Show de Raymond y Miguel viene acompa\u00f1ada de una renovaci\u00f3n total de la escenograf\u00eda, una moderna propuesta realizada por Omar Mart\u00ed, quien es uno de los talentos m\u00e1s destacado del dise\u00f1o escenogr\u00e1fico no solo en programas de televisi\u00f3n, sino tambi\u00e9n en espect\u00e1culos.<\/p>\n<p style=\"text-align: justify;\">El programa incluir\u00e1 nuevos sketches de comedias y un segmento especial para la di\u00e1spora, simulando una calle de Washington Heights donde los \u201cReyes del Humor\u201d plasmar\u00e1n sus ocurrencias y las vivencias del dominicano radicado en el extranjero.<\/p>\n<p style=\"text-align: justify;\"><img decoding=\"async\" class=\"size-medium wp-image-16709 alignright lazyload\" data-src=\"https:\/\/defrentealaverdad.com\/wp-content\/uploads\/2024\/05\/IMG-20240520-WA0033-300x225.jpg\" alt=\"\" width=\"300\" height=\"225\" data-srcset=\"https:\/\/defrentealaverdad.com\/wp-content\/uploads\/2024\/05\/IMG-20240520-WA0033-300x225.jpg 300w, https:\/\/defrentealaverdad.com\/wp-content\/uploads\/2024\/05\/IMG-20240520-WA0033-1024x768.jpg 1024w, https:\/\/defrentealaverdad.com\/wp-content\/uploads\/2024\/05\/IMG-20240520-WA0033-768x576.jpg 768w, https:\/\/defrentealaverdad.com\/wp-content\/uploads\/2024\/05\/IMG-20240520-WA0033-1536x1152.jpg 1536w, https:\/\/defrentealaverdad.com\/wp-content\/uploads\/2024\/05\/IMG-20240520-WA0033-720x540.jpg 720w, https:\/\/defrentealaverdad.com\/wp-content\/uploads\/2024\/05\/IMG-20240520-WA0033.jpg 1600w\" data-sizes=\"(max-width: 300px) 100vw, 300px\" src=\"data:image\/svg+xml;base64,PHN2ZyB3aWR0aD0iMSIgaGVpZ2h0PSIxIiB4bWxucz0iaHR0cDovL3d3dy53My5vcmcvMjAwMC9zdmciPjwvc3ZnPg==\" style=\"--smush-placeholder-width: 300px; --smush-placeholder-aspect-ratio: 300\/225;\" \/><\/p>\n<p style=\"text-align: justify;\">Este programa de humor que lidera cada domingo la audiencia dominicana cuenta con un gran y completo equipo de humoristas que complementa la puesta en escena como son Uldanelis Capel, Yessenia N\u00fa\u00f1ez, Venecia C\u00e9spedes, Willian Pineda, Miguel \u00c1ngel Reyes, Jos\u00e9 Garc\u00eda \u201cBulilo\u201d, Daniel Pozo, Richard Ure\u00f1a, Fernando Mora, Pl\u00e1cido Aquino, Juan Miguel \u201cBembucalo\u201d y Chuky N\u00fa\u00f1ez, dirigidos bajo la producci\u00f3n del experimentado productor Kaki Mart\u00ed, el cual cuenta con una trayectoria de m\u00e1s de 35 a\u00f1os en la televisi\u00f3n dominicana.<\/p>\n<p style=\"text-align: justify;\">Cabe destacar que Raymond y Miguel han logrado mantenerse a la vanguardia y en el gusto popular durante 30 a\u00f1os de trayectoria, lo que se refleja en el logro del alto rating de cada emisi\u00f3n, siendo el programa televisivo de fin de semana m\u00e1s visto.<\/p>\n<p style=\"text-align: justify;\"><img decoding=\"async\" class=\"size-medium wp-image-16711 alignleft lazyload\" data-src=\"https:\/\/defrentealaverdad.com\/wp-content\/uploads\/2024\/05\/IMG-20240520-WA0031-300x153.jpg\" alt=\"\" width=\"300\" height=\"153\" data-srcset=\"https:\/\/defrentealaverdad.com\/wp-content\/uploads\/2024\/05\/IMG-20240520-WA0031-300x153.jpg 300w, https:\/\/defrentealaverdad.com\/wp-content\/uploads\/2024\/05\/IMG-20240520-WA0031-768x393.jpg 768w, https:\/\/defrentealaverdad.com\/wp-content\/uploads\/2024\/05\/IMG-20240520-WA0031.jpg 964w\" data-sizes=\"(max-width: 300px) 100vw, 300px\" src=\"data:image\/svg+xml;base64,PHN2ZyB3aWR0aD0iMSIgaGVpZ2h0PSIxIiB4bWxucz0iaHR0cDovL3d3dy53My5vcmcvMjAwMC9zdmciPjwvc3ZnPg==\" style=\"--smush-placeholder-width: 300px; --smush-placeholder-aspect-ratio: 300\/153;\" \/><\/p>\n<p style=\"text-align: justify;\">Los Reyes del Humor destacaron que seguir\u00e1n marcando tendencia con sus parodias con imitaciones de artistas, las cuales han logrado alcanzar millones de vistas en plataformas digitales convirti\u00e9ndose en tendencia con algunas como: Jennifer Lopez, Alex Rodriguez, Omega, Bulin 47, Chimbala y hasta Barbie, entre las imitaciones que todos recordamos mientras re\u00edmos.<\/p>\n<p style=\"text-align: justify;\">Adem\u00e1s, los humoristas ganadores de m\u00faltiples Premios Soberano aprovecharon para agradecer a todas las marcas que han apoyado su carrera durante estas tres d\u00e9cadas.<\/p>\n<p style=\"text-align: justify;\">De su lado, Miguel C\u00e9spedes coment\u00f3:<\/p>\n<blockquote>\n<p style=\"text-align: justify;\">\u201cColor Visi\u00f3n es nuestra casa y cada uno de sus integrantes los hemos visto como familia, se han preocupado por cada detalle de nuestra producci\u00f3n procurando mantener el est\u00e1ndar de calidad que los caracteriza y apoyando cada una de nuestras propuestas, por ello nuestro agradecimiento eterno a todos especialmente a su presidente Domingo Berm\u00fadez\u201d.<\/p>\n<\/blockquote>\n<p style=\"text-align: justify;\">Asimismo, Raymond Pozo puntualiz\u00f3:<\/p>\n<blockquote>\n<p style=\"text-align: justify;\">\u201cCaribbean Media World han sido responsable de grandes pasos que hemos dado en estos \u00faltimos a\u00f1os con nuestra carrera, siendo este refrescamiento de imagen uno de ellos, adem\u00e1s han tenido la visi\u00f3n de crecimiento m\u00e1s all\u00e1 de nuestras expectativas por ello estamos muy agradecidos y felices de tenerlos a nuestro lado como socios y no paramos, vienen m\u00e1s cosas que estamos preparando para todo nuestro p\u00fablico\u201d<\/p>\n<\/blockquote>\n<p>Fuente: RR.PP. Reyes del Humor<\/p>\n","protected":false},"excerpt":{"rendered":"<p>Los Reyes siguen apostando al humor de calidad, elevando el est\u00e1ndar con su creatividad y<\/p>\n","protected":false},"author":4,"featured_media":0,"comment_status":"open","ping_status":"open","sticky":false,"template":"","format":"standard","meta":{"footnotes":""},"categories":[6],"tags":[],"class_list":["post-16708","post","type-post","status-publish","format-standard","hentry","category-espectaculos"],"_links":{"self":[{"href":"https:\/\/defrentealaverdad.com\/index.php\/wp-json\/wp\/v2\/posts\/16708","targetHints":{"allow":["GET"]}}],"collection":[{"href":"https:\/\/defrentealaverdad.com\/index.php\/wp-json\/wp\/v2\/posts"}],"about":[{"href":"https:\/\/defrentealaverdad.com\/index.php\/wp-json\/wp\/v2\/types\/post"}],"author":[{"embeddable":true,"href":"https:\/\/defrentealaverdad.com\/index.php\/wp-json\/wp\/v2\/users\/4"}],"replies":[{"embeddable":true,"href":"https:\/\/defrentealaverdad.com\/index.php\/wp-json\/wp\/v2\/comments?post=16708"}],"version-history":[{"count":1,"href":"https:\/\/defrentealaverdad.com\/index.php\/wp-json\/wp\/v2\/posts\/16708\/revisions"}],"predecessor-version":[{"id":16712,"href":"https:\/\/defrentealaverdad.com\/index.php\/wp-json\/wp\/v2\/posts\/16708\/revisions\/16712"}],"wp:attachment":[{"href":"https:\/\/defrentealaverdad.com\/index.php\/wp-json\/wp\/v2\/media?parent=16708"}],"wp:term":[{"taxonomy":"category","embeddable":true,"href":"https:\/\/defrentealaverdad.com\/index.php\/wp-json\/wp\/v2\/categories?post=16708"},{"taxonomy":"post_tag","embeddable":true,"href":"https:\/\/defrentealaverdad.com\/index.php\/wp-json\/wp\/v2\/tags?post=16708"}],"curies":[{"name":"wp","href":"https:\/\/api.w.org\/{rel}","templated":true}]}}