{"id":16656,"date":"2024-05-18T03:43:07","date_gmt":"2024-05-18T03:43:07","guid":{"rendered":"https:\/\/defrentealaverdad.com\/?p=16656"},"modified":"2024-05-19T03:44:28","modified_gmt":"2024-05-19T03:44:28","slug":"detencion-de-camiones-repartiendo-productos-en-san-juan-de-la-maguana","status":"publish","type":"post","link":"https:\/\/defrentealaverdad.com\/index.php\/2024\/05\/18\/detencion-de-camiones-repartiendo-productos-en-san-juan-de-la-maguana\/","title":{"rendered":"Detenci\u00f3n de Camiones Repartiendo Productos en San Juan de la Maguana"},"content":{"rendered":"<p>&nbsp;<\/p>\n<p><img decoding=\"async\" class=\"size-medium wp-image-16658 alignleft lazyload\" data-src=\"https:\/\/defrentealaverdad.com\/wp-content\/uploads\/2024\/05\/IMG-20240519-WA0002-225x300.jpg\" alt=\"\" width=\"225\" height=\"300\" data-srcset=\"https:\/\/defrentealaverdad.com\/wp-content\/uploads\/2024\/05\/IMG-20240519-WA0002-225x300.jpg 225w, https:\/\/defrentealaverdad.com\/wp-content\/uploads\/2024\/05\/IMG-20240519-WA0002-768x1024.jpg 768w, https:\/\/defrentealaverdad.com\/wp-content\/uploads\/2024\/05\/IMG-20240519-WA0002-450x600.jpg 450w, https:\/\/defrentealaverdad.com\/wp-content\/uploads\/2024\/05\/IMG-20240519-WA0002.jpg 960w\" data-sizes=\"(max-width: 225px) 100vw, 225px\" src=\"data:image\/svg+xml;base64,PHN2ZyB3aWR0aD0iMSIgaGVpZ2h0PSIxIiB4bWxucz0iaHR0cDovL3d3dy53My5vcmcvMjAwMC9zdmciPjwvc3ZnPg==\" style=\"--smush-placeholder-width: 225px; --smush-placeholder-aspect-ratio: 225\/300;\" \/>San Juan de la Maguana.- En un operativo llevado a cabo en la tarde de hoy, el Fiscal Electoral de San Juan de la Maguana, junto con la Polic\u00eda Militar Electoral, detuvo dos camiones pertenecientes al senador Feliz Bautista.<\/p>\n<p>Los veh\u00edculos fueron sorprendidos en el acto de distribuir fundas de productos comestibles en diversos puntos de esta ciudad, los mismos fueron detenidos a la fortaleza militar del Ej\u00e9rcito Dominicano.<\/p>\n<p>El Magistrado Fiscal Vicente Rodr\u00edguez S\u00e1nchez encabez\u00f3 la operaci\u00f3n, asegurando que el proceso se apeg\u00f3 a los mandatos legales correspondientes. La detenci\u00f3n de estos camiones forma parte de un esfuerzo mayor por asegurar la transparencia y la equidad durante el periodo electoral.<\/p>\n<p><img decoding=\"async\" class=\"size-medium wp-image-16657 alignright lazyload\" data-src=\"https:\/\/defrentealaverdad.com\/wp-content\/uploads\/2024\/05\/IMG-20240519-WA0003-169x300.jpg\" alt=\"\" width=\"169\" height=\"300\" data-srcset=\"https:\/\/defrentealaverdad.com\/wp-content\/uploads\/2024\/05\/IMG-20240519-WA0003-169x300.jpg 169w, https:\/\/defrentealaverdad.com\/wp-content\/uploads\/2024\/05\/IMG-20240519-WA0003-576x1024.jpg 576w, https:\/\/defrentealaverdad.com\/wp-content\/uploads\/2024\/05\/IMG-20240519-WA0003-768x1365.jpg 768w, https:\/\/defrentealaverdad.com\/wp-content\/uploads\/2024\/05\/IMG-20240519-WA0003-864x1536.jpg 864w, https:\/\/defrentealaverdad.com\/wp-content\/uploads\/2024\/05\/IMG-20240519-WA0003.jpg 900w\" data-sizes=\"(max-width: 169px) 100vw, 169px\" src=\"data:image\/svg+xml;base64,PHN2ZyB3aWR0aD0iMSIgaGVpZ2h0PSIxIiB4bWxucz0iaHR0cDovL3d3dy53My5vcmcvMjAwMC9zdmciPjwvc3ZnPg==\" style=\"--smush-placeholder-width: 169px; --smush-placeholder-aspect-ratio: 169\/300;\" \/><\/p>\n<p>Los veh\u00edculos y los bienes incautados est\u00e1n siendo investigados para determinar la legalidad de esta actividad, especialmente considerando las restricciones vigentes sobre actividades de campa\u00f1a que involucren distribuci\u00f3n de bienes. Se espera que en las pr\u00f3ximas horas se brinde m\u00e1s informaci\u00f3n sobre las medidas legales que se tomar\u00e1n en respuesta a este incidente.<\/p>\n<p>Este caso sigue en desarrollo y se proporcionar\u00e1n actualizaciones conforme est\u00e9n disponibles.<\/p>\n<p>Fuente: Mario Lara<\/p>\n","protected":false},"excerpt":{"rendered":"<p>&nbsp; San Juan de la Maguana.- En un operativo llevado a cabo en la tarde<\/p>\n","protected":false},"author":1,"featured_media":0,"comment_status":"open","ping_status":"open","sticky":false,"template":"","format":"standard","meta":{"footnotes":""},"categories":[7],"tags":[],"class_list":["post-16656","post","type-post","status-publish","format-standard","hentry","category-nacionales"],"_links":{"self":[{"href":"https:\/\/defrentealaverdad.com\/index.php\/wp-json\/wp\/v2\/posts\/16656","targetHints":{"allow":["GET"]}}],"collection":[{"href":"https:\/\/defrentealaverdad.com\/index.php\/wp-json\/wp\/v2\/posts"}],"about":[{"href":"https:\/\/defrentealaverdad.com\/index.php\/wp-json\/wp\/v2\/types\/post"}],"author":[{"embeddable":true,"href":"https:\/\/defrentealaverdad.com\/index.php\/wp-json\/wp\/v2\/users\/1"}],"replies":[{"embeddable":true,"href":"https:\/\/defrentealaverdad.com\/index.php\/wp-json\/wp\/v2\/comments?post=16656"}],"version-history":[{"count":1,"href":"https:\/\/defrentealaverdad.com\/index.php\/wp-json\/wp\/v2\/posts\/16656\/revisions"}],"predecessor-version":[{"id":16659,"href":"https:\/\/defrentealaverdad.com\/index.php\/wp-json\/wp\/v2\/posts\/16656\/revisions\/16659"}],"wp:attachment":[{"href":"https:\/\/defrentealaverdad.com\/index.php\/wp-json\/wp\/v2\/media?parent=16656"}],"wp:term":[{"taxonomy":"category","embeddable":true,"href":"https:\/\/defrentealaverdad.com\/index.php\/wp-json\/wp\/v2\/categories?post=16656"},{"taxonomy":"post_tag","embeddable":true,"href":"https:\/\/defrentealaverdad.com\/index.php\/wp-json\/wp\/v2\/tags?post=16656"}],"curies":[{"name":"wp","href":"https:\/\/api.w.org\/{rel}","templated":true}]}}