{"id":16646,"date":"2024-05-18T01:36:30","date_gmt":"2024-05-18T01:36:30","guid":{"rendered":"https:\/\/defrentealaverdad.com\/?p=16646"},"modified":"2024-05-19T01:36:42","modified_gmt":"2024-05-19T01:36:42","slug":"cuando-y-donde-votaran-los-candidatos-presidencialescongresuales-y-otras-autoridades-este-19-de-mayo","status":"publish","type":"post","link":"https:\/\/defrentealaverdad.com\/index.php\/2024\/05\/18\/cuando-y-donde-votaran-los-candidatos-presidencialescongresuales-y-otras-autoridades-este-19-de-mayo\/","title":{"rendered":"\u00bfCu\u00e1ndo y d\u00f3nde votaran los candidatos presidenciales,congresuales y otras autoridades este 19 de mayo?"},"content":{"rendered":"<header class=\"xl:ml-12 xl:pl-1 lg:ml-10 lg:pl-0 md:ml-12 md:pl-1 mb-4\"><\/header>\n<div class=\"flex flex-wrap -ml-4 -mr-3 relative md:px-3 lg:px-0\">\n<div class=\"fixed-content\"><\/div>\n<div class=\"w-full xl:w-85\/12 md:w-75\/12 sm:w-full px-4 pb-12\">\n<div class=\"expand-img\" style=\"text-align: justify;\">\n<blockquote><p>Las elecciones 2024 se realizar\u00e1 de 7:00 de la ma\u00f1ana hasta la 5:00 de la tarde.<\/p><\/blockquote>\n<\/div>\n<div style=\"text-align: justify;\"><\/div>\n<p class=\"text-lg\">Este domingo, 19 de mayo, se llevar\u00e1n a cabo las elecciones en la Rep\u00fablica Dominicana. Los ciudadanos elegir\u00e1n al pr\u00f3ximo presidente y a los representantes congresuales. A continuaci\u00f3n, se presenta la agenda de los lugares y horarios en los que los candidatos de estas elecciones y otras autoridades del pa\u00eds ejercer\u00e1n su derecho al voto.<br \/>\n<img decoding=\"async\" class=\"alignleft lazyload\" data-src=\"https:\/\/resources.diariolibre.com\/images\/2024\/01\/05\/lo-que-standard--poors-entiende-debe-hacer-rd-despues-de-elecciones-focus-0-0-896-504.jpg\" alt=\"Elecciones 2024: Itinerario de votaci\u00f3n de los candidatos y otras autoridades\" src=\"data:image\/svg+xml;base64,PHN2ZyB3aWR0aD0iMSIgaGVpZ2h0PSIxIiB4bWxucz0iaHR0cDovL3d3dy53My5vcmcvMjAwMC9zdmciPjwvc3ZnPg==\" \/><\/p>\n<div class=\"detail-body text-lg\">\n<p style=\"text-align: justify;\"><strong>Candidatos presidenciales y acompa\u00f1antes\u00a0<\/strong><\/p>\n<p style=\"text-align: justify;\">El presidente de la Rep\u00fablica y candidato a reelegirse por el mismo cargo en el Partido Revolucionario Moderno (<strong>PRM<\/strong>),\u00a0<strong>Luis Abinader,<\/strong>\u00a0votar\u00e1 en el\u00a0Colegio Secundaria Babeque, en la calle Socorro S\u00e1nchez, en el Distrito Nacional. Ejercer\u00e1 su voto a las\u00a0<strong>10:30 de la ma\u00f1ana.\u00a0<\/strong><\/p>\n<p style=\"text-align: justify;\">La vicepresidenta de la Rep\u00fablica y candidata a la misma posici\u00f3n por el\u00a0<strong>PRM<\/strong>,\u00a0<strong>Raquel Pe\u00f1a<\/strong>, ejercer\u00e1 su derecho al voto en el Ayuntamiento Municipal de Santiago, en la mesa 0180, a las\u00a0<strong>9:00 de la ma\u00f1ana.<\/strong><\/p>\n<p style=\"text-align: justify;\">El candidato por el partido de la Fuerza del Pueblo (<strong>FP<\/strong>),\u00a0<strong>Leonel Fern\u00e1ndez<\/strong>, votar\u00e1 a las 11:00 de la ma\u00f1ana en la Escuela Rep\u00fablica Dominicana,en el sector Villa Juana, en el Distrito Nacional.<\/p>\n<p style=\"text-align: justify;\">La candidata a la vicepresidencia por la\u00a0<strong>FP<\/strong>,\u00a0<strong>Ingrid Mendoza,\u00a0<\/strong>votar\u00e1 a las 9:30 de la ma\u00f1ana en el liceo Estados Unidos, en la avenida M\u00e9xico, en el Distrito Nacional.<\/p>\n<p style=\"text-align: justify;\">El candidato presidencial del Partido de la Liberaci\u00f3n Dominicana (<strong>PLD<\/strong>),\u00a0<strong>Abel Mart\u00ednez,<\/strong>\u00a0ejercer\u00e1 su derecho al voto a las\u00a0<strong>10:00 de la ma\u00f1ana\u00a0<\/strong>en el polit\u00e9cnico Nuestra Se\u00f1ora de Las Mercedes, en Los Jardines, Santiago de los Caballeros.<\/p>\n<p style=\"text-align: justify;\"><strong>Zoraima Cuello<\/strong>, candidata vicepresidencial del\u00a0<strong>PLD<\/strong>, ejercer\u00e1 su derecho al voto en el liceo Experimental de la Universidad Aut\u00f3noma de Santo Domingo, ubicado en la avenida Correa y Cidr\u00f3n en la zona universitaria en la capital a las 11:00 de la ma\u00f1ana.<\/p>\n<p style=\"text-align: justify;\"><strong>Miguel Vargas Maldonado,\u00a0<\/strong>candidato a presidente por el Partido Revolucionario Dominicano (PRD), votar\u00e1 a las 11:30 de la ma\u00f1ana en la en la mesa electoral n\u00famero 264A del Colegio San Juan Bautista, del ensanche Julieta, en el Distrito Nacional.<\/p>\n<p style=\"text-align: justify;\">La candidata presidencial del partido Opci\u00f3n Democr\u00e1tica (OD),<strong>\u00a0Virginia Antares<\/strong>, votar\u00e1 a las<strong>\u00a09:30 de la ma\u00f1ana<\/strong>\u00a0en el Club Para\u00edso, en la avenida Winston Churchill, en el Distrito Nacional.<\/p>\n<p style=\"text-align: justify;\">El candidato vicepresidencial del partido Opci\u00f3n Democr\u00e1tica (OD),\u00a0<strong>Ico Abreu<\/strong>, votar\u00e1 a las 10:30 de la ma\u00f1ana en el Colegio Oratorio Mar\u00eda Auxiliadora (OMA), en la Circunscripci\u00f3n No. 3.<\/p>\n<p style=\"text-align: justify;\">El candidato presidencial del partido Generaci\u00f3n de Servidores (Gens),\u00a0<strong>Carlos Pe\u00f1a<\/strong>, votar\u00e1 a las\u00a0<strong>9:00 de la ma\u00f1ana\u00a0<\/strong>en la Escuela Domingo Savio en el barrio Agua Dulce del sector 27 de febrero, en el Distrito Nacional.<\/p>\n<p style=\"text-align: justify;\">Mientras que la candidata a vicepresidente por ese mismo partido,\u00a0<strong>Nikauly de la Mota,<\/strong>\u00a0ejercer\u00e1 su derecho al voto a las\u00a0<strong>11:00 de la ma\u00f1ana<\/strong>\u00a0en el Colegio San Juan Bautista, en la mesa 265 B, en el sector Bella Vista, Distrito Nacional.<\/p>\n<p style=\"text-align: justify;\"><strong>Fulgencio Severino,<\/strong>\u00a0candidato presidencial por el partido por el Partido Patria para Todos (PPT), votar\u00e1 en el liceo San Vicente de Pa\u00fal, en Santo Domingo Este, a las 9:00 de la ma\u00f1ana.<\/p>\n<p style=\"text-align: justify;\"><strong>Mar\u00eda Teresa Cabrera<\/strong>, candidata presidencial por el partido Frente Amplio, ejercer\u00e1 el derecho al sufragio en la Escuela Ram\u00f3n del Orbe, en La Vega, a las 11:00 de la ma\u00f1ana.<\/p>\n<p style=\"text-align: justify;\">El candidato presidencial del Partido Esperanza Democr\u00e1tica (PED),\u00a0<strong>Roque Espaillat<\/strong>, mejor conocido como \u00abEl Cobrador\u00bb, votar\u00e1 en Santiago a las 11:00 de la ma\u00f1ana.<\/p>\n<p style=\"text-align: justify;\"><strong>Candidatos congresuales\u00a0<\/strong><\/p>\n<p style=\"text-align: justify;\">El candidato a diputado\u00a0<strong>Alfredo Pacheco\u00a0<\/strong>votar\u00e1 a las<strong>\u00a09:00 de la ma\u00f1ana\u00a0<\/strong>en la escuela b\u00e1sica Santa Martha, en la calle Ram\u00f3n C\u00e1ceres casi esquina Nicol\u00e1s de Ovando, del sector en el Distrito Nacional.<\/p>\n<p style=\"text-align: justify;\"><strong>Guillermo Moreno,<\/strong>\u00a0candidato a senador por el Distrito Nacional, ejercer\u00e1 su voto a las 8:00 de la ma\u00f1ana en la Escuela Santa Teresa de Jes\u00fas, ubicada en la zona universitaria, Distrito Nacional.<\/p>\n<p style=\"text-align: justify;\">El candidato a senador de la alianza Rescate RD por el Distrito Nacional,<strong>\u00a0Omar Fern\u00e1ndez<\/strong>, ejercer\u00e1 su voto a las 10:00 a.m., en el Colegio\u00a0 Instituto San Juan Bautista<\/p>\n<p style=\"text-align: justify;\"><strong>Bol\u00edvar Valera,\u00a0<\/strong>candidato a diputado por el\u00a0<strong>PRM<\/strong>, inform\u00f3 que ejercer\u00e1 su derecho al voto a las 9:00 de la ma\u00f1ana en la\u00a0universidad UAPA, en Santo Domingo Este.<\/p>\n<p style=\"text-align: justify;\">Mientras que,\u00a0<strong>Daniel Rivera<\/strong>, candidato a senador por el\u00a0<strong>PRM<\/strong>\u00a0en Santiago, emitir\u00e1 su voto en el Club Amaprosan a las 9:30 de la ma\u00f1ana.<\/p>\n<p style=\"text-align: justify;\">La candidata a senadora por el Partido de la Liberaci\u00f3n Dominicana (<strong>PLD<\/strong>), Cristina Lizardo, votar\u00e1 a las 10:00 de la ma\u00f1ana en la Escuela Patria Mella, ubicada en la marginal de la Autopista Las Am\u00e9ricas, Santo Domingo Este.<\/p>\n<p style=\"text-align: justify;\">La presidenta del partido Opci\u00f3n Democr\u00e1tica (OD) y candidata a diputada nacional,\u00a0<strong>Minou Tav\u00e1rez Mirabal<\/strong>, votar\u00e1 a las 8:00 de la ma\u00f1ana en la DGAPP, ubicado en la avenida Winston Churchill.<\/p>\n<p style=\"text-align: justify;\">El vicepresidente del partido Opci\u00f3n Democr\u00e1tica (OD), actual diputado y candidato a la misma posici\u00f3n<strong>\u00a0Jos\u00e9 Horacio Rodr\u00edguez<\/strong>, votar\u00e1 a las 9:45 de la ma\u00f1ana en el Club Para\u00edso.<\/p>\n<p style=\"text-align: justify;\"><strong>Ney Rodr\u00edguez,<\/strong>\u00a0candidato a senador por el Partido Revolucionario Moderno (<strong>PRM<\/strong>) en la provincia Dajab\u00f3n, indic\u00f3 que votar\u00e1 en la Escuela Rafael D\u00edaz Nieses, en el municipio Loma de Cabrera, a las\u00a0<strong>10:00 de la ma\u00f1ana.\u00a0<\/strong><\/p>\n<p style=\"text-align: justify;\">El candidato a senador por la provincia S\u00e1nchez Ram\u00edrez,\u00a0<strong>Ricardo De los Santos<\/strong>, votar\u00e1 a las 9:00 de la ma\u00f1ana\u00a0Escuela Taira Mar\u00eda Jos\u00e9, en el sector Los Pinos, municipio Cotu\u00ed.<\/p>\n<p style=\"text-align: justify;\"><strong>Alexis Victoria Yeb<\/strong>, candidato a senador por la provincia Mar\u00eda Trinidad S\u00e1nchez, votar\u00e1 a las 10:00 de la ma\u00f1ana en el Colegio Nueva Luz del municipio de Nagua.<\/p>\n<p style=\"text-align: justify;\">La candidata a senadora por Azua,\u00a0<strong>L\u00eda D\u00edaz Santana<\/strong>, votar\u00e1 a las 10:00 de la ma\u00f1ana en el Colegio M\u00e9dico Dominicano de esa provincia.<\/p>\n<p style=\"text-align: justify;\"><strong>Otras autoridades<\/strong><\/p>\n<p style=\"text-align: justify;\">El expresidente de la Rep\u00fablica,\u00a0<strong>Danilo Medina,<\/strong>\u00a0votar\u00e1 a la 1:00 de la tarde en la Casa Mar\u00eda Auxiliadora del sector Don Bosco, en el Distrito Nacional.<\/p>\n<p style=\"text-align: justify;\"><strong>Charles Mariotti,<\/strong>\u00a0secretario general del\u00a0<strong>PLD<\/strong>, votar\u00e1 en el liceo Secundario Julio A. Cuello en el sector Vietnam, en la provincia de Monte Plata, asistir\u00e1 a las 10:00 de la ma\u00f1ana.<\/p>\n<p style=\"text-align: justify;\">El ministro administrativo de la Presidencia de la Rep\u00fablica,\u00a0<strong>Jos\u00e9 Ignacio Paliza<\/strong>, votar\u00e1 a las\u00a0<strong>10:30 de la ma\u00f1ana<\/strong>\u00a0en la Escuela Rural Los Ciruelos, Montellano, en la provincia Puerto Plata.<\/p>\n<p style=\"text-align: justify;\">El ministro de la Presidencia,\u00a0<strong>Joel Santos Echavarr\u00eda<\/strong>, ejercer\u00e1 su derecho al voto a las 2:00 de la tarde, en el colegio Apec Fernando Arturo de Meri\u00f1o, ubicado en la 27 de Febrero, esquina Caonabo.<\/p>\n<p style=\"text-align: justify;\">La senadora del Distrito Nacional,\u00a0<strong>Faride Raful<\/strong>, ejercer\u00e1 su derecho al voto en la Escuela Luis Mu\u00f1oz Rivera, en la mesa 211B, en el Distrito Nacional.<\/p>\n<p style=\"text-align: justify;\">El expresidente de Rep\u00fablica,\u00a0<strong>Hip\u00f3lito Mej\u00eda<\/strong>, votar\u00e1 a las 8:00 de la ma\u00f1ana en las instalaciones del Archivo General de la Naci\u00f3n, ubicado en la zona universitaria, en el Distrito Nacional.<\/p>\n<p style=\"text-align: justify;\"><strong>Carolina Mej\u00eda,\u00a0<\/strong>alcaldesa del Distrito Nacional, ejercer\u00e1 su derecho al voto a las\u00a0<strong>9:00 de la ma\u00f1ana\u00a0<\/strong>en las instalaciones del\u00a0Archivo General de la Naci\u00f3n.<\/p>\n<p style=\"text-align: justify;\">El alcalde de Santo Domingo Este,\u00a0<strong>D\u00edo Astacio<\/strong>, inform\u00f3 que ejercer\u00e1 su derecho al voto a las\u00a0<strong>8:40 de la ma\u00f1ana<\/strong>\u00a0en el liceo Cardenal Sancha, ubicado en la calle Costa Rica de Alma Rosa, en Santo Domingo Este.<\/p>\n<p style=\"text-align: justify;\">La alcaldesa de Santo Domingo Norte,\u00a0<strong>Betty Ger\u00f3nimo<\/strong>, votar\u00e1 a las 10:00 de la ma\u00f1ana en la escuela Leoncio Manzueta, en Santa Cruz de Villa Mella, Santo Domingo Norte.<\/p>\n<p style=\"text-align: justify;\">El director general de Proyectos Estrat\u00e9gicos y Especiales de la Presidencia (Propeep),\u00a0<strong>Roberto \u00c1ngel Salcedo,\u00a0<\/strong>votar\u00e1 a las 10:30 de la ma\u00f1ana en la escuela San Judas Tadeo, en el Ensanche Naco, en el Distrito Nacional.<\/p>\n<p style=\"text-align: justify;\"><strong>Ulises Rodr\u00edguez,<\/strong>\u00a0alcalde municipal de Santiago, votar\u00e1 en el Albergue Infantil, frente a Uni\u00f3n M\u00e9dica, a las 8:15 de la ma\u00f1ana.<\/p>\n<p style=\"text-align: justify;\"><strong>Alberto Atallah<\/strong>, miembro de la Direcci\u00f3n Ejecutiva del\u00a0<strong>PRM<\/strong>, votar\u00e1 en el Centro Sanitario Santo Domingo, en el sector Gazcue, del Distrito Nacional.<\/p>\n<p style=\"text-align: justify;\">El ministro de Salud P\u00fablica y Asistencia Social (MISPAS), V\u00edctor Atallah, ejercer\u00e1 su derecho al voto en el Colegio Luis Mu\u00f1oz Rivera, ubicado en la C\/ Rafael Augusto Sanchez,#31 del Distrito Nacional, a las 9:00 A M.<\/p>\n<p style=\"text-align: justify;\">El ministro de Educaci\u00f3n Superior, Ciencia y Tecnolog\u00eda (Mescyt),\u00a0<strong>Franklin Garcia Ferm\u00edn,<\/strong>\u00a0ejercer\u00e1 su voto en el Colegio Babeque a las 9:00 de la ma\u00f1ana.<\/p>\n<p style=\"text-align: justify;\"><strong>Tony Pe\u00f1a Guaba,<\/strong>\u00a0coordinador del Gabinete de Pol\u00edticas Sociales del Gobierno, votar\u00e1 a las 2:00 de la tarde en el\u00a0Club Evaristo Morales, en el Distrito Nacional.<\/p>\n<p style=\"text-align: justify;\"><strong>Santiago Hazim<\/strong>, coordinador nacional del Sector Externo con Luis Abinader(oLA),\u00a0 ejercer\u00e1 su derecho al voto en el colegio electoral, ubicado en el Centro Educativo San Judas Tadeo, en el Distrito Nacional, a las 10:00 a.m.<\/p>\n<p style=\"text-align: justify;\"><strong>Ito Bison\u00f3<\/strong>, ministro de Industria, Comercio y Mypimes, votar\u00e1 a las 11:00 de la ma\u00f1ana en la\u00a0<strong>Universidad Nacional Pedro Henr\u00edquez Ure\u00f1a (Unphu),\u00a0<\/strong>en la avenida John F. Kennedy, en el Distrito Nacional.<\/p>\n<p style=\"text-align: justify;\">El ministro de Energ\u00eda y Minas,\u00a0<strong>Antonio Almonte<\/strong>, votar\u00e1 a las 9:00 de la ma\u00f1ana en la Escuela Padre Sindulfo, en Santa Cruz, Villa Mella, Santo Domingo Norte.<\/p>\n<p style=\"text-align: justify;\"><strong>Felipe\u00a0Antonio (Fellito)\u00a0Suberv\u00ed\u00a0Hern\u00e1ndez,<\/strong>\u00a0director de la Corporaci\u00f3n del Acueducto y Alcantarillado de Santo Domingo (Caasd), votar\u00e1 a las 8:30 de la ma\u00f1ana en la mesa 1917 del colegio<em>\u00a0Follow Me,\u00a0<\/em>en la calle Las Palmas n\u00famero 1, esquina Bienvenido Garc\u00eda Gautier, en el sector Arroyo Hondo.<\/p>\n<p style=\"text-align: justify;\">El director general de Impuesto Internos (DGII),\u00a0<strong>Luis Valdez,\u00a0<\/strong>votar\u00e1 a las 8:00 de la ma\u00f1ana en la Escuela Primaria Padre Sindulfo And\u00fajar, ubicada en la calle Central n\u00famero 1, en Los Trinitarios Santa Cruz, en Santo Domingo Norte.<\/p>\n<p style=\"text-align: justify;\">El subsecretario general del\u00a0<strong>PRM<\/strong>,\u00a0<strong>Jean Luis Rodr\u00edguez,\u00a0<\/strong>votar\u00e1 a las 11:00 de la ma\u00f1ana en las instalaciones de El Correo, provincia El Seibo.<\/p>\n<p style=\"text-align: justify;\">El exsecretario de Estado de Trabajo, Rafael Albuquerque, votar\u00e1 a las 10:00 de la ma\u00f1ana en el Colegio Santa Teresita, en el sector Gazcue, en el Distrito Nacional.<\/p>\n<p style=\"text-align: justify;\"><strong>Samuel Pereyra,\u00a0<\/strong>administrador de Banco de Reservas, votar\u00e1 a las 10:00 de la ma\u00f1ana en el Colegio La Salle, en el Distrito Nacional.<\/p>\n<p style=\"text-align: justify;\">El embajador dominicano en Hait\u00ed,<strong>\u00a0Faruk Miguel<\/strong>, votar\u00e1 a las 7:00 en la Escuela Brasil, en el sector San Carlos, en el Distrito Nacional.<\/p>\n<p style=\"text-align: justify;\">El vicepresidente y coordinador ejecutivo del Partido Revolucionario Moderno (<strong>PRM<\/strong>),\u00a0<strong>Eddy Olivares<\/strong>, votar\u00e1 a las 8:00 de la ma\u00f1ana en la Escuela Parroquial Fe y Alegr\u00eda, en el sector Los Mameyes, Santo Domingo Este.<\/p>\n<p style=\"text-align: justify;\">En tanto que, el ministro de Administraci\u00f3n P\u00fablica (MAP),\u00a0<strong>Dar\u00edo Castillo Lugo<\/strong>, votar\u00e1 a las 8:00 de la ma\u00f1ana en Club Para\u00edso, en la avenida Winston Churchill, en el Distrito Nacional.<\/p>\n<p style=\"text-align: justify;\">El presidente de la Junta de Aviaci\u00f3n Civil (JAC),\u00a0<strong>Jos\u00e9 Marte Piantini,<\/strong>\u00a0votar\u00e1 a las 8:00 de la ma\u00f1ana en el Instituto de Formaci\u00f3n Docente Salom\u00e9 Ure\u00f1a, ubicado en la calle Leonardo Da Vinci, esquina Caonabo, en la Urbanizaci\u00f3n Renacimiento, en el Distrito Nacional.<\/p>\n<p style=\"text-align: justify;\"><strong>Sigmund Freund,<\/strong>\u00a0director General de la Direcci\u00f3n General de Alianzas P\u00fablico-Privada (Dgapp), votar\u00e1 a las 11: 00 de la ma\u00f1ana en la Universidad Pedro Henr\u00edquez Ure\u00f1a, en el Distrito Nacional.<\/p>\n<p style=\"text-align: justify;\">Fuente: Diario Libre<\/p>\n<\/div>\n<\/div>\n<\/div>\n","protected":false},"excerpt":{"rendered":"<p>Las elecciones 2024 se realizar\u00e1 de 7:00 de la ma\u00f1ana hasta la 5:00 de la<\/p>\n","protected":false},"author":1,"featured_media":0,"comment_status":"open","ping_status":"open","sticky":false,"template":"","format":"standard","meta":{"footnotes":""},"categories":[7],"tags":[],"class_list":["post-16646","post","type-post","status-publish","format-standard","hentry","category-nacionales"],"_links":{"self":[{"href":"https:\/\/defrentealaverdad.com\/index.php\/wp-json\/wp\/v2\/posts\/16646","targetHints":{"allow":["GET"]}}],"collection":[{"href":"https:\/\/defrentealaverdad.com\/index.php\/wp-json\/wp\/v2\/posts"}],"about":[{"href":"https:\/\/defrentealaverdad.com\/index.php\/wp-json\/wp\/v2\/types\/post"}],"author":[{"embeddable":true,"href":"https:\/\/defrentealaverdad.com\/index.php\/wp-json\/wp\/v2\/users\/1"}],"replies":[{"embeddable":true,"href":"https:\/\/defrentealaverdad.com\/index.php\/wp-json\/wp\/v2\/comments?post=16646"}],"version-history":[{"count":1,"href":"https:\/\/defrentealaverdad.com\/index.php\/wp-json\/wp\/v2\/posts\/16646\/revisions"}],"predecessor-version":[{"id":16647,"href":"https:\/\/defrentealaverdad.com\/index.php\/wp-json\/wp\/v2\/posts\/16646\/revisions\/16647"}],"wp:attachment":[{"href":"https:\/\/defrentealaverdad.com\/index.php\/wp-json\/wp\/v2\/media?parent=16646"}],"wp:term":[{"taxonomy":"category","embeddable":true,"href":"https:\/\/defrentealaverdad.com\/index.php\/wp-json\/wp\/v2\/categories?post=16646"},{"taxonomy":"post_tag","embeddable":true,"href":"https:\/\/defrentealaverdad.com\/index.php\/wp-json\/wp\/v2\/tags?post=16646"}],"curies":[{"name":"wp","href":"https:\/\/api.w.org\/{rel}","templated":true}]}}