{"id":16624,"date":"2024-05-18T13:34:07","date_gmt":"2024-05-18T13:34:07","guid":{"rendered":"https:\/\/defrentealaverdad.com\/?p=16624"},"modified":"2024-05-18T13:34:07","modified_gmt":"2024-05-18T13:34:07","slug":"charlie-charlie-presenta-su-nueva-bachata-promocional-la-arepa-de-maria","status":"publish","type":"post","link":"https:\/\/defrentealaverdad.com\/index.php\/2024\/05\/18\/charlie-charlie-presenta-su-nueva-bachata-promocional-la-arepa-de-maria\/","title":{"rendered":"Charlie Charlie presenta su nueva bachata promocional \u201cLa arepa de Mar\u00eda\u201d"},"content":{"rendered":"<p style=\"text-align: justify;\"><img decoding=\"async\" class=\"size-medium wp-image-16625 alignright lazyload\" data-src=\"https:\/\/defrentealaverdad.com\/wp-content\/uploads\/2024\/05\/IMG-20240518-WA0024-200x300.jpg\" alt=\"\" width=\"200\" height=\"300\" data-srcset=\"https:\/\/defrentealaverdad.com\/wp-content\/uploads\/2024\/05\/IMG-20240518-WA0024-200x300.jpg 200w, https:\/\/defrentealaverdad.com\/wp-content\/uploads\/2024\/05\/IMG-20240518-WA0024-683x1024.jpg 683w, https:\/\/defrentealaverdad.com\/wp-content\/uploads\/2024\/05\/IMG-20240518-WA0024-768x1151.jpg 768w, https:\/\/defrentealaverdad.com\/wp-content\/uploads\/2024\/05\/IMG-20240518-WA0024.jpg 854w\" data-sizes=\"(max-width: 200px) 100vw, 200px\" src=\"data:image\/svg+xml;base64,PHN2ZyB3aWR0aD0iMSIgaGVpZ2h0PSIxIiB4bWxucz0iaHR0cDovL3d3dy53My5vcmcvMjAwMC9zdmciPjwvc3ZnPg==\" style=\"--smush-placeholder-width: 200px; --smush-placeholder-aspect-ratio: 200\/300;\" \/><\/p>\n<p style=\"text-align: justify;\">San Francisco de Macor\u00eds, Rep\u00fablica Dominicana &#8211; El reconocido bachatero dominicano Charlie Charlie lanza oficialmente su nueva bachata promocional titulada \u201cLa arepa de Mar\u00eda\u201d. Esta canci\u00f3n celebra una tradici\u00f3n muy arraigada en la cultura dominicana: la venta de arepas. Con una melod\u00eda contagiosa y letras que evocan la calidez y sabor de las arepas tradicionales, Charlie Charlie captura la esencia de una experiencia cotidiana en la Rep\u00fablica Dominicana.<\/p>\n<p style=\"text-align: justify;\">En \u00abLa arepa de Mar\u00eda\u00bb, Charlie Charlie narra la historia de una mujer que vende arepas y c\u00f3mo, al comprarle una, qued\u00f3 encantado con su sabor. La canci\u00f3n no solo es un homenaje a esta tradici\u00f3n, sino que tambi\u00e9n resalta la importancia de los peque\u00f1os comerciantes en la cultura local. El tema fue producido con la colaboraci\u00f3n de Dur\u00e1n como arreglista y Ambiorix Pimentel como corista, a\u00f1adiendo un toque especial que enriquece la composici\u00f3n.<\/p>\n<p style=\"text-align: justify;\">Charlie Charlie, cuyo nombre real es Roberto Ortiz P\u00e9rez, ha construido una carrera impresionante desde sus inicios en San Francisco de Macor\u00eds. Despu\u00e9s de mudarse a Puerto Rico, desarroll\u00f3 sus habilidades como compositor, guitarrista y arreglista, y en 1995 se traslad\u00f3 a Nueva York, donde trabaj\u00f3 con destacados bachateros como Teodoro Reyes, Allendy y Jos\u00e9 Manuel (El Sult\u00e1n).<\/p>\n<p style=\"text-align: justify;\">\u201cLa arepa de Mar\u00eda\u201d ya est\u00e1 disponible en todas las plataformas digitales para descarga y streaming. Charlie Charlie agradece profundamente el apoyo del p\u00fablico dominicano y espera que esta nueva canci\u00f3n contin\u00fae resonando entre sus seguidores, tanto j\u00f3venes como adultos.<\/p>\n<p style=\"text-align: justify;\"><strong>Sobre Charlie Charlie<\/strong><\/p>\n<p style=\"text-align: justify;\">Nacido en San Francisco de Macor\u00eds en 1975, Roberto Ortiz P\u00e9rez, conocido art\u00edsticamente como Charlie Charlie, proviene de una familia humilde. Su pasi\u00f3n por la m\u00fasica lo llev\u00f3 a Puerto Rico, donde se form\u00f3 como compositor y m\u00fasico. En 1995, se traslad\u00f3 a Nueva York, donde su talento lo llev\u00f3 a colaborar con figuras prominentes de la bachata. A lo largo de los a\u00f1os, Charlie Charlie ha construido una carrera s\u00f3lida y continua deleitando a sus seguidores con su m\u00fasica aut\u00e9ntica y emotiva.<\/p>\n<p style=\"text-align: justify;\">Para m\u00e1s informaci\u00f3n y para seguir de cerca las \u00faltimas noticias sobre Charlie Charlie, visite sus redes sociales y su p\u00e1gina web oficial:<\/p>\n<ul style=\"text-align: justify;\">\n<li>TikTok: @charliecharliebachata<\/li>\n<li>Instagram: @charlieperez11<\/li>\n<li>Facebook: Charlie Charlie bachata<\/li>\n<li>P\u00e1gina web: charliecharliemusic.com<\/li>\n<\/ul>\n<p style=\"text-align: justify;\">Fuente: Francisca Jimenez<\/p>\n","protected":false},"excerpt":{"rendered":"<p>San Francisco de Macor\u00eds, Rep\u00fablica Dominicana &#8211; El reconocido bachatero dominicano Charlie Charlie lanza oficialmente<\/p>\n","protected":false},"author":4,"featured_media":0,"comment_status":"open","ping_status":"open","sticky":false,"template":"","format":"standard","meta":{"footnotes":""},"categories":[6],"tags":[],"class_list":["post-16624","post","type-post","status-publish","format-standard","hentry","category-espectaculos"],"_links":{"self":[{"href":"https:\/\/defrentealaverdad.com\/index.php\/wp-json\/wp\/v2\/posts\/16624","targetHints":{"allow":["GET"]}}],"collection":[{"href":"https:\/\/defrentealaverdad.com\/index.php\/wp-json\/wp\/v2\/posts"}],"about":[{"href":"https:\/\/defrentealaverdad.com\/index.php\/wp-json\/wp\/v2\/types\/post"}],"author":[{"embeddable":true,"href":"https:\/\/defrentealaverdad.com\/index.php\/wp-json\/wp\/v2\/users\/4"}],"replies":[{"embeddable":true,"href":"https:\/\/defrentealaverdad.com\/index.php\/wp-json\/wp\/v2\/comments?post=16624"}],"version-history":[{"count":1,"href":"https:\/\/defrentealaverdad.com\/index.php\/wp-json\/wp\/v2\/posts\/16624\/revisions"}],"predecessor-version":[{"id":16627,"href":"https:\/\/defrentealaverdad.com\/index.php\/wp-json\/wp\/v2\/posts\/16624\/revisions\/16627"}],"wp:attachment":[{"href":"https:\/\/defrentealaverdad.com\/index.php\/wp-json\/wp\/v2\/media?parent=16624"}],"wp:term":[{"taxonomy":"category","embeddable":true,"href":"https:\/\/defrentealaverdad.com\/index.php\/wp-json\/wp\/v2\/categories?post=16624"},{"taxonomy":"post_tag","embeddable":true,"href":"https:\/\/defrentealaverdad.com\/index.php\/wp-json\/wp\/v2\/tags?post=16624"}],"curies":[{"name":"wp","href":"https:\/\/api.w.org\/{rel}","templated":true}]}}