{"id":16601,"date":"2024-05-18T01:30:19","date_gmt":"2024-05-18T01:30:19","guid":{"rendered":"https:\/\/defrentealaverdad.com\/?p=16601"},"modified":"2024-05-18T01:33:34","modified_gmt":"2024-05-18T01:33:34","slug":"unidades-elites-dominicanas-participan-en-competencia-fuerzas-comando-panama-2024","status":"publish","type":"post","link":"https:\/\/defrentealaverdad.com\/index.php\/2024\/05\/18\/unidades-elites-dominicanas-participan-en-competencia-fuerzas-comando-panama-2024\/","title":{"rendered":"Unidades \u00e9lites dominicanas participan en competencia \u201cFuerzas Comando Panam\u00e1 2024\u201d"},"content":{"rendered":"<p><img decoding=\"async\" class=\"size-medium wp-image-16604 alignleft lazyload\" data-src=\"https:\/\/defrentealaverdad.com\/wp-content\/uploads\/2024\/05\/Screenshot_2024-05-17_215359-300x280.png\" alt=\"\" width=\"300\" height=\"280\" data-srcset=\"https:\/\/defrentealaverdad.com\/wp-content\/uploads\/2024\/05\/Screenshot_2024-05-17_215359-300x280.png 300w, https:\/\/defrentealaverdad.com\/wp-content\/uploads\/2024\/05\/Screenshot_2024-05-17_215359-768x717.png 768w, https:\/\/defrentealaverdad.com\/wp-content\/uploads\/2024\/05\/Screenshot_2024-05-17_215359.png 806w\" data-sizes=\"(max-width: 300px) 100vw, 300px\" src=\"data:image\/svg+xml;base64,PHN2ZyB3aWR0aD0iMSIgaGVpZ2h0PSIxIiB4bWxucz0iaHR0cDovL3d3dy53My5vcmcvMjAwMC9zdmciPjwvc3ZnPg==\" style=\"--smush-placeholder-width: 300px; --smush-placeholder-aspect-ratio: 300\/280;\" \/><\/p>\n<p>PANAM\u00c1. -Militares de las Fuerzas Especiales dominicanas participan en la D\u00e9cima S\u00e9ptima edici\u00f3n de la competencia internacional \u201cFuerzas Comando 2024\u201d, un evento militar celebrado este a\u00f1o en Panam\u00e1, que tiene como objetivo incrementar la destrezas y habilidades de sus participantes para enfrentar las amenazas que son comunes en la regi\u00f3n.<\/p>\n<p>Fuerzas Comando es un evento auspiciado por el Comando Sur del Ej\u00e9rcito de los Estados Unidos en cooperaci\u00f3n con los pa\u00edses aliados de Am\u00e9rica Central, del Sur y el Caribe, que se desarrollar\u00e1 hasta el 25 de mayo, poniendo a prueba la coordinaci\u00f3n y capacidad de los equipos t\u00e1cticos de operaciones especiales de cada naci\u00f3n participante.<\/p>\n<p><img decoding=\"async\" class=\"size-medium wp-image-16605 alignright lazyload\" data-src=\"https:\/\/defrentealaverdad.com\/wp-content\/uploads\/2024\/05\/Screenshot_2024-05-17_215432-300x273.png\" alt=\"\" width=\"300\" height=\"273\" data-srcset=\"https:\/\/defrentealaverdad.com\/wp-content\/uploads\/2024\/05\/Screenshot_2024-05-17_215432-300x273.png 300w, https:\/\/defrentealaverdad.com\/wp-content\/uploads\/2024\/05\/Screenshot_2024-05-17_215432-768x698.png 768w, https:\/\/defrentealaverdad.com\/wp-content\/uploads\/2024\/05\/Screenshot_2024-05-17_215432.png 814w\" data-sizes=\"(max-width: 300px) 100vw, 300px\" src=\"data:image\/svg+xml;base64,PHN2ZyB3aWR0aD0iMSIgaGVpZ2h0PSIxIiB4bWxucz0iaHR0cDovL3d3dy53My5vcmcvMjAwMC9zdmciPjwvc3ZnPg==\" style=\"--smush-placeholder-width: 300px; --smush-placeholder-aspect-ratio: 300\/273;\" \/><\/p>\n<p>A pocos d\u00edas de iniciar la competencia, en las instalaciones de Cerro Tigre, lugar en el que se encuentra ubicada la base de las unidades t\u00e1cticas de la Direcci\u00f3n Nacional de Fuerzas Especiales de la Polic\u00eda Nacional de Panam\u00e1, los participantes han realizado desaf\u00edos en la pista de combate llamada \u201cMonstruo Verde\u201d, as\u00ed como pruebas de tiro en la fase de modalidad de asalto y alta precisi\u00f3n en eventos individuales y combinado, donde simularon escenarios de intervenci\u00f3n en la toma de un objetivo en acci\u00f3n directa.<\/p>\n<p>El equipo dominicano, hasta este momento, ocupa en la tabla de posici\u00f3n el puesto n\u00famero 8 de 17 equipos que compiten, alcanzando 510 <img decoding=\"async\" class=\"size-medium wp-image-16606 alignleft lazyload\" data-src=\"https:\/\/defrentealaverdad.com\/wp-content\/uploads\/2024\/05\/Screenshot_2024-05-17_215420-300x194.png\" alt=\"\" width=\"300\" height=\"194\" data-srcset=\"https:\/\/defrentealaverdad.com\/wp-content\/uploads\/2024\/05\/Screenshot_2024-05-17_215420-300x194.png 300w, https:\/\/defrentealaverdad.com\/wp-content\/uploads\/2024\/05\/Screenshot_2024-05-17_215420-768x497.png 768w, https:\/\/defrentealaverdad.com\/wp-content\/uploads\/2024\/05\/Screenshot_2024-05-17_215420.png 826w\" data-sizes=\"(max-width: 300px) 100vw, 300px\" src=\"data:image\/svg+xml;base64,PHN2ZyB3aWR0aD0iMSIgaGVpZ2h0PSIxIiB4bWxucz0iaHR0cDovL3d3dy53My5vcmcvMjAwMC9zdmciPjwvc3ZnPg==\" style=\"--smush-placeholder-width: 300px; --smush-placeholder-aspect-ratio: 300\/194;\" \/>puntos, mientras que los primeros lugares lo ocupan EE.UU., con 626, Colombia con 624 y M\u00e9xico con 593 puntos.<\/p>\n<p>La tabla de posiciones de Fuerzas Comando Panam\u00e1 2024 contin\u00faa actualiz\u00e1ndose con el pasar de los d\u00edas y las estrategias utilizadas por las unidades \u00e9lites ser\u00e1n decisivas para conseguir los primeros lugares.<\/p>\n<p>En esta nueva edici\u00f3n de Fuerzas Comando 2024, compiten 17 delegaciones integradas por un escuadr\u00f3n de asalto y un equipo de francotiradores de soldados representantes de Argentina, Belice, Brasil, Ecuador El Salvador, Colombia, Honduras, Guatemala, Estados Unidos, Panam\u00e1 (pa\u00eds anfitri\u00f3n), Per\u00fa, Costa Rica, Jamaica, M\u00e9xico, Paraguay, Trinidad y Tobago y Rep\u00fablica Dominicana.<\/p>\n<p>Los representantes dominicanos durante varios meses se sometieron a rigurosos entrenamientos que abarcan desde resistencia f\u00edsica hasta las t\u00e1cticas avanzadas de combate, para as\u00ed poder exhibir en escenarios internacionales el nivel de excelencia que caracteriza a las fuerzas especiales de la Rep\u00fablica Dominicana.<\/p>\n<p>Esta competencia militar, que se realiza cada a\u00f1o, promueve el intercambio de t\u00e1cticas y procedimientos entre las Fuerzas Armadas de los pa\u00edses del continente americano, quienes adem\u00e1s eval\u00faan sus capacidades en combate, resistencia y trabajo en equipo.<\/p>\n<p>&nbsp;<\/p>\n<p>Fuente: Informaciones a Nivel<\/p>\n<p>&nbsp;<\/p>\n<p>&nbsp;<\/p>\n","protected":false},"excerpt":{"rendered":"<p>PANAM\u00c1. -Militares de las Fuerzas Especiales dominicanas participan en la D\u00e9cima S\u00e9ptima edici\u00f3n de la<\/p>\n","protected":false},"author":1,"featured_media":0,"comment_status":"open","ping_status":"open","sticky":false,"template":"","format":"standard","meta":{"footnotes":""},"categories":[16],"tags":[],"class_list":["post-16601","post","type-post","status-publish","format-standard","hentry","category-internacionales"],"_links":{"self":[{"href":"https:\/\/defrentealaverdad.com\/index.php\/wp-json\/wp\/v2\/posts\/16601","targetHints":{"allow":["GET"]}}],"collection":[{"href":"https:\/\/defrentealaverdad.com\/index.php\/wp-json\/wp\/v2\/posts"}],"about":[{"href":"https:\/\/defrentealaverdad.com\/index.php\/wp-json\/wp\/v2\/types\/post"}],"author":[{"embeddable":true,"href":"https:\/\/defrentealaverdad.com\/index.php\/wp-json\/wp\/v2\/users\/1"}],"replies":[{"embeddable":true,"href":"https:\/\/defrentealaverdad.com\/index.php\/wp-json\/wp\/v2\/comments?post=16601"}],"version-history":[{"count":3,"href":"https:\/\/defrentealaverdad.com\/index.php\/wp-json\/wp\/v2\/posts\/16601\/revisions"}],"predecessor-version":[{"id":16607,"href":"https:\/\/defrentealaverdad.com\/index.php\/wp-json\/wp\/v2\/posts\/16601\/revisions\/16607"}],"wp:attachment":[{"href":"https:\/\/defrentealaverdad.com\/index.php\/wp-json\/wp\/v2\/media?parent=16601"}],"wp:term":[{"taxonomy":"category","embeddable":true,"href":"https:\/\/defrentealaverdad.com\/index.php\/wp-json\/wp\/v2\/categories?post=16601"},{"taxonomy":"post_tag","embeddable":true,"href":"https:\/\/defrentealaverdad.com\/index.php\/wp-json\/wp\/v2\/tags?post=16601"}],"curies":[{"name":"wp","href":"https:\/\/api.w.org\/{rel}","templated":true}]}}