{"id":16374,"date":"2024-05-14T15:28:23","date_gmt":"2024-05-14T15:28:23","guid":{"rendered":"https:\/\/defrentealaverdad.com\/?p=16374"},"modified":"2024-05-14T15:28:23","modified_gmt":"2024-05-14T15:28:23","slug":"carlos-perez-cierra-campana-con-masivo-apoyo-en-santo-domingo-norte","status":"publish","type":"post","link":"https:\/\/defrentealaverdad.com\/index.php\/2024\/05\/14\/carlos-perez-cierra-campana-con-masivo-apoyo-en-santo-domingo-norte\/","title":{"rendered":"Carlos P\u00e9rez cierra campa\u00f1a con masivo apoyo en Santo Domingo Norte"},"content":{"rendered":"<p style=\"text-align: justify;\"><img decoding=\"async\" class=\"size-medium wp-image-16375 alignright lazyload\" data-src=\"https:\/\/defrentealaverdad.com\/wp-content\/uploads\/2024\/05\/IMG-20240513-WA0270-300x200.jpg\" alt=\"\" width=\"300\" height=\"200\" data-srcset=\"https:\/\/defrentealaverdad.com\/wp-content\/uploads\/2024\/05\/IMG-20240513-WA0270-300x200.jpg 300w, https:\/\/defrentealaverdad.com\/wp-content\/uploads\/2024\/05\/IMG-20240513-WA0270-1024x683.jpg 1024w, https:\/\/defrentealaverdad.com\/wp-content\/uploads\/2024\/05\/IMG-20240513-WA0270-768x512.jpg 768w, https:\/\/defrentealaverdad.com\/wp-content\/uploads\/2024\/05\/IMG-20240513-WA0270.jpg 1280w\" data-sizes=\"(max-width: 300px) 100vw, 300px\" src=\"data:image\/svg+xml;base64,PHN2ZyB3aWR0aD0iMSIgaGVpZ2h0PSIxIiB4bWxucz0iaHR0cDovL3d3dy53My5vcmcvMjAwMC9zdmciPjwvc3ZnPg==\" style=\"--smush-placeholder-width: 300px; --smush-placeholder-aspect-ratio: 300\/200;\" \/><\/p>\n<p style=\"text-align: justify;\">Santo Domingo Norte &#8211; El candidato a diputado por Santo Domingo Norte, Carlos P\u00e9rez, culmin\u00f3 su campa\u00f1a electoral con un multitudinario acto que cont\u00f3 con la presencia de cientos de dirigentes y el liderazgo de la Fuerza del Pueblo. Acompa\u00f1ado de su familia y destacados l\u00edderes pol\u00edticos, P\u00e9rez reafirm\u00f3 su compromiso con el municipio.<\/p>\n<p style=\"text-align: justify;\">En el evento, celebrado en un ambiente de entusiasmo y apoyo, estuvieron presentes la candidata de la Alianza Rescate RD, Cristina Lizardo, y los regidores Jos\u00e9 Miguel Brand, Ram\u00f3n Altagracia, Pedro Brito La Saeta, entre otros destacados dirigentes. Este respaldo consolid\u00f3 a Carlos P\u00e9rez como el candidato m\u00e1s votado en el municipio.<\/p>\n<p style=\"text-align: justify;\">Durante su gesti\u00f3n como regidor en el periodo 2020-2024, P\u00e9rez se distingui\u00f3 por una agenda de trabajo enfocada en el apoyo al deporte, la juventud, juntas de vecinos, iglesias y organizaciones no gubernamentales. Su dedicaci\u00f3n y compromiso con la comunidad han sido pilares fundamentales en su carrera pol\u00edtica.<\/p>\n<p style=\"text-align: justify;\">El acto de cierre de campa\u00f1a se realiz\u00f3 bajo el lema \u00a1Vota 5 el 19 de mayo! y cont\u00f3 con la presencia de la senadora Cristina Lizardo y el liderazgo de la Fuerza del Pueblo. La multitud presente expres\u00f3 su apoyo y confianza en que Carlos P\u00e9rez ser\u00e1 una voz representativa y efectiva en el Congreso Nacional.<\/p>\n<p style=\"text-align: justify;\">Carlos P\u00e9rez agradeci\u00f3 el respaldo recibido y se comprometi\u00f3 a seguir trabajando incansablemente por el desarrollo y bienestar de Santo Domingo Norte. \u201cJuntos, seguiremos construyendo un municipio fuerte y pr\u00f3spero. Agradezco de coraz\u00f3n el apoyo de cada uno de ustedes y les invito a votar 5 el 19 de mayo para llevar nuestra voz al Congreso\u201d, declar\u00f3 P\u00e9rez.<\/p>\n<p>Fuente: Bajo Techo<\/p>\n","protected":false},"excerpt":{"rendered":"<p>Santo Domingo Norte &#8211; El candidato a diputado por Santo Domingo Norte, Carlos P\u00e9rez, culmin\u00f3<\/p>\n","protected":false},"author":2,"featured_media":0,"comment_status":"open","ping_status":"open","sticky":false,"template":"","format":"standard","meta":{"footnotes":""},"categories":[12],"tags":[],"class_list":["post-16374","post","type-post","status-publish","format-standard","hentry","category-politicas"],"_links":{"self":[{"href":"https:\/\/defrentealaverdad.com\/index.php\/wp-json\/wp\/v2\/posts\/16374","targetHints":{"allow":["GET"]}}],"collection":[{"href":"https:\/\/defrentealaverdad.com\/index.php\/wp-json\/wp\/v2\/posts"}],"about":[{"href":"https:\/\/defrentealaverdad.com\/index.php\/wp-json\/wp\/v2\/types\/post"}],"author":[{"embeddable":true,"href":"https:\/\/defrentealaverdad.com\/index.php\/wp-json\/wp\/v2\/users\/2"}],"replies":[{"embeddable":true,"href":"https:\/\/defrentealaverdad.com\/index.php\/wp-json\/wp\/v2\/comments?post=16374"}],"version-history":[{"count":1,"href":"https:\/\/defrentealaverdad.com\/index.php\/wp-json\/wp\/v2\/posts\/16374\/revisions"}],"predecessor-version":[{"id":16376,"href":"https:\/\/defrentealaverdad.com\/index.php\/wp-json\/wp\/v2\/posts\/16374\/revisions\/16376"}],"wp:attachment":[{"href":"https:\/\/defrentealaverdad.com\/index.php\/wp-json\/wp\/v2\/media?parent=16374"}],"wp:term":[{"taxonomy":"category","embeddable":true,"href":"https:\/\/defrentealaverdad.com\/index.php\/wp-json\/wp\/v2\/categories?post=16374"},{"taxonomy":"post_tag","embeddable":true,"href":"https:\/\/defrentealaverdad.com\/index.php\/wp-json\/wp\/v2\/tags?post=16374"}],"curies":[{"name":"wp","href":"https:\/\/api.w.org\/{rel}","templated":true}]}}