{"id":16365,"date":"2024-05-14T15:22:27","date_gmt":"2024-05-14T15:22:27","guid":{"rendered":"https:\/\/defrentealaverdad.com\/?p=16365"},"modified":"2024-05-14T15:22:27","modified_gmt":"2024-05-14T15:22:27","slug":"junio-celebra-la-primavera-en-tierra-tropical-con-el-flowers-fest","status":"publish","type":"post","link":"https:\/\/defrentealaverdad.com\/index.php\/2024\/05\/14\/junio-celebra-la-primavera-en-tierra-tropical-con-el-flowers-fest\/","title":{"rendered":"Junio celebra la primavera en Tierra Tropical con el Flowers Fest"},"content":{"rendered":"<p style=\"text-align: justify;\">\n<blockquote><p>Desde el 1 al 9 de junio durante dos fines de semana, la granja m\u00e1gica de Ban\u00ed estar\u00e1 repleta de flores y de girasoles adem\u00e1s de su Safari Tropical<\/p><\/blockquote>\n<p style=\"text-align: justify;\">Santo Domingo, RD, mayo 2024. Para celebrar la primavera, el mejor lugar es la granja m\u00e1gica Tierra Tropical, donde el Flowers Fest ser\u00e1 el protagonista durante el mes de junio.<\/p>\n<p style=\"text-align: justify;\"><img decoding=\"async\" class=\"size-medium wp-image-16366 alignleft lazyload\" data-src=\"https:\/\/defrentealaverdad.com\/wp-content\/uploads\/2024\/05\/IMG-20240513-WA0203-300x300.jpg\" alt=\"\" width=\"300\" height=\"300\" data-srcset=\"https:\/\/defrentealaverdad.com\/wp-content\/uploads\/2024\/05\/IMG-20240513-WA0203-300x300.jpg 300w, https:\/\/defrentealaverdad.com\/wp-content\/uploads\/2024\/05\/IMG-20240513-WA0203-1024x1024.jpg 1024w, https:\/\/defrentealaverdad.com\/wp-content\/uploads\/2024\/05\/IMG-20240513-WA0203-150x150.jpg 150w, https:\/\/defrentealaverdad.com\/wp-content\/uploads\/2024\/05\/IMG-20240513-WA0203-768x768.jpg 768w, https:\/\/defrentealaverdad.com\/wp-content\/uploads\/2024\/05\/IMG-20240513-WA0203.jpg 1080w\" data-sizes=\"(max-width: 300px) 100vw, 300px\" src=\"data:image\/svg+xml;base64,PHN2ZyB3aWR0aD0iMSIgaGVpZ2h0PSIxIiB4bWxucz0iaHR0cDovL3d3dy53My5vcmcvMjAwMC9zdmciPjwvc3ZnPg==\" style=\"--smush-placeholder-width: 300px; --smush-placeholder-aspect-ratio: 300\/300;\" \/><\/p>\n<p style=\"text-align: justify;\">1,2, 8 y 9 de junio son los fines de semana, que las flores abrir\u00e1n en todo su esplendor en Tierra Tropical durante este festival y tambi\u00e9n el incre\u00edble Safari Tropical, \u00fanico en el pa\u00eds, ofreciendo variedad de animales en su h\u00e1bitat natural, siendo una experiencia muy interesante y educativa para toda la familia.<\/p>\n<p style=\"text-align: justify;\">A partir de las 11:00 de la ma\u00f1ana y hasta las 6:00 de la tarde estar\u00e1n abiertas las puertas de la granja m\u00e1gica en la zona franca de Ban\u00ed, para disfrutar de:<\/p>\n<p style=\"text-align: justify;\">\u2022 Safari tropical en tractor con gu\u00eda,<\/p>\n<p style=\"text-align: justify;\">\u2022 Tienda de regalos y recuerdos,<\/p>\n<p style=\"text-align: justify;\">\u2022 Campos de flores,<\/p>\n<p style=\"text-align: justify;\">\u2022 Campos de girasoles,<\/p>\n<p style=\"text-align: justify;\">\u2022 Aviario con diversidad de aves,<\/p>\n<p style=\"text-align: justify;\">\u2022 Interacci\u00f3n con animales peque\u00f1os como chivos, conejos, ponys<\/p>\n<p style=\"text-align: justify;\">\u2022 Visitas guiadas a los viveros,<\/p>\n<p style=\"text-align: justify;\">\u2022 Tour educativo con ingeniero agr\u00f3nomo con Degustaci\u00f3n<\/p>\n<p style=\"text-align: justify;\">\u2022 Photo Booth,<\/p>\n<p style=\"text-align: justify;\">\u2022 Juegos, actividades recreativas para adultos y ni\u00f1os,<\/p>\n<p style=\"text-align: justify;\">\u2022 Concursos,<\/p>\n<p style=\"text-align: justify;\">\u2022 y mucha naturaleza<\/p>\n<p style=\"text-align: justify;\"><img decoding=\"async\" class=\"size-medium wp-image-16367 alignright lazyload\" data-src=\"https:\/\/defrentealaverdad.com\/wp-content\/uploads\/2024\/05\/IMG-20240513-WA0204-300x200.jpg\" alt=\"\" width=\"300\" height=\"200\" data-srcset=\"https:\/\/defrentealaverdad.com\/wp-content\/uploads\/2024\/05\/IMG-20240513-WA0204-300x200.jpg 300w, https:\/\/defrentealaverdad.com\/wp-content\/uploads\/2024\/05\/IMG-20240513-WA0204-1024x682.jpg 1024w, https:\/\/defrentealaverdad.com\/wp-content\/uploads\/2024\/05\/IMG-20240513-WA0204-768x512.jpg 768w, https:\/\/defrentealaverdad.com\/wp-content\/uploads\/2024\/05\/IMG-20240513-WA0204-1536x1023.jpg 1536w, https:\/\/defrentealaverdad.com\/wp-content\/uploads\/2024\/05\/IMG-20240513-WA0204.jpg 1600w\" data-sizes=\"(max-width: 300px) 100vw, 300px\" src=\"data:image\/svg+xml;base64,PHN2ZyB3aWR0aD0iMSIgaGVpZ2h0PSIxIiB4bWxucz0iaHR0cDovL3d3dy53My5vcmcvMjAwMC9zdmciPjwvc3ZnPg==\" style=\"--smush-placeholder-width: 300px; --smush-placeholder-aspect-ratio: 300\/200;\" \/>En el Flowers Fest 2024, se podr\u00e1n degustar diversas opciones gastron\u00f3micas y emprendimientos que son parte de esta hermosa actividad. Tambi\u00e9n se cuentan con puntos de hidrataci\u00f3n en toda la granja.<\/p>\n<p style=\"text-align: justify;\">Tierra tropical y el Safari Tropical se han convertido en una opci\u00f3n familiar, de paseo, fotogr\u00e1fica e interesante para quienes desean vivir una experiencia natural y org\u00e1nica dentro de Rep\u00fablica Dominicana, adem\u00e1s ofrece a sus asistentes en sus constantes temporada frutas y vegetales cosechados all\u00ed, que adem\u00e1s son exportados a otros pa\u00edses por el alto nivel de calidad que poseen.<\/p>\n<p style=\"text-align: justify;\"><img decoding=\"async\" class=\"wp-image-16368 size-medium alignright lazyload\" data-src=\"https:\/\/defrentealaverdad.com\/wp-content\/uploads\/2024\/05\/IMG-20240513-WA0208-200x300.jpg\" alt=\"\" width=\"200\" height=\"300\" data-srcset=\"https:\/\/defrentealaverdad.com\/wp-content\/uploads\/2024\/05\/IMG-20240513-WA0208-200x300.jpg 200w, https:\/\/defrentealaverdad.com\/wp-content\/uploads\/2024\/05\/IMG-20240513-WA0208-682x1024.jpg 682w, https:\/\/defrentealaverdad.com\/wp-content\/uploads\/2024\/05\/IMG-20240513-WA0208-768x1153.jpg 768w, https:\/\/defrentealaverdad.com\/wp-content\/uploads\/2024\/05\/IMG-20240513-WA0208-1023x1536.jpg 1023w, https:\/\/defrentealaverdad.com\/wp-content\/uploads\/2024\/05\/IMG-20240513-WA0208.jpg 1066w\" data-sizes=\"(max-width: 200px) 100vw, 200px\" src=\"data:image\/svg+xml;base64,PHN2ZyB3aWR0aD0iMSIgaGVpZ2h0PSIxIiB4bWxucz0iaHR0cDovL3d3dy53My5vcmcvMjAwMC9zdmciPjwvc3ZnPg==\" style=\"--smush-placeholder-width: 200px; --smush-placeholder-aspect-ratio: 200\/300;\" \/><\/p>\n<p style=\"text-align: justify;\">Para hacer la visita a Tierra Tropical m\u00e1s placentera y organizada, se pueden reservar las boletas disponibles en su plataforma https:\/\/reserva.tierratropical.us\/ y es recomendable llevar ropa fresca, efectivo y muchas ganas de disfrutar.<\/p>\n<p style=\"text-align: justify;\">@tierratropical<\/p>\n<p style=\"text-align: justify;\">M\u00e1s informaci\u00f3n @tierratropical bPara boletas: www.TierraTropical.Us<\/p>\n<p style=\"text-align: justify;\">\n<p style=\"text-align: justify;\">Fuente: RRPP: Mari\u00fa Medios<\/p>\n","protected":false},"excerpt":{"rendered":"<p>Desde el 1 al 9 de junio durante dos fines de semana, la granja m\u00e1gica<\/p>\n","protected":false},"author":2,"featured_media":0,"comment_status":"open","ping_status":"open","sticky":false,"template":"","format":"standard","meta":{"footnotes":""},"categories":[7],"tags":[],"class_list":["post-16365","post","type-post","status-publish","format-standard","hentry","category-nacionales"],"_links":{"self":[{"href":"https:\/\/defrentealaverdad.com\/index.php\/wp-json\/wp\/v2\/posts\/16365","targetHints":{"allow":["GET"]}}],"collection":[{"href":"https:\/\/defrentealaverdad.com\/index.php\/wp-json\/wp\/v2\/posts"}],"about":[{"href":"https:\/\/defrentealaverdad.com\/index.php\/wp-json\/wp\/v2\/types\/post"}],"author":[{"embeddable":true,"href":"https:\/\/defrentealaverdad.com\/index.php\/wp-json\/wp\/v2\/users\/2"}],"replies":[{"embeddable":true,"href":"https:\/\/defrentealaverdad.com\/index.php\/wp-json\/wp\/v2\/comments?post=16365"}],"version-history":[{"count":1,"href":"https:\/\/defrentealaverdad.com\/index.php\/wp-json\/wp\/v2\/posts\/16365\/revisions"}],"predecessor-version":[{"id":16369,"href":"https:\/\/defrentealaverdad.com\/index.php\/wp-json\/wp\/v2\/posts\/16365\/revisions\/16369"}],"wp:attachment":[{"href":"https:\/\/defrentealaverdad.com\/index.php\/wp-json\/wp\/v2\/media?parent=16365"}],"wp:term":[{"taxonomy":"category","embeddable":true,"href":"https:\/\/defrentealaverdad.com\/index.php\/wp-json\/wp\/v2\/categories?post=16365"},{"taxonomy":"post_tag","embeddable":true,"href":"https:\/\/defrentealaverdad.com\/index.php\/wp-json\/wp\/v2\/tags?post=16365"}],"curies":[{"name":"wp","href":"https:\/\/api.w.org\/{rel}","templated":true}]}}