{"id":1635,"date":"2022-08-29T13:24:00","date_gmt":"2022-08-29T13:24:00","guid":{"rendered":"https:\/\/defrentealaverdad.com\/?p=1635"},"modified":"2022-08-30T13:28:09","modified_gmt":"2022-08-30T13:28:09","slug":"carolina-almonte-disenadora-dominicana-presentara-coleccion-en-la-ciudad-de-washington-dc-y-en-el-republica-dominicana-fashion-week-2022","status":"publish","type":"post","link":"https:\/\/defrentealaverdad.com\/index.php\/2022\/08\/29\/carolina-almonte-disenadora-dominicana-presentara-coleccion-en-la-ciudad-de-washington-dc-y-en-el-republica-dominicana-fashion-week-2022\/","title":{"rendered":"Carolina Almonte, dise\u00f1adora dominicana presentar\u00e1 colecci\u00f3n en la ciudad de Washington, DC y en el Rep\u00fablica Dominicana Fashion Week 2022"},"content":{"rendered":"<p><img decoding=\"async\" class=\"alignnone size-medium wp-image-1636 aligncenter lazyload\" data-src=\"https:\/\/defrentealaverdad.com\/wp-content\/uploads\/2022\/08\/CBBB4D0F-F100-4B06-9A67-B64A262A1361-300x133.png\" alt=\"\" width=\"300\" height=\"133\" data-srcset=\"https:\/\/defrentealaverdad.com\/wp-content\/uploads\/2022\/08\/CBBB4D0F-F100-4B06-9A67-B64A262A1361-300x133.png 300w, https:\/\/defrentealaverdad.com\/wp-content\/uploads\/2022\/08\/CBBB4D0F-F100-4B06-9A67-B64A262A1361-1024x455.png 1024w, https:\/\/defrentealaverdad.com\/wp-content\/uploads\/2022\/08\/CBBB4D0F-F100-4B06-9A67-B64A262A1361-768x341.png 768w, https:\/\/defrentealaverdad.com\/wp-content\/uploads\/2022\/08\/CBBB4D0F-F100-4B06-9A67-B64A262A1361.png 1080w\" data-sizes=\"(max-width: 300px) 100vw, 300px\" src=\"data:image\/svg+xml;base64,PHN2ZyB3aWR0aD0iMSIgaGVpZ2h0PSIxIiB4bWxucz0iaHR0cDovL3d3dy53My5vcmcvMjAwMC9zdmciPjwvc3ZnPg==\" style=\"--smush-placeholder-width: 300px; --smush-placeholder-aspect-ratio: 300\/133;\" \/><\/p>\n<p>Santo Domingo, Rep\u00fablica Dominicana. La dise\u00f1adora dominicana, Carolina Almonte, presentar\u00e1de manera oficial su l\u00ednea ejecutiva con aires caribe\u00f1o llamada \u201cMestiza\u201d en el marco delRep\u00fablica Dominicana Fashion Week el s\u00e1bado 3 de septiembre a las 3:00 dela tarde, en el EpicCenter del Hotel JW Marriot ubicado en Blue Mall. Mestiza llega con sus colores tropicales a laciudad de Washington DC en el Latin Fashion Week2022el 15 de octubre en el The Observatoryat America&#8217;s a las 7:30 de la noche.<\/p>\n<p>Bajo sumarca Carolina Almonte, presentar\u00e1 una colecci\u00f3n inspirada en la \u00e9poca colonial, cuyasmatices y detalles los ha plasmado en la silueta cl\u00e1sica y contempor\u00e1nea para una mujer ejecutivay elegante que busca confort sin perder formalidad.Mestiza es el nombre que recibe esta colecci\u00f3n, la cual destaca por el uso artesanal en susdetalles, como la joyer\u00eda textil que es un valor sostenible que resalta en ella, ya que los mismosson elaborados con retazos de los textiles utilizados para la creaci\u00f3n de esta colecci\u00f3n, para deesta forma aprovechar al m\u00e1ximo los recursos sin crear desperdicios, un valor propio y principalde la marca Carolina Almonte.<\/p>\n<p>La colecci\u00f3n ha sido realizada con la mezcla de textiles seleccionados como el algod\u00f3nestampado, wax africano, yuna gabardina especial de sastrer\u00eda en hilos finos, con terminacionesa mano para mantener ese toque artesanal.\u201cuna tarde sentada en el parque Col\u00f3n en la Zona Colonial, en b\u00fasqueda de la inspiraci\u00f3n,observ\u00e9 que, las mujeres que transitaban por all\u00ed, luc\u00edan diferentes, teniendo en com\u00fan, el deseode verse \u201cfashionistas\u201d, es decir, ten\u00edan tacones, atuendos en siluetas ajustadas y sueltas, a\u00fanaquellas que llegan del trabajo para verse con amigas en un restaurante, se notaba su pantal\u00f3nsastre pero con untoque de elegancia, eran muy pocas que estaban vestidas de maneraconfortable, se puede decir que solo los turistas, creo que la mujer dominicana, no tiene unaidentificada una moda puntual como caribe\u00f1a, pero s\u00ed, tiene claro que quiere verse bien\u201d.Expres\u00f3 la dise\u00f1adora.Una colecci\u00f3n inspirada en las herencias culturales, que recibimos como resultado de la eracolonial.<\/p>\n<p>La mujer dominicana gusta del buen vestir, de colores brillantes y estilos cl\u00e1sicos quedestaquen su feminidad. Mestiza, posee una mezcla de colores brillantes distintivos de nuestrasra\u00edces caribe\u00f1as, posee mangas dram\u00e1ticas y una silueta con un aire safari elegante que nosinvitan ir tras la conquista de nuestros sue\u00f1os como mujeres de negocios.<\/p>\n<p>Mestiza ser\u00e1 presentada durante el prestigioso evento Rep\u00fablica Dominicana Fashion Week, el 3de septiembre a las 4:00 pm en el Epic Center del Hotel JW Marriot ubicado en Blue Mall, dondeCarolina Almonte promete ofrecer un desfile lleno de color y mezclas interesantes como partede su propuesta.Luego de su presentaci\u00f3n local, la dise\u00f1adora viaja a la ciudad de Washington, DC a presentar susdise\u00f1os en el Latin Fashion Week2022, plataforma que busca resaltar la moda latina en losEstados Unidos, a la cual fue invitada a participar el 15 de octubre en el The Observatory atAmerica&#8217;s a las 7:30 de la noche.<\/p>\n<p>En el Latin Fashion Week, Carolina Almonte, presentar\u00e1 mestiza, con nuevos agregadoscombinables entre s\u00ed, otro valor sostenible de la marca, con la intenci\u00f3n de ser amigables con elmedio ambiente, y generar el menor impacto, ya que las piezas en su creaci\u00f3n son pensadas paradurar y f\u00e1cil coordinaci\u00f3n con el closet de sus clientas.La marca Carolina Almonte, se presentar\u00e1 en estos prestigiosos desfiles, gracias a la colaboraci\u00f3ndelas marcas, Lilu Pink, JUCUM Santo Domingo, La Ceiba Tire Shop, Wilgar Hilario, CurvesModels, Qudo y Tulipan.Las piezas, estar\u00e1n disponiblespara pedidos pre-orden en su p\u00e1gina web,www.carolinaalmonte.com y sus redes sociales, @carolinaalmontebrand<\/p>\n","protected":false},"excerpt":{"rendered":"<p>Santo Domingo, Rep\u00fablica Dominicana. La dise\u00f1adora dominicana, Carolina Almonte, presentar\u00e1de manera oficial su l\u00ednea ejecutiva<\/p>\n","protected":false},"author":2,"featured_media":0,"comment_status":"open","ping_status":"open","sticky":false,"template":"","format":"standard","meta":{"footnotes":""},"categories":[2,13],"tags":[],"class_list":["post-1635","post","type-post","status-publish","format-standard","hentry","category-economicas","category-sociales"],"_links":{"self":[{"href":"https:\/\/defrentealaverdad.com\/index.php\/wp-json\/wp\/v2\/posts\/1635","targetHints":{"allow":["GET"]}}],"collection":[{"href":"https:\/\/defrentealaverdad.com\/index.php\/wp-json\/wp\/v2\/posts"}],"about":[{"href":"https:\/\/defrentealaverdad.com\/index.php\/wp-json\/wp\/v2\/types\/post"}],"author":[{"embeddable":true,"href":"https:\/\/defrentealaverdad.com\/index.php\/wp-json\/wp\/v2\/users\/2"}],"replies":[{"embeddable":true,"href":"https:\/\/defrentealaverdad.com\/index.php\/wp-json\/wp\/v2\/comments?post=1635"}],"version-history":[{"count":1,"href":"https:\/\/defrentealaverdad.com\/index.php\/wp-json\/wp\/v2\/posts\/1635\/revisions"}],"predecessor-version":[{"id":1637,"href":"https:\/\/defrentealaverdad.com\/index.php\/wp-json\/wp\/v2\/posts\/1635\/revisions\/1637"}],"wp:attachment":[{"href":"https:\/\/defrentealaverdad.com\/index.php\/wp-json\/wp\/v2\/media?parent=1635"}],"wp:term":[{"taxonomy":"category","embeddable":true,"href":"https:\/\/defrentealaverdad.com\/index.php\/wp-json\/wp\/v2\/categories?post=1635"},{"taxonomy":"post_tag","embeddable":true,"href":"https:\/\/defrentealaverdad.com\/index.php\/wp-json\/wp\/v2\/tags?post=1635"}],"curies":[{"name":"wp","href":"https:\/\/api.w.org\/{rel}","templated":true}]}}