{"id":16203,"date":"2024-05-10T17:31:01","date_gmt":"2024-05-10T17:31:01","guid":{"rendered":"https:\/\/defrentealaverdad.com\/?p=16203"},"modified":"2024-05-10T17:31:09","modified_gmt":"2024-05-10T17:31:09","slug":"marcel-promueve-la-continuidad-del-cambio-con-luis-abinader","status":"publish","type":"post","link":"https:\/\/defrentealaverdad.com\/index.php\/2024\/05\/10\/marcel-promueve-la-continuidad-del-cambio-con-luis-abinader\/","title":{"rendered":"Marcel promueve la continuidad del cambio con Lu\u00eds Abinader\u00a0"},"content":{"rendered":"<p style=\"text-align: justify;\"><img decoding=\"async\" class=\"size-medium wp-image-16204 alignleft lazyload\" data-src=\"https:\/\/defrentealaverdad.com\/wp-content\/uploads\/2024\/05\/IMG-20240510-WA0077-300x148.jpg\" alt=\"\" width=\"300\" height=\"148\" data-srcset=\"https:\/\/defrentealaverdad.com\/wp-content\/uploads\/2024\/05\/IMG-20240510-WA0077-300x148.jpg 300w, https:\/\/defrentealaverdad.com\/wp-content\/uploads\/2024\/05\/IMG-20240510-WA0077-1024x506.jpg 1024w, https:\/\/defrentealaverdad.com\/wp-content\/uploads\/2024\/05\/IMG-20240510-WA0077-768x379.jpg 768w, https:\/\/defrentealaverdad.com\/wp-content\/uploads\/2024\/05\/IMG-20240510-WA0077.jpg 1440w\" data-sizes=\"(max-width: 300px) 100vw, 300px\" src=\"data:image\/svg+xml;base64,PHN2ZyB3aWR0aD0iMSIgaGVpZ2h0PSIxIiB4bWxucz0iaHR0cDovL3d3dy53My5vcmcvMjAwMC9zdmciPjwvc3ZnPg==\" style=\"--smush-placeholder-width: 300px; --smush-placeholder-aspect-ratio: 300\/148;\" \/><\/p>\n<p style=\"text-align: justify;\">La artista Marcel , conocida en el ambiente art\u00edstico como \u00bb Piel Morena\u00bb, se ha convertido en una genuina promotora de las buenas acciones de este Gobierno que encabeza el presidente Lu\u00eds Abinader .<\/p>\n<p style=\"text-align: justify;\">Su accionar no solo se ha concentrado en las principales provincias de Rep\u00fablica Dominicana, sino que ha volado a otros pa\u00edses como hilo promotor de la gesti\u00f3n gubernamental que ejecuta el partido oficial en beneficio de todos los dominicanos.<\/p>\n<p style=\"text-align: justify;\">Marcel encabez\u00f3 un recorrido por las diferentes provincias, parajes y municipios promoviendo la obra de este Gobierno que debe continuar sin marcha atr\u00e1s \u00bb por la verdadera revoluci\u00f3n del cambio que representa Lu\u00eds Abinader\u00bb.<\/p>\n<p style=\"text-align: justify;\"><img decoding=\"async\" class=\"size-medium wp-image-16205 alignright lazyload\" data-src=\"https:\/\/defrentealaverdad.com\/wp-content\/uploads\/2024\/05\/IMG-20240510-WA0079-300x153.jpg\" alt=\"\" width=\"300\" height=\"153\" data-srcset=\"https:\/\/defrentealaverdad.com\/wp-content\/uploads\/2024\/05\/IMG-20240510-WA0079-300x153.jpg 300w, https:\/\/defrentealaverdad.com\/wp-content\/uploads\/2024\/05\/IMG-20240510-WA0079-1024x524.jpg 1024w, https:\/\/defrentealaverdad.com\/wp-content\/uploads\/2024\/05\/IMG-20240510-WA0079-768x393.jpg 768w, https:\/\/defrentealaverdad.com\/wp-content\/uploads\/2024\/05\/IMG-20240510-WA0079.jpg 1433w\" data-sizes=\"(max-width: 300px) 100vw, 300px\" src=\"data:image\/svg+xml;base64,PHN2ZyB3aWR0aD0iMSIgaGVpZ2h0PSIxIiB4bWxucz0iaHR0cDovL3d3dy53My5vcmcvMjAwMC9zdmciPjwvc3ZnPg==\" style=\"--smush-placeholder-width: 300px; --smush-placeholder-aspect-ratio: 300\/153;\" \/>La di\u00e1spora concentrada en Estados Unidos , Panam\u00e1 y Las Islas del Caribe han sido visitadas por la multifac\u00e9tica artista \u00bb exhortando la continuidad del progreso y el cambio de la imagen de un Estado\u00bb.<\/p>\n<p style=\"text-align: justify;\">\u00a0La popular artista tambi\u00e9n realiz\u00f3 un audiovisual bajo la producci\u00f3n de la \u00abComision T\u00e9cnica El Cambio Continua\u00bb, que tuvo proyecci\u00f3n medios televisivos y digitales.<\/p>\n<p style=\"text-align: justify;\">Marcel es una artista que siempre se mantiene activa y recientemente lanz\u00f3 su nueva propuesta musical en el marco de un encuentro con la prensa especializada.<\/p>\n<p style=\"text-align: justify;\">Su convicci\u00f3n est\u00e1 centrada en que la Naci\u00f3n, no echar\u00e1 un paso atr\u00e1s y el avance y el proceso de transformaci\u00f3n que vive Rep\u00fablica Dominicana, continuar\u00e1n por estos 4 a\u00f1os m\u00e1s .<\/p>\n<p style=\"text-align: justify;\">Fuente: Direcci\u00f3n Pol\u00edtica Marcel \u201cPiel Morena\u201d<\/p>\n","protected":false},"excerpt":{"rendered":"<p>La artista Marcel , conocida en el ambiente art\u00edstico como \u00bb Piel Morena\u00bb, se ha<\/p>\n","protected":false},"author":1,"featured_media":0,"comment_status":"open","ping_status":"open","sticky":false,"template":"","format":"standard","meta":{"footnotes":""},"categories":[12],"tags":[],"class_list":["post-16203","post","type-post","status-publish","format-standard","hentry","category-politicas"],"_links":{"self":[{"href":"https:\/\/defrentealaverdad.com\/index.php\/wp-json\/wp\/v2\/posts\/16203","targetHints":{"allow":["GET"]}}],"collection":[{"href":"https:\/\/defrentealaverdad.com\/index.php\/wp-json\/wp\/v2\/posts"}],"about":[{"href":"https:\/\/defrentealaverdad.com\/index.php\/wp-json\/wp\/v2\/types\/post"}],"author":[{"embeddable":true,"href":"https:\/\/defrentealaverdad.com\/index.php\/wp-json\/wp\/v2\/users\/1"}],"replies":[{"embeddable":true,"href":"https:\/\/defrentealaverdad.com\/index.php\/wp-json\/wp\/v2\/comments?post=16203"}],"version-history":[{"count":2,"href":"https:\/\/defrentealaverdad.com\/index.php\/wp-json\/wp\/v2\/posts\/16203\/revisions"}],"predecessor-version":[{"id":16208,"href":"https:\/\/defrentealaverdad.com\/index.php\/wp-json\/wp\/v2\/posts\/16203\/revisions\/16208"}],"wp:attachment":[{"href":"https:\/\/defrentealaverdad.com\/index.php\/wp-json\/wp\/v2\/media?parent=16203"}],"wp:term":[{"taxonomy":"category","embeddable":true,"href":"https:\/\/defrentealaverdad.com\/index.php\/wp-json\/wp\/v2\/categories?post=16203"},{"taxonomy":"post_tag","embeddable":true,"href":"https:\/\/defrentealaverdad.com\/index.php\/wp-json\/wp\/v2\/tags?post=16203"}],"curies":[{"name":"wp","href":"https:\/\/api.w.org\/{rel}","templated":true}]}}