{"id":16197,"date":"2024-05-10T16:31:12","date_gmt":"2024-05-10T16:31:12","guid":{"rendered":"https:\/\/defrentealaverdad.com\/?p=16197"},"modified":"2024-05-10T16:31:12","modified_gmt":"2024-05-10T16:31:12","slug":"bertico-santana-destaca-compromiso-de-la-juventud-en-santo-domingo-este","status":"publish","type":"post","link":"https:\/\/defrentealaverdad.com\/index.php\/2024\/05\/10\/bertico-santana-destaca-compromiso-de-la-juventud-en-santo-domingo-este\/","title":{"rendered":"Bertico Santana destaca compromiso de la juventud en Santo Domingo Este"},"content":{"rendered":"<p style=\"text-align: justify;\"><img decoding=\"async\" class=\"size-medium wp-image-16198 lazyload\" data-src=\"https:\/\/defrentealaverdad.com\/wp-content\/uploads\/2024\/05\/IMG-20240510-WA0074-300x170.jpg\" alt=\"\" width=\"300\" height=\"170\" data-srcset=\"https:\/\/defrentealaverdad.com\/wp-content\/uploads\/2024\/05\/IMG-20240510-WA0074-300x170.jpg 300w, https:\/\/defrentealaverdad.com\/wp-content\/uploads\/2024\/05\/IMG-20240510-WA0074-1024x580.jpg 1024w, https:\/\/defrentealaverdad.com\/wp-content\/uploads\/2024\/05\/IMG-20240510-WA0074-768x435.jpg 768w, https:\/\/defrentealaverdad.com\/wp-content\/uploads\/2024\/05\/IMG-20240510-WA0074-800x450.jpg 800w, https:\/\/defrentealaverdad.com\/wp-content\/uploads\/2024\/05\/IMG-20240510-WA0074.jpg 1066w\" data-sizes=\"(max-width: 300px) 100vw, 300px\" src=\"data:image\/svg+xml;base64,PHN2ZyB3aWR0aD0iMSIgaGVpZ2h0PSIxIiB4bWxucz0iaHR0cDovL3d3dy53My5vcmcvMjAwMC9zdmciPjwvc3ZnPg==\" style=\"--smush-placeholder-width: 300px; --smush-placeholder-aspect-ratio: 300\/170;\" \/><\/p>\n<p style=\"text-align: justify;\">SANTO DOMINGO ESTE, Rep\u00fablica Dominicana. &#8211; El coordinador general de campa\u00f1a de Santo Domingo Este por el Partido Revolucionario Moderno (PRM), Jos\u00e9 \u201cBertico\u201d Santana, ponder\u00f3 el trabajo de la juventud en el actual proceso electoral que concluye el 19 de mayo con los comicios presidenciales y congresionales.<\/p>\n<p style=\"text-align: justify;\">\u201cVeo a los j\u00f3venes muy integrados, y hay que reconocer en ellos su organizaci\u00f3n y nivel de compromiso alto\u201d, expres\u00f3 el adem\u00e1s cuatro veces diputado por la referida demarcaci\u00f3n.<\/p>\n<p style=\"text-align: justify;\">Adem\u00e1s, dijo que espera una cosecha de muchos j\u00f3venes que dan frutos en el presente, y ser\u00e1n los l\u00edderes del municipio para el futuro por su preparaci\u00f3n pol\u00edtica, profesional y calidad humana.<\/p>\n<p style=\"text-align: justify;\"><img decoding=\"async\" class=\"size-medium wp-image-16200 alignright lazyload\" data-src=\"https:\/\/defrentealaverdad.com\/wp-content\/uploads\/2024\/05\/IMG-20240510-WA0075-300x201.jpg\" alt=\"\" width=\"300\" height=\"201\" data-srcset=\"https:\/\/defrentealaverdad.com\/wp-content\/uploads\/2024\/05\/IMG-20240510-WA0075-300x201.jpg 300w, https:\/\/defrentealaverdad.com\/wp-content\/uploads\/2024\/05\/IMG-20240510-WA0075-768x515.jpg 768w, https:\/\/defrentealaverdad.com\/wp-content\/uploads\/2024\/05\/IMG-20240510-WA0075.jpg 929w\" data-sizes=\"(max-width: 300px) 100vw, 300px\" src=\"data:image\/svg+xml;base64,PHN2ZyB3aWR0aD0iMSIgaGVpZ2h0PSIxIiB4bWxucz0iaHR0cDovL3d3dy53My5vcmcvMjAwMC9zdmciPjwvc3ZnPg==\" style=\"--smush-placeholder-width: 300px; --smush-placeholder-aspect-ratio: 300\/201;\" \/><\/p>\n<p style=\"text-align: justify;\">De los j\u00f3venes, tambi\u00e9n asegur\u00f3, est\u00e1n dando un espaldarazo al presidente Luis Abinader, quien se ha visto favorecido en las encuestas cerca del 70 por ciento, donde las mujeres est\u00e1n haciendo, por igual, un trabajo integrado, de manera decidida y firme.<\/p>\n<p style=\"text-align: justify;\">\u201cEn el municipio hay muchos j\u00f3venes, mucho talento con nivel de compromiso\u201d, reiter\u00f3 Santana entrevistado en el programa \u201cRumbo al 70 %\u201d, transmitido por Televisi\u00f3n Nueva Isabela (TNI) canal 51.<\/p>\n<p style=\"text-align: justify;\">Consider\u00f3 que en Santo Domingo Este, el PRM est\u00e1 dando c\u00e1tedra de unidad, de que est\u00e1 compactado en torno a una visi\u00f3n pol\u00edtica de llevar el pa\u00eds por un sendero de vida institucional organizada mucho m\u00e1s fuerte.<\/p>\n<p style=\"text-align: justify;\">\u201cAbinader representa el cambio, el cambio de una forma de gobernar. En sus tres a\u00f1os y nueve meses, el presidente ha dado c\u00e1tedra de ello, trazado pautas para realizar las transformaciones importantes\u201d, a\u00f1adi\u00f3 el dirigente pol\u00edtico.<\/p>\n<p style=\"text-align: justify;\">Santana pidi\u00f3 a los dominicanos votar por el presidente Luis Abinader, ya que, seg\u00fan dijo, representa la profundizaci\u00f3n del cambio en la Rep\u00fablica Dominicana.<\/p>\n<p style=\"text-align: justify;\">\u201cSon esas grandes transformaciones las que le han ganado el favor de la poblaci\u00f3n para repetir cuatro a\u00f1os m\u00e1s. El presidente ha tenido una agenda muy clara en su gobierno, la cual desarrolla hacia \u00e1reas fundamentales, como son la energ\u00eda, salud, educaci\u00f3n, transporte y vivienda\u201d, destac\u00f3.<\/p>\n<p style=\"text-align: justify;\"><strong>Luis Abinader encabezar\u00e1 marcha caravana en SDE<\/strong><\/p>\n<p style=\"text-align: justify;\">El coordinador de campa\u00f1a en SDE del PRM inform\u00f3 que el candidato a la presidencia por esa organizaci\u00f3n pol\u00edtica, Luis Abinader, encabezar\u00e1 la marcha caravana que realizar\u00e1n este domingo 12 partiendo desde la Circunscripci\u00f3n 3 de esta demarcaci\u00f3n.<\/p>\n<p style=\"text-align: justify;\">El encuentro ser\u00e1 a partir de las 3:00 de la tarde. Tendr\u00e1 como punto de inicio el parque de Hainamosa en la carretera Mella, y finalizar\u00e1 en la avenida Espa\u00f1a, esquina Avenida 26 de Enero.<\/p>\n<p style=\"text-align: justify;\">Fuente: Francisca Jimenez<\/p>\n","protected":false},"excerpt":{"rendered":"<p>SANTO DOMINGO ESTE, Rep\u00fablica Dominicana. &#8211; El coordinador general de campa\u00f1a de Santo Domingo Este<\/p>\n","protected":false},"author":1,"featured_media":0,"comment_status":"open","ping_status":"open","sticky":false,"template":"","format":"standard","meta":{"footnotes":""},"categories":[12],"tags":[],"class_list":["post-16197","post","type-post","status-publish","format-standard","hentry","category-politicas"],"_links":{"self":[{"href":"https:\/\/defrentealaverdad.com\/index.php\/wp-json\/wp\/v2\/posts\/16197","targetHints":{"allow":["GET"]}}],"collection":[{"href":"https:\/\/defrentealaverdad.com\/index.php\/wp-json\/wp\/v2\/posts"}],"about":[{"href":"https:\/\/defrentealaverdad.com\/index.php\/wp-json\/wp\/v2\/types\/post"}],"author":[{"embeddable":true,"href":"https:\/\/defrentealaverdad.com\/index.php\/wp-json\/wp\/v2\/users\/1"}],"replies":[{"embeddable":true,"href":"https:\/\/defrentealaverdad.com\/index.php\/wp-json\/wp\/v2\/comments?post=16197"}],"version-history":[{"count":1,"href":"https:\/\/defrentealaverdad.com\/index.php\/wp-json\/wp\/v2\/posts\/16197\/revisions"}],"predecessor-version":[{"id":16201,"href":"https:\/\/defrentealaverdad.com\/index.php\/wp-json\/wp\/v2\/posts\/16197\/revisions\/16201"}],"wp:attachment":[{"href":"https:\/\/defrentealaverdad.com\/index.php\/wp-json\/wp\/v2\/media?parent=16197"}],"wp:term":[{"taxonomy":"category","embeddable":true,"href":"https:\/\/defrentealaverdad.com\/index.php\/wp-json\/wp\/v2\/categories?post=16197"},{"taxonomy":"post_tag","embeddable":true,"href":"https:\/\/defrentealaverdad.com\/index.php\/wp-json\/wp\/v2\/tags?post=16197"}],"curies":[{"name":"wp","href":"https:\/\/api.w.org\/{rel}","templated":true}]}}