{"id":16192,"date":"2024-05-10T16:25:48","date_gmt":"2024-05-10T16:25:48","guid":{"rendered":"https:\/\/defrentealaverdad.com\/?p=16192"},"modified":"2024-05-10T16:25:56","modified_gmt":"2024-05-10T16:25:56","slug":"16192","status":"publish","type":"post","link":"https:\/\/defrentealaverdad.com\/index.php\/2024\/05\/10\/16192\/","title":{"rendered":"\u00bfQue Sera? de Little Homie y Carlos TRVP de Nuevo Colores al Drill"},"content":{"rendered":"<p style=\"text-align: justify;\">Los cantantes Little Homie y Carlos TRVP, quienes de una manera org\u00e1nica han logrado posicionarse en la industria musical dominicana, se embarcan en esta nueva aventura musical cargada de ritmo, letras y alegr\u00eda; que trae nuevos colores al g\u00e9nero urbano denominado \u201cDrill\u201d con este tema llamado \u00bfQue Sera?<\/p>\n<p style=\"text-align: justify;\"><img decoding=\"async\" class=\"size-medium wp-image-16193 alignleft lazyload\" data-src=\"https:\/\/defrentealaverdad.com\/wp-content\/uploads\/2024\/05\/IMG-20240510-WA0114-200x300.jpg\" alt=\"\" width=\"200\" height=\"300\" data-srcset=\"https:\/\/defrentealaverdad.com\/wp-content\/uploads\/2024\/05\/IMG-20240510-WA0114-200x300.jpg 200w, https:\/\/defrentealaverdad.com\/wp-content\/uploads\/2024\/05\/IMG-20240510-WA0114-683x1024.jpg 683w, https:\/\/defrentealaverdad.com\/wp-content\/uploads\/2024\/05\/IMG-20240510-WA0114-768x1152.jpg 768w, https:\/\/defrentealaverdad.com\/wp-content\/uploads\/2024\/05\/IMG-20240510-WA0114.jpg 924w\" data-sizes=\"(max-width: 200px) 100vw, 200px\" src=\"data:image\/svg+xml;base64,PHN2ZyB3aWR0aD0iMSIgaGVpZ2h0PSIxIiB4bWxucz0iaHR0cDovL3d3dy53My5vcmcvMjAwMC9zdmciPjwvc3ZnPg==\" style=\"--smush-placeholder-width: 200px; --smush-placeholder-aspect-ratio: 200\/300;\" \/><\/p>\n<p style=\"text-align: justify;\">Carlos Jos\u00e9 Morillo Urbaez y Orlando Linares Jim\u00e9nez, nombre de pila de estos dos j\u00f3venes dominicanos, que se arriesgaron a fusiona un under ground como lo es el drill, con un g\u00e9nero tan main stream como lo es es la salsa tomado como punto de inspiraci\u00f3n una de las mas ic\u00f3nicas del maestro Willie Colon para darle vida a un relato lirico que plasma una historia de esas que se vive en su barrio de Herrera.<\/p>\n<blockquote><p>\u201cEstamos agradecidos del apoyo que hemos recibido por todos nuestros fan\u00e1ticos y de la disquera durante todo este tiempo. Se siente bien poder traerles una pieza de la cual nos sentimos orgullosos porque desde los m\u00e1s mayores a los m\u00e1s j\u00f3venes nos est\u00e1n dando comentarios positivos de todos\u201d, expres\u00f3 Linares.<\/p><\/blockquote>\n<p style=\"text-align: justify;\">De igual modo, puntualiz\u00f3 Morillo en su intervenci\u00f3n:<\/p>\n<blockquote><p>\u201cEn los setenta los salseros eran considerados los artistas urbanos gracias a sus fusiones y forma de expresar ese ritmo tropical. Que mas grande homenaje a esa generaci\u00f3n que mostrarles lo mucho que aprendimos de ellos y el aprecio que les tenemos.\u201d<\/p><\/blockquote>\n<p style=\"text-align: justify;\">\u201cAhora Yo Toy Ma Prendi\u00f3 eh lo que a ellos le <img decoding=\"async\" class=\"size-medium wp-image-16194 alignright lazyload\" data-src=\"https:\/\/defrentealaverdad.com\/wp-content\/uploads\/2024\/05\/IMG-20240510-WA0113-300x300.jpg\" alt=\"\" width=\"300\" height=\"300\" data-srcset=\"https:\/\/defrentealaverdad.com\/wp-content\/uploads\/2024\/05\/IMG-20240510-WA0113-300x300.jpg 300w, https:\/\/defrentealaverdad.com\/wp-content\/uploads\/2024\/05\/IMG-20240510-WA0113-1024x1024.jpg 1024w, https:\/\/defrentealaverdad.com\/wp-content\/uploads\/2024\/05\/IMG-20240510-WA0113-150x150.jpg 150w, https:\/\/defrentealaverdad.com\/wp-content\/uploads\/2024\/05\/IMG-20240510-WA0113-768x768.jpg 768w, https:\/\/defrentealaverdad.com\/wp-content\/uploads\/2024\/05\/IMG-20240510-WA0113-1536x1536.jpg 1536w, https:\/\/defrentealaverdad.com\/wp-content\/uploads\/2024\/05\/IMG-20240510-WA0113.jpg 1600w\" data-sizes=\"(max-width: 300px) 100vw, 300px\" src=\"data:image\/svg+xml;base64,PHN2ZyB3aWR0aD0iMSIgaGVpZ2h0PSIxIiB4bWxucz0iaHR0cDovL3d3dy53My5vcmcvMjAwMC9zdmciPjwvc3ZnPg==\" style=\"--smush-placeholder-width: 300px; --smush-placeholder-aspect-ratio: 300\/300;\" \/>molesta; No pueden ni saludarme pero se ponen careta\u201d reza el coro del tema de la pluma de Los cantantes Little Homie y Carlos TRVP. Este corte es producido por Manu Productions &amp; Bryant Productions y distribuido bajo el sello Equity Distribution podemos encontrar este corte refrescante en todas las plataformas digitales.<\/p>\n<p>Fuente: Francisca Jim\u00e9nez<\/p>\n","protected":false},"excerpt":{"rendered":"<p>Los cantantes Little Homie y Carlos TRVP, quienes de una manera org\u00e1nica han logrado posicionarse<\/p>\n","protected":false},"author":4,"featured_media":0,"comment_status":"open","ping_status":"open","sticky":false,"template":"","format":"standard","meta":{"footnotes":""},"categories":[6],"tags":[],"class_list":["post-16192","post","type-post","status-publish","format-standard","hentry","category-espectaculos"],"_links":{"self":[{"href":"https:\/\/defrentealaverdad.com\/index.php\/wp-json\/wp\/v2\/posts\/16192","targetHints":{"allow":["GET"]}}],"collection":[{"href":"https:\/\/defrentealaverdad.com\/index.php\/wp-json\/wp\/v2\/posts"}],"about":[{"href":"https:\/\/defrentealaverdad.com\/index.php\/wp-json\/wp\/v2\/types\/post"}],"author":[{"embeddable":true,"href":"https:\/\/defrentealaverdad.com\/index.php\/wp-json\/wp\/v2\/users\/4"}],"replies":[{"embeddable":true,"href":"https:\/\/defrentealaverdad.com\/index.php\/wp-json\/wp\/v2\/comments?post=16192"}],"version-history":[{"count":2,"href":"https:\/\/defrentealaverdad.com\/index.php\/wp-json\/wp\/v2\/posts\/16192\/revisions"}],"predecessor-version":[{"id":16196,"href":"https:\/\/defrentealaverdad.com\/index.php\/wp-json\/wp\/v2\/posts\/16192\/revisions\/16196"}],"wp:attachment":[{"href":"https:\/\/defrentealaverdad.com\/index.php\/wp-json\/wp\/v2\/media?parent=16192"}],"wp:term":[{"taxonomy":"category","embeddable":true,"href":"https:\/\/defrentealaverdad.com\/index.php\/wp-json\/wp\/v2\/categories?post=16192"},{"taxonomy":"post_tag","embeddable":true,"href":"https:\/\/defrentealaverdad.com\/index.php\/wp-json\/wp\/v2\/tags?post=16192"}],"curies":[{"name":"wp","href":"https:\/\/api.w.org\/{rel}","templated":true}]}}