{"id":16185,"date":"2024-05-10T13:38:53","date_gmt":"2024-05-10T13:38:53","guid":{"rendered":"https:\/\/defrentealaverdad.com\/?p=16185"},"modified":"2024-05-10T13:38:53","modified_gmt":"2024-05-10T13:38:53","slug":"regidor-michael-matos-propone-nombrar-avenida-dr-jose-francisco-pena-gomez-a-la-prolongacion-27-de-febrero","status":"publish","type":"post","link":"https:\/\/defrentealaverdad.com\/index.php\/2024\/05\/10\/regidor-michael-matos-propone-nombrar-avenida-dr-jose-francisco-pena-gomez-a-la-prolongacion-27-de-febrero\/","title":{"rendered":"Regidor Michael Matos propone nombrar \u201cAvenida Dr. Jos\u00e9 Francisco Pe\u00f1a G\u00f3mez\u201d a la Prolongaci\u00f3n 27 de Febrero."},"content":{"rendered":"<p style=\"text-align: justify;\"><img decoding=\"async\" class=\"size-medium wp-image-16186 alignleft lazyload\" data-src=\"https:\/\/defrentealaverdad.com\/wp-content\/uploads\/2024\/05\/IMG-20240510-WA0036-300x200.jpg\" alt=\"\" width=\"300\" height=\"200\" data-srcset=\"https:\/\/defrentealaverdad.com\/wp-content\/uploads\/2024\/05\/IMG-20240510-WA0036-300x200.jpg 300w, https:\/\/defrentealaverdad.com\/wp-content\/uploads\/2024\/05\/IMG-20240510-WA0036-1024x683.jpg 1024w, https:\/\/defrentealaverdad.com\/wp-content\/uploads\/2024\/05\/IMG-20240510-WA0036-768x512.jpg 768w, https:\/\/defrentealaverdad.com\/wp-content\/uploads\/2024\/05\/IMG-20240510-WA0036.jpg 1080w\" data-sizes=\"(max-width: 300px) 100vw, 300px\" src=\"data:image\/svg+xml;base64,PHN2ZyB3aWR0aD0iMSIgaGVpZ2h0PSIxIiB4bWxucz0iaHR0cDovL3d3dy53My5vcmcvMjAwMC9zdmciPjwvc3ZnPg==\" style=\"--smush-placeholder-width: 300px; --smush-placeholder-aspect-ratio: 300\/200;\" \/><\/p>\n<p style=\"text-align: justify;\">Santo Domingo Oeste.- A prop\u00f3sito de hoy, 10 de mayo, cumplirse un a\u00f1o m\u00e1s de la ida a destiempo del l\u00edder Dr. Pe\u00f1a G\u00f3mez, el regidor Michael Matos deposit\u00f3 ante el Concejo de Regidores de Santo Domingo Oeste, el proyecto de resoluci\u00f3n solicitando designar con el nombre Avenida Dr. Jos\u00e9 Francisco Pe\u00f1a G\u00f3mez al tramo de la Prolongaci\u00f3n 27 de Febrero, desde el cruce de la avenida Gregorio Luper\u00f3n hasta la Autopista Duarte.<\/p>\n<blockquote><p>\u201cEsta merecida designaci\u00f3n es considerada en honor a la influencia de la lucha hist\u00f3rica para la democracia dominicana de nuestro l\u00edder el Dr. Pe\u00f1a G\u00f3mez\u201d destac\u00f3 el edil.<\/p><\/blockquote>\n<p style=\"text-align: justify;\"><strong>Dr. Jos\u00e9 Francisco Pe\u00f1a G\u00f3mez<\/strong><\/p>\n<p style=\"text-align: justify;\">Recordado como el l\u00edder popular dominicano que debi\u00f3 ser presidente, naci\u00f3 el 6 de marzo de 1937 en Valverde. Hijo de una familia campesina muy pobre.<\/p>\n<p style=\"text-align: justify;\">Considerado l\u00edder pol\u00edtico por el papel desempe\u00f1ado durante la Guerra Civil de 1965, donde hizo un llamado al pueblo a movilizarse en defensa de la constitucionalidad y su participaci\u00f3n en la pol\u00edtica dominicana.<\/p>\n<p style=\"text-align: justify;\">A pesar de las dificultades que atraves\u00f3 a lo largo de su vida, se form\u00f3 en Derecho de la UASD, realiz\u00f3 estudios en Ciencias Pol\u00edticas en Costa Rica, continu\u00f3 su capacitaci\u00f3n en Harvard University y en Michigan State University. Desde 1952 hasta 1961 se dedic\u00f3 a ser maestro y alfabetizador en diferentes centros educativos en Mao y San Crist\u00f3bal.<\/p>\n<p style=\"text-align: justify;\">Por su capacitaci\u00f3n y habilidades logr\u00f3 ascender en posiciones pol\u00edticas, pasando de ser director de la Oficina del Pueblo en el gobierno Constitucional de Juan Bosch, a secretario de Prensa y Propaganda del Partido Revolucionario Dominicano en 1963, para luego dirigir junto a Bosch este partido. Tras el exilio de Bosch se convirti\u00f3 en l\u00edder del PRD.<\/p>\n<p style=\"text-align: justify;\">Ocup\u00f3 las vicepresidencias de la Conferencia Permanente de Partidos Pol\u00edticos de Am\u00e9rica Latina (Coppal) y de la Internacional Socialista. Exs\u00edndico del Distrito Nacional (1982-1986), y candidato tres veces a la presidencia de la Rep\u00fablica Dominicana 1990, 1994 y 1996.<\/p>\n<p style=\"text-align: justify;\">En 1996, siendo candidato presidencial, a\u00fan el panorama estando a su favor, result\u00f3 electo Leonel Fern\u00e1ndez del Partido de la Liberaci\u00f3n Dominicana (PLD), con el apoyo de Joaqu\u00edn Balaguer y Juan Bosch, sin embargo, se convirti\u00f3 en el pol\u00edtico con m\u00e1s votos en la historia electoral del pa\u00eds, con un 50 %.<\/p>\n<p style=\"text-align: justify;\">Falleci\u00f3 el lunes 11 de mayo de 1998, seis d\u00edas antes de las elecciones congresuales y municipales ganadas por su Partido Revolucionario Dominicano (PRD).<\/p>\n<p style=\"text-align: justify;\">Fuente: Equipo Regidor Michael Matos<\/p>\n","protected":false},"excerpt":{"rendered":"<p>Santo Domingo Oeste.- A prop\u00f3sito de hoy, 10 de mayo, cumplirse un a\u00f1o m\u00e1s de<\/p>\n","protected":false},"author":1,"featured_media":0,"comment_status":"open","ping_status":"open","sticky":false,"template":"","format":"standard","meta":{"footnotes":""},"categories":[12],"tags":[],"class_list":["post-16185","post","type-post","status-publish","format-standard","hentry","category-politicas"],"_links":{"self":[{"href":"https:\/\/defrentealaverdad.com\/index.php\/wp-json\/wp\/v2\/posts\/16185","targetHints":{"allow":["GET"]}}],"collection":[{"href":"https:\/\/defrentealaverdad.com\/index.php\/wp-json\/wp\/v2\/posts"}],"about":[{"href":"https:\/\/defrentealaverdad.com\/index.php\/wp-json\/wp\/v2\/types\/post"}],"author":[{"embeddable":true,"href":"https:\/\/defrentealaverdad.com\/index.php\/wp-json\/wp\/v2\/users\/1"}],"replies":[{"embeddable":true,"href":"https:\/\/defrentealaverdad.com\/index.php\/wp-json\/wp\/v2\/comments?post=16185"}],"version-history":[{"count":1,"href":"https:\/\/defrentealaverdad.com\/index.php\/wp-json\/wp\/v2\/posts\/16185\/revisions"}],"predecessor-version":[{"id":16187,"href":"https:\/\/defrentealaverdad.com\/index.php\/wp-json\/wp\/v2\/posts\/16185\/revisions\/16187"}],"wp:attachment":[{"href":"https:\/\/defrentealaverdad.com\/index.php\/wp-json\/wp\/v2\/media?parent=16185"}],"wp:term":[{"taxonomy":"category","embeddable":true,"href":"https:\/\/defrentealaverdad.com\/index.php\/wp-json\/wp\/v2\/categories?post=16185"},{"taxonomy":"post_tag","embeddable":true,"href":"https:\/\/defrentealaverdad.com\/index.php\/wp-json\/wp\/v2\/tags?post=16185"}],"curies":[{"name":"wp","href":"https:\/\/api.w.org\/{rel}","templated":true}]}}