{"id":1605,"date":"2022-09-16T20:27:48","date_gmt":"2022-09-16T20:27:48","guid":{"rendered":"https:\/\/defrentealaverdad.com\/?p=1605"},"modified":"2022-09-16T20:28:05","modified_gmt":"2022-09-16T20:28:05","slug":"edesur-y-ejercito-inician-trabajos-de-acondicionamiento-del-sistema-de-luminarias-en-el-campamento-militar-16-de-agosto-erd","status":"publish","type":"post","link":"https:\/\/defrentealaverdad.com\/index.php\/2022\/09\/16\/edesur-y-ejercito-inician-trabajos-de-acondicionamiento-del-sistema-de-luminarias-en-el-campamento-militar-16-de-agosto-erd\/","title":{"rendered":"EDESUR y Ej\u00e9rcito inician trabajos de acondicionamiento del sistema de luminarias en el Campamento Militar 16 de agosto, ERD"},"content":{"rendered":"<p style=\"text-align: justify;\">La ma\u00f1ana de este lunes el Mayor General Carlos Antonio Fern\u00e1ndez Onofre Comandante General del Ej\u00e9rcito, junto al ingeniero Milton Morrison, Administrador Gerente General de Edesur Dominicana, dejaron formalmente iniciado los trabajos de acondicionamiento del sistema de luminarias del Campamento Militar \u201c16 de Agosto\u201d.<\/p>\n<p style=\"text-align: justify;\">Con el inicio de estos trabajos la empresa Edesur Dominicana, contribuye significativamente a mejorar el servicio energ\u00e9tico e impactar positivamente con cientos de luminarias, acorde al compromiso que lleva a cabo a trav\u00e9s de su proyecto de rehabilitaci\u00f3n de redes el\u00e9ctricas, el cual emplea mejoras en los mantenimientos preventivos y correctivos de equipos, as\u00ed como l\u00edneas de conducci\u00f3n energ\u00e9tica para garantizar un suministro de electricidad m\u00e1s estable.<\/p>\n<p style=\"text-align: justify;\">El Comandante General del Ej\u00e9rcito, agradeci\u00f3 al Administrador de Edesur Dominicana, por llevar la iniciativa a la instituci\u00f3n, al tiempo que resalt\u00f3 lo beneficioso de este proyecto ya que un buen alumbrado p\u00fablico es sin\u00f3nimo de una mejor seguridad, adem\u00e1s con la adecuaci\u00f3n del uso de energ\u00eda se aporta a la reducci\u00f3n del consumo energ\u00e9tico, al optimizar las necesidades de iluminaci\u00f3n en el Campamento Militar. Milton Morrison destac\u00f3 la importancia de este trabajo de iluminaci\u00f3n para el Ej\u00e9rcito Dominicano en este campamento 16 de Agosto, porque esto representa mayor calidad de vida para los militares y sus familias.<\/p>\n<p style=\"text-align: justify;\">Explic\u00f3 que se est\u00e1n sustituyendo todas las l\u00e1mparas por luminarias led de alta tecnolog\u00eda y de menor consumo para una iluminaci\u00f3n eficiente de todas las \u00e1reas y calles del campo militar, las cuales est\u00e1n siendo sustituidas por l\u00e1mparas antiguas de alto consumo. Dijo que, con la llegada del mayor general Onofre al Ej\u00e9rcito, desde Edesur se est\u00e1 disponiendo todo el apoyo posible, y que el proyecto de rehabilitaci\u00f3n de redes incluir\u00e1 tambi\u00e9n otros recintos militares del Ej\u00e9rcito ubicados en territorio de Edesur Dominicana. Al acto asistieron autoridades de la empresa Edesur Dominicana, entre ellos, adem\u00e1s de Morrison, el director de seguridad, teniente coronel del Ej\u00e9rcito, Frank Ferreras; el gerente del sector, ing. Adolfo Lorenzo; y el ingeniero F\u00e9lix Plasencia, coordinador de alumbrado p\u00fablico.<\/p>\n<p style=\"text-align: justify;\">Tambi\u00e9n, por el Ej\u00e9rcito, los Generales de Brigada \u00c1ngel Alfredo Camacho Ubiera, F\u00e9lix Edwin Santana Morillo y Jorge Luis Morel De Dios, Sub-Comandante General, Inspector General del Ej\u00e9rcito y Oficial Auxiliar de Inteligencia G-2, del Ej\u00e9rcito, respectivamente, as\u00ed como Comandantes de Unidades Mayores, miembros del Estado Mayor Coordinador de la Instituci\u00f3n, Oficiales Superiores, Oficiales Subalternos y Alistados.<\/p>\n","protected":false},"excerpt":{"rendered":"<p>La ma\u00f1ana de este lunes el Mayor General Carlos Antonio Fern\u00e1ndez Onofre Comandante General del<\/p>\n","protected":false},"author":4,"featured_media":0,"comment_status":"open","ping_status":"open","sticky":false,"template":"","format":"standard","meta":{"footnotes":""},"categories":[7],"tags":[],"class_list":["post-1605","post","type-post","status-publish","format-standard","hentry","category-nacionales"],"_links":{"self":[{"href":"https:\/\/defrentealaverdad.com\/index.php\/wp-json\/wp\/v2\/posts\/1605","targetHints":{"allow":["GET"]}}],"collection":[{"href":"https:\/\/defrentealaverdad.com\/index.php\/wp-json\/wp\/v2\/posts"}],"about":[{"href":"https:\/\/defrentealaverdad.com\/index.php\/wp-json\/wp\/v2\/types\/post"}],"author":[{"embeddable":true,"href":"https:\/\/defrentealaverdad.com\/index.php\/wp-json\/wp\/v2\/users\/4"}],"replies":[{"embeddable":true,"href":"https:\/\/defrentealaverdad.com\/index.php\/wp-json\/wp\/v2\/comments?post=1605"}],"version-history":[{"count":1,"href":"https:\/\/defrentealaverdad.com\/index.php\/wp-json\/wp\/v2\/posts\/1605\/revisions"}],"predecessor-version":[{"id":1794,"href":"https:\/\/defrentealaverdad.com\/index.php\/wp-json\/wp\/v2\/posts\/1605\/revisions\/1794"}],"wp:attachment":[{"href":"https:\/\/defrentealaverdad.com\/index.php\/wp-json\/wp\/v2\/media?parent=1605"}],"wp:term":[{"taxonomy":"category","embeddable":true,"href":"https:\/\/defrentealaverdad.com\/index.php\/wp-json\/wp\/v2\/categories?post=1605"},{"taxonomy":"post_tag","embeddable":true,"href":"https:\/\/defrentealaverdad.com\/index.php\/wp-json\/wp\/v2\/tags?post=1605"}],"curies":[{"name":"wp","href":"https:\/\/api.w.org\/{rel}","templated":true}]}}