{"id":1577,"date":"2022-08-28T13:59:42","date_gmt":"2022-08-28T13:59:42","guid":{"rendered":"https:\/\/defrentealaverdad.com\/?p=1577"},"modified":"2022-08-28T13:59:42","modified_gmt":"2022-08-28T13:59:42","slug":"el-gobierno-dominicano-nuevamente-intercede-a-favor-de-los-trabajadores-como-lo-hizo-el-ano-pasado-para-lograr-un-aumento-salarial","status":"publish","type":"post","link":"https:\/\/defrentealaverdad.com\/index.php\/2022\/08\/28\/el-gobierno-dominicano-nuevamente-intercede-a-favor-de-los-trabajadores-como-lo-hizo-el-ano-pasado-para-lograr-un-aumento-salarial\/","title":{"rendered":"El Gobierno dominicano nuevamente intercede a favor de los trabajadores, como lo hizo el a\u00f1o pasado para lograr un aumento salarial."},"content":{"rendered":"<p>&nbsp;<\/p>\n<p><img decoding=\"async\" class=\"alignnone size-full wp-image-1574 lazyload\" data-src=\"https:\/\/defrentealaverdad.com\/wp-content\/uploads\/2022\/08\/Luis_Abinader_en_2021.jpg\" alt=\"\" width=\"250\" height=\"260\" src=\"data:image\/svg+xml;base64,PHN2ZyB3aWR0aD0iMSIgaGVpZ2h0PSIxIiB4bWxucz0iaHR0cDovL3d3dy53My5vcmcvMjAwMC9zdmciPjwvc3ZnPg==\" style=\"--smush-placeholder-width: 250px; --smush-placeholder-aspect-ratio: 250\/260;\" \/><\/p>\n<p>&nbsp;<\/p>\n<p>-El Gobierno dominicano nuevamente intercede a favor de los trabajadores, como lo hizo el a\u00f1o pasado para lograr un aumento salarial.<\/p>\n<p>&#8211; Poder Ejecutivo remiti\u00f3 ayer al Congreso Nacional el proyecto de ley que modifica la Ley No.345-21 del Presupuesto General del Estado para el 2022. El proyecto no contempla aumentar el nivel de financiamiento (deuda) previamente aprobado, afirm\u00f3 el ministro de Hacienda, Jochi Vicente.<\/p>\n<p>-Cerca del 68% de los nuevos requerimientos de gasto se asocian a cubrir los subsidios a los precios de los combustibles, alimentos de la canasta b\u00e1sica e insumo productivos; as\u00ed como el incremento de las transferencias al el\u00e9ctrico y la expansi\u00f3n de los programas sociales.<\/p>\n<p>-Demostrando el compromiso del presidente Lu\u00eds Abinader con los m\u00e1s necesitados, los recursos adicionales necesarios para contrarrestar los efectos de la inflaci\u00f3n ascienden a RD$92,368 millones, incluyendo subsidios a la gasolina, fertilizantes, Sup\u00e9rate, las transferencias adicionales para cubrir el d\u00e9ficit de las EDEs que se ha producido por el aumento brusco del precio de los derivados de petr\u00f3leo.<\/p>\n<p>-Estimaciones preliminares del Ministerio de Hacienda apuntan a que el subsidio a los precios de los combustibles evit\u00f3 que la inflaci\u00f3n acumulada a julio (5.48%) fuese 2.2 puntos porcentuales m\u00e1s elevada.<\/p>\n<p>1-El Ministerio de Trabajo, invit\u00f3 al Consejo Nacional de la Empresa Privada (CONEP) y a las diferentes centrales sindicales, a considerar un ajuste salarial a los trabajadores dominicanos, al tiempo de convocarlos a una reuni\u00f3n de trabajo el pr\u00f3ximo martes 30 de agosto.<\/p>\n<p>El Ministro de Trabajo, Luis Miguel De Camps, en una misiva dirigida a Pedro Brache, presidente del CONEP, dijo que, tal como se\u00f1ala el comunicado del organismo empresarial publicado recientemente, la inflaci\u00f3n mundial pospand\u00e9mica ha reducido la capacidad adquisitiva de los trabajadores en todo el mundo.<\/p>\n<p>Es por esto que el Gobierno del Presidente Luis Abinader ha tomado medidas importantes para revertir este impacto de la crisis global, como son el ajuste de la pol\u00edtica monetaria, la aprobaci\u00f3n de incentivos a los sectores productivos y la ampliaci\u00f3n de los programas sociales, entre otras.<\/p>\n<p>En la comunicaci\u00f3n asegur\u00f3 a los gremios que el criterio del Gobierno dominicano considera que el aumento salarial real es una tarea hist\u00f3rica pendiente, la cual nuestra sociedad debe dedicarse a construir para materializar dichos salarios.<\/p>\n<p>2-Tesorer\u00eda Nacional ha entregado entre julio-agosto del presente a\u00f1o RD 216.6 millones en cheques del Bono de Apoyo Familiar<\/p>\n<p>A trav\u00e9s del Gabinete de Coordinaci\u00f3n de Pol\u00edticas Sociales (GCPS), la Tesorer\u00eda Nacional ha entregado entre julio-agosto del presente a\u00f1o m\u00e1s de RD 216.6 millones de pesos que componen el Bono de Apoyo Familiar. Dicho monto sirve para beneficiar a un mill\u00f3n de hogares con el pago de un monto \u00fanico de RD 1,500 pesos, en busca de mitigar y contrarrestar los efectos de la crisis pospand\u00e9mica, revel\u00f3 Luis Rafael Delgado S\u00e1nchez, tesorero nacional, a trav\u00e9s de un comunicado.<\/p>\n<p>La entrega de esas ayudas en los citados meses abarc\u00f3 el Gran Santo Domingo con RD 148.3 millones de pesos y luego sigui\u00f3 la provincia San Crist\u00f3bal con RD 23.4 millones, asegur\u00f3 el funcionario.<\/p>\n<p>Tambi\u00e9n San Juan de la Maguana con RD 6.5 millones distribuidos en 4,382 cheques, Peraviacon RD 6.1 millones de pesos y Azua con RD 5.9 millones de pesos.<\/p>\n<p>3-Gobierno y AmchamRD presentan avances sobre procesos de concertaci\u00f3n de pol\u00edticas p\u00fablicas<\/p>\n<p>El Ministerio de la Presidencia (MINPRE) y la C\u00e1mara Americana de Comercio de la Rep\u00fablica Dominicana (AMCHAMDR) realizaron la XI Reuni\u00f3n Ordinaria de Mesas de Trabajo, donde analizaron los avances, retos y oportunidades y, adem\u00e1s, presentaron los siguientes pasos a seguir en la construcci\u00f3n de los procesos de pol\u00edticas p\u00fablicas.<\/p>\n<p>Durante el encuentro, el Ministro de la Presidencia, Joel Santos, resalt\u00f3 el trabajo que se realiza a trav\u00e9s de estas mesas, describiendo este esfuerzo como \u201cla primera y verdadera alianza p\u00fablico-privada\u201d.<\/p>\n<p>\u201cHay temas que son claves para nosotros, comenzando con el de Burocracia Cero, el cu\u00e1l es pr\u00e1cticamente una revoluci\u00f3n. Todos los avances que podamos lograr en este proceso, pues definitivamente ser\u00e1n de gran provecho para la naci\u00f3n\u201d, indic\u00f3 el Ministro.<\/p>\n<p>De su lado, el presidente del Consejo de Directores de AmchamDR, Roberto Herrera, manifest\u00f3 que: \u201cPara nosotros, como C\u00e1mara Americana de Comercio, y de forma particular, he venido diciendo que esta es, quiz\u00e1s, la primera alianza p\u00fablico-privada que tiene el pa\u00eds en esta administraci\u00f3n, la cual ha venido rindiendo frutos con los resultados que ya se conocen de las diferentes mesas de trabajo\u201d.<\/p>\n<p>[contact-form][contact-field label=\u00bbNombre\u00bb type=\u00bbname\u00bb  required=\u00bbtrue\u00bb \/][contact-field label=\u00bbCorreo electr\u00f3nico\u00bb type=\u00bbemail\u00bb required=\u00bbtrue\u00bb \/][contact-field label=\u00bbWeb\u00bb type=\u00bburl\u00bb \/][contact-field label=\u00bbMensaje\u00bb type=\u00bbtextarea\u00bb \/][\/contact-form]<\/p>\n","protected":false},"excerpt":{"rendered":"<p>&nbsp; &nbsp; -El Gobierno dominicano nuevamente intercede a favor de los trabajadores, como lo hizo<\/p>\n","protected":false},"author":4,"featured_media":1574,"comment_status":"open","ping_status":"open","sticky":false,"template":"","format":"standard","meta":{"footnotes":""},"categories":[7],"tags":[],"class_list":["post-1577","post","type-post","status-publish","format-standard","has-post-thumbnail","hentry","category-nacionales"],"_links":{"self":[{"href":"https:\/\/defrentealaverdad.com\/index.php\/wp-json\/wp\/v2\/posts\/1577","targetHints":{"allow":["GET"]}}],"collection":[{"href":"https:\/\/defrentealaverdad.com\/index.php\/wp-json\/wp\/v2\/posts"}],"about":[{"href":"https:\/\/defrentealaverdad.com\/index.php\/wp-json\/wp\/v2\/types\/post"}],"author":[{"embeddable":true,"href":"https:\/\/defrentealaverdad.com\/index.php\/wp-json\/wp\/v2\/users\/4"}],"replies":[{"embeddable":true,"href":"https:\/\/defrentealaverdad.com\/index.php\/wp-json\/wp\/v2\/comments?post=1577"}],"version-history":[{"count":1,"href":"https:\/\/defrentealaverdad.com\/index.php\/wp-json\/wp\/v2\/posts\/1577\/revisions"}],"predecessor-version":[{"id":1578,"href":"https:\/\/defrentealaverdad.com\/index.php\/wp-json\/wp\/v2\/posts\/1577\/revisions\/1578"}],"wp:featuredmedia":[{"embeddable":true,"href":"https:\/\/defrentealaverdad.com\/index.php\/wp-json\/wp\/v2\/media\/1574"}],"wp:attachment":[{"href":"https:\/\/defrentealaverdad.com\/index.php\/wp-json\/wp\/v2\/media?parent=1577"}],"wp:term":[{"taxonomy":"category","embeddable":true,"href":"https:\/\/defrentealaverdad.com\/index.php\/wp-json\/wp\/v2\/categories?post=1577"},{"taxonomy":"post_tag","embeddable":true,"href":"https:\/\/defrentealaverdad.com\/index.php\/wp-json\/wp\/v2\/tags?post=1577"}],"curies":[{"name":"wp","href":"https:\/\/api.w.org\/{rel}","templated":true}]}}