{"id":15649,"date":"2024-04-30T01:14:34","date_gmt":"2024-04-30T01:14:34","guid":{"rendered":"https:\/\/defrentealaverdad.com\/?p=15649"},"modified":"2024-05-01T01:35:57","modified_gmt":"2024-05-01T01:35:57","slug":"el-equipo-nacional-de-equitacion-logra-ganar-en-diferentes-modalidades-en-la-primera-puntual-de-asena","status":"publish","type":"post","link":"https:\/\/defrentealaverdad.com\/index.php\/2024\/04\/30\/el-equipo-nacional-de-equitacion-logra-ganar-en-diferentes-modalidades-en-la-primera-puntual-de-asena\/","title":{"rendered":"El Equipo Nacional de Equitaci\u00f3n logra ganar en diferentes modalidades en la Primera Puntual de ASENA"},"content":{"rendered":"<p style=\"text-align: justify;\"><img decoding=\"async\" class=\"size-medium wp-image-15651 alignleft lazyload\" data-src=\"https:\/\/defrentealaverdad.com\/wp-content\/uploads\/2024\/05\/IMG-20240430-WA0048-1-300x225.jpg\" alt=\"\" width=\"300\" height=\"225\" data-srcset=\"https:\/\/defrentealaverdad.com\/wp-content\/uploads\/2024\/05\/IMG-20240430-WA0048-1-300x225.jpg 300w, https:\/\/defrentealaverdad.com\/wp-content\/uploads\/2024\/05\/IMG-20240430-WA0048-1-1024x768.jpg 1024w, https:\/\/defrentealaverdad.com\/wp-content\/uploads\/2024\/05\/IMG-20240430-WA0048-1-768x576.jpg 768w, https:\/\/defrentealaverdad.com\/wp-content\/uploads\/2024\/05\/IMG-20240430-WA0048-1-1536x1152.jpg 1536w, https:\/\/defrentealaverdad.com\/wp-content\/uploads\/2024\/05\/IMG-20240430-WA0048-1-2048x1536.jpg 2048w, https:\/\/defrentealaverdad.com\/wp-content\/uploads\/2024\/05\/IMG-20240430-WA0048-1-720x540.jpg 720w\" data-sizes=\"(max-width: 300px) 100vw, 300px\" src=\"data:image\/svg+xml;base64,PHN2ZyB3aWR0aD0iMSIgaGVpZ2h0PSIxIiB4bWxucz0iaHR0cDovL3d3dy53My5vcmcvMjAwMC9zdmciPjwvc3ZnPg==\" style=\"--smush-placeholder-width: 300px; --smush-placeholder-aspect-ratio: 300\/225;\" \/><\/p>\n<p style=\"text-align: justify;\">Santiago, RD.- El Equipo Nacional de Equitaci\u00f3n de la mano de la Escuela Dominicana de Equitaci\u00f3n Daniel Mena particip\u00f3 este s\u00e1bado 27 de abril en la Primera Competencia de ASENA, donde logr\u00f3 alzarse con los primeros lugares en diferentes categor\u00edas, en una actividad celebrada en La Barranquita, Santiago de los Caballeros como parte del Circuito Nacional de asociaciones de caballos de paso, con miras a lo que ser\u00e1 la XIV Mundial de Equitaci\u00f3n en Caballos de Paso \u00abFelix Santiago Oliver\u00bb a celebrarse del 18 al 21 de julio de 2024, en el COLISEO Marcelo Trujillo Panisse, Humacao, Puerto Rico.<\/p>\n<p style=\"text-align: justify;\">En la destacada participaci\u00f3n del Equipo Nacional, los j\u00f3venes jinetes lograron medallas en las siguientes competencias: en la categor\u00eda amazonas de 6 a 8 a\u00f1os, Helianny Ferreira se alz\u00f3 con el primer puesto; en la categor\u00eda de 9 a 11 a\u00f1os, Eduardo Qui\u00f1ones logr\u00f3 obtener el primer puesto; en la categor\u00eda de 6 a 8 a\u00f1os de jinetes, Justin Torres obtuvo el primer puesto y Matthew Garcia la segunda posici\u00f3n.<\/p>\n<p style=\"text-align: justify;\">En la categor\u00eda de amazonas de 12 a 14 a\u00f1os, Giulia Ure\u00f1a se alz\u00f3 con la segunda posici\u00f3n y Sophia Lugo con el tercer lugar, mientras que en la categor\u00eda de Jinetes de 12 a 14 a\u00f1os, Damil Mena se alz\u00f3 con el segundo lugar; y en la categor\u00eda de 15 a 17 a\u00f1os, Britney Reyes se alz\u00f3 con el primer puesto y Ehimy Pe\u00f1a con la segunda posici\u00f3n.<\/p>\n<p style=\"text-align: justify;\">En la categor\u00eda de jinetes de 15 a 17 a\u00f1os, Carlos Torres se alz\u00f3 con el primer puesto, Daniel Mena Marten con la segunda posici\u00f3n y Alexander De Los Santos con el tercer puesto. En las amazonas de 18 a 20 a\u00f1os, Lisa P\u00e9rez se alz\u00f3 con el primer puesto; en la categor\u00eda de jinetes 18 a 20, Oscar Gonz\u00e1lez se alz\u00f3 con el segundo lugar.<\/p>\n<p style=\"text-align: justify;\">El entrenador encargado de la delegaci\u00f3n que representar\u00e1 el pa\u00eds, Daniel Mena, resalt\u00f3 el desempe\u00f1o de los ni\u00f1os y j\u00f3venes que componen el equipo. \u201cEstamos trabajando d\u00eda y noche para tener una excelente representaci\u00f3n y desempe\u00f1o en nuestras pr\u00f3ximas competencias para as\u00ed poder lograr poner a nuestro pa\u00eds en alto en el mundial que se va a celebrar en Puerto Rico en el mes julio.\u201d Expres\u00f3 Mena.<\/p>\n<p style=\"text-align: justify;\">Tambi\u00e9n el joven entrenador y fundador de la escuela dominicana de equitaci\u00f3n agradeci\u00f3 el apoyo recibido por los padres y al equipo t\u00e9cnico de la escuela involucrados en este proyecto, en especial a la Asociaci\u00f3n Dominicana de Caballos de Paso (ADOPASO) de la mano de su presidente Carlos Liriano, por el apoyo incondicional recibido para este evento tan importante.<\/p>\n<p>Fuente: (ADOPASO)<\/p>\n","protected":false},"excerpt":{"rendered":"<p>Santiago, RD.- El Equipo Nacional de Equitaci\u00f3n de la mano de la Escuela Dominicana de<\/p>\n","protected":false},"author":1,"featured_media":0,"comment_status":"open","ping_status":"open","sticky":false,"template":"","format":"standard","meta":{"footnotes":""},"categories":[7],"tags":[],"class_list":["post-15649","post","type-post","status-publish","format-standard","hentry","category-nacionales"],"_links":{"self":[{"href":"https:\/\/defrentealaverdad.com\/index.php\/wp-json\/wp\/v2\/posts\/15649","targetHints":{"allow":["GET"]}}],"collection":[{"href":"https:\/\/defrentealaverdad.com\/index.php\/wp-json\/wp\/v2\/posts"}],"about":[{"href":"https:\/\/defrentealaverdad.com\/index.php\/wp-json\/wp\/v2\/types\/post"}],"author":[{"embeddable":true,"href":"https:\/\/defrentealaverdad.com\/index.php\/wp-json\/wp\/v2\/users\/1"}],"replies":[{"embeddable":true,"href":"https:\/\/defrentealaverdad.com\/index.php\/wp-json\/wp\/v2\/comments?post=15649"}],"version-history":[{"count":1,"href":"https:\/\/defrentealaverdad.com\/index.php\/wp-json\/wp\/v2\/posts\/15649\/revisions"}],"predecessor-version":[{"id":15652,"href":"https:\/\/defrentealaverdad.com\/index.php\/wp-json\/wp\/v2\/posts\/15649\/revisions\/15652"}],"wp:attachment":[{"href":"https:\/\/defrentealaverdad.com\/index.php\/wp-json\/wp\/v2\/media?parent=15649"}],"wp:term":[{"taxonomy":"category","embeddable":true,"href":"https:\/\/defrentealaverdad.com\/index.php\/wp-json\/wp\/v2\/categories?post=15649"},{"taxonomy":"post_tag","embeddable":true,"href":"https:\/\/defrentealaverdad.com\/index.php\/wp-json\/wp\/v2\/tags?post=15649"}],"curies":[{"name":"wp","href":"https:\/\/api.w.org\/{rel}","templated":true}]}}