{"id":15644,"date":"2024-04-30T22:08:26","date_gmt":"2024-04-30T22:08:26","guid":{"rendered":"https:\/\/defrentealaverdad.com\/?p=15644"},"modified":"2024-04-30T22:08:26","modified_gmt":"2024-04-30T22:08:26","slug":"miguel-feliciano-pone-a-circular-libro-carnaval-de-jhaina-identidad-y-legado","status":"publish","type":"post","link":"https:\/\/defrentealaverdad.com\/index.php\/2024\/04\/30\/miguel-feliciano-pone-a-circular-libro-carnaval-de-jhaina-identidad-y-legado\/","title":{"rendered":"Miguel Feliciano pone a Circular libro: Carnaval de JHaina \u201cIdentidad y Legado\u201d"},"content":{"rendered":"<p style=\"text-align: justify;\"><img decoding=\"async\" class=\"size-medium wp-image-15645 alignleft lazyload\" data-src=\"https:\/\/defrentealaverdad.com\/wp-content\/uploads\/2024\/04\/IMG-20240430-WA0041-225x300.jpg\" alt=\"\" width=\"225\" height=\"300\" data-srcset=\"https:\/\/defrentealaverdad.com\/wp-content\/uploads\/2024\/04\/IMG-20240430-WA0041-225x300.jpg 225w, https:\/\/defrentealaverdad.com\/wp-content\/uploads\/2024\/04\/IMG-20240430-WA0041-768x1024.jpg 768w, https:\/\/defrentealaverdad.com\/wp-content\/uploads\/2024\/04\/IMG-20240430-WA0041-450x600.jpg 450w, https:\/\/defrentealaverdad.com\/wp-content\/uploads\/2024\/04\/IMG-20240430-WA0041.jpg 960w\" data-sizes=\"(max-width: 225px) 100vw, 225px\" src=\"data:image\/svg+xml;base64,PHN2ZyB3aWR0aD0iMSIgaGVpZ2h0PSIxIiB4bWxucz0iaHR0cDovL3d3dy53My5vcmcvMjAwMC9zdmciPjwvc3ZnPg==\" style=\"--smush-placeholder-width: 225px; --smush-placeholder-aspect-ratio: 225\/300;\" \/><\/p>\n<p style=\"text-align: justify;\">HAINA, RD.- El locutor, periodista y maestro, Miguel \u00c1ngel Feliciano, mejor conocido como S\u00faper Tito, puso en circulaci\u00f3n el libro: Carnaval de JHaina, \u201cIdentidad y Legado\u201d, un fascinante ensayo sobre la historia, desarrollo y personajes pintorescos del carnaval popular de este municipio.<\/p>\n<p style=\"text-align: justify;\">Esta primera edici\u00f3n del libro est\u00e1 a cargo de la Fundaci\u00f3n Literaria An\u00edbal Monta\u00f1o (FLAM), bajo el cuidado de Ram\u00f3n Mesa, la correcci\u00f3n de Ysabel Florentino; el pr\u00f3logo fue realizado por el maestro Apolinar M\u00e9ndez y el patrocinio oficial del ayuntamiento municipal de Haina, dirigido por el alcalde Osvaldo Rodr\u00edguez.<\/p>\n<p style=\"text-align: justify;\">La puesta en escena fue realizada esta pasado s\u00e1bado 27 de abril, a las 4:00 de la tarde, en el sal\u00f3n de actos del liceo en artes, profesor Manuel Feliz Pe\u00f1a, y cont\u00f3 con el opening de <em><strong>El Pregonero de Jaina<\/strong><\/em>, personaje ganador del carnaval 2023.<\/p>\n<blockquote><p>\u201cEn esta obra se podr\u00e1 apreciar todo lo relacionado con mis experiencias en la fiesta de la calle, que es el carnaval popular de Haina, as\u00ed como tambi\u00e9n an\u00e9cdotas, biograf\u00edas de personajes, comparsas y animadores. Es mi m\u00e1s preciado aporte a la historia cultura de mi pueblo\u201d, expres\u00f3 Miguel \u00c1ngel Feliciano, autor del libro.<\/p><\/blockquote>\n<p style=\"text-align: justify;\">El alcalde de Haina, Osvaldo Rodr\u00edguez, fue reconocido por su trayectoria y aportes al carnaval; as\u00ed c\u00f3mo tambi\u00e9n Antonio Brito, ex director de Quita Sue\u00f1o.<\/p>\n<p style=\"text-align: justify;\"><img decoding=\"async\" class=\"size-medium wp-image-15646 alignright lazyload\" data-src=\"https:\/\/defrentealaverdad.com\/wp-content\/uploads\/2024\/04\/IMG-20240430-WA0039-300x199.jpg\" alt=\"\" width=\"300\" height=\"199\" data-srcset=\"https:\/\/defrentealaverdad.com\/wp-content\/uploads\/2024\/04\/IMG-20240430-WA0039-300x199.jpg 300w, https:\/\/defrentealaverdad.com\/wp-content\/uploads\/2024\/04\/IMG-20240430-WA0039-1024x681.jpg 1024w, https:\/\/defrentealaverdad.com\/wp-content\/uploads\/2024\/04\/IMG-20240430-WA0039-768x511.jpg 768w, https:\/\/defrentealaverdad.com\/wp-content\/uploads\/2024\/04\/IMG-20240430-WA0039.jpg 1280w\" data-sizes=\"(max-width: 300px) 100vw, 300px\" src=\"data:image\/svg+xml;base64,PHN2ZyB3aWR0aD0iMSIgaGVpZ2h0PSIxIiB4bWxucz0iaHR0cDovL3d3dy53My5vcmcvMjAwMC9zdmciPjwvc3ZnPg==\" style=\"--smush-placeholder-width: 300px; --smush-placeholder-aspect-ratio: 300\/199;\" \/><\/p>\n<p style=\"text-align: justify;\">Personajes, comparsas, cifras, fechas y propuestas para el futuro del carnaval, son algunos de los t\u00f3picos que se encuentran en esta \u00f3pera prima del comunicador y locutor, quien es carnavalero y adem\u00e1s ha escrito dos canciones de carnaval para Haina, las cuales son nombradas: \u201cPa Goz\u00e1 Mi carnaval\u201d y \u201cEsto Es Carnaval\u201d.<\/p>\n<p style=\"text-align: justify;\">Fuente: Francisca Jimenez<\/p>\n","protected":false},"excerpt":{"rendered":"<p>HAINA, RD.- El locutor, periodista y maestro, Miguel \u00c1ngel Feliciano, mejor conocido como S\u00faper Tito,<\/p>\n","protected":false},"author":1,"featured_media":0,"comment_status":"open","ping_status":"open","sticky":false,"template":"","format":"standard","meta":{"footnotes":""},"categories":[7],"tags":[],"class_list":["post-15644","post","type-post","status-publish","format-standard","hentry","category-nacionales"],"_links":{"self":[{"href":"https:\/\/defrentealaverdad.com\/index.php\/wp-json\/wp\/v2\/posts\/15644","targetHints":{"allow":["GET"]}}],"collection":[{"href":"https:\/\/defrentealaverdad.com\/index.php\/wp-json\/wp\/v2\/posts"}],"about":[{"href":"https:\/\/defrentealaverdad.com\/index.php\/wp-json\/wp\/v2\/types\/post"}],"author":[{"embeddable":true,"href":"https:\/\/defrentealaverdad.com\/index.php\/wp-json\/wp\/v2\/users\/1"}],"replies":[{"embeddable":true,"href":"https:\/\/defrentealaverdad.com\/index.php\/wp-json\/wp\/v2\/comments?post=15644"}],"version-history":[{"count":1,"href":"https:\/\/defrentealaverdad.com\/index.php\/wp-json\/wp\/v2\/posts\/15644\/revisions"}],"predecessor-version":[{"id":15647,"href":"https:\/\/defrentealaverdad.com\/index.php\/wp-json\/wp\/v2\/posts\/15644\/revisions\/15647"}],"wp:attachment":[{"href":"https:\/\/defrentealaverdad.com\/index.php\/wp-json\/wp\/v2\/media?parent=15644"}],"wp:term":[{"taxonomy":"category","embeddable":true,"href":"https:\/\/defrentealaverdad.com\/index.php\/wp-json\/wp\/v2\/categories?post=15644"},{"taxonomy":"post_tag","embeddable":true,"href":"https:\/\/defrentealaverdad.com\/index.php\/wp-json\/wp\/v2\/tags?post=15644"}],"curies":[{"name":"wp","href":"https:\/\/api.w.org\/{rel}","templated":true}]}}