{"id":15640,"date":"2024-04-30T22:02:34","date_gmt":"2024-04-30T22:02:34","guid":{"rendered":"https:\/\/defrentealaverdad.com\/?p=15640"},"modified":"2024-04-30T22:02:34","modified_gmt":"2024-04-30T22:02:34","slug":"gabriela-marulanda-inspiracion-creatividad-y-compromiso","status":"publish","type":"post","link":"https:\/\/defrentealaverdad.com\/index.php\/2024\/04\/30\/gabriela-marulanda-inspiracion-creatividad-y-compromiso\/","title":{"rendered":"Gabriela Marulanda: Inspiraci\u00f3n, Creatividad y Compromiso"},"content":{"rendered":"<p style=\"text-align: justify;\">Gabriela Marulanda, reconocida figura en el mundo de la moda y la motivaci\u00f3n, contin\u00faa cautivando con su pasi\u00f3n por la creatividad y su compromiso con el empoderamiento personal. En una reciente entrevista, Gabriela comparti\u00f3 emocionantes detalles sobre sus proyectos m\u00e1s recientes y sus planes para el futuro.<\/p>\n<p style=\"text-align: justify;\"><img decoding=\"async\" class=\"size-medium wp-image-15641 alignleft lazyload\" data-src=\"https:\/\/defrentealaverdad.com\/wp-content\/uploads\/2024\/04\/IMG-20240430-WA0098-254x300.jpg\" alt=\"\" width=\"254\" height=\"300\" data-srcset=\"https:\/\/defrentealaverdad.com\/wp-content\/uploads\/2024\/04\/IMG-20240430-WA0098-254x300.jpg 254w, https:\/\/defrentealaverdad.com\/wp-content\/uploads\/2024\/04\/IMG-20240430-WA0098-866x1024.jpg 866w, https:\/\/defrentealaverdad.com\/wp-content\/uploads\/2024\/04\/IMG-20240430-WA0098-768x908.jpg 768w, https:\/\/defrentealaverdad.com\/wp-content\/uploads\/2024\/04\/IMG-20240430-WA0098.jpg 1080w\" data-sizes=\"(max-width: 254px) 100vw, 254px\" src=\"data:image\/svg+xml;base64,PHN2ZyB3aWR0aD0iMSIgaGVpZ2h0PSIxIiB4bWxucz0iaHR0cDovL3d3dy53My5vcmcvMjAwMC9zdmciPjwvc3ZnPg==\" style=\"--smush-placeholder-width: 254px; --smush-placeholder-aspect-ratio: 254\/300;\" \/>En su \u00faltimo proyecto creativo, Gabriela present\u00f3 una cautivadora c\u00e1psula de tres vestidos redise\u00f1ados por ella misma, destacando en la alfombra roja del New York Fashion Week. Estos vestidos, confeccionados artesanalmente, atrajeron la atenci\u00f3n de muchos con su elegancia y glamour.<\/p>\n<p style=\"text-align: justify;\">Entre los premios y reconocimientos recientes que ha recibido Gabriela se incluyen un reconocimiento de las Naciones Unidas por su labor humanitaria, el prestigioso reconocimiento Diana Turbay en el Congreso de Colombia y el galard\u00f3n Emerging Awards en la categor\u00eda influencer de estilo de vida.<\/p>\n<p style=\"text-align: justify;\"><img decoding=\"async\" class=\"size-medium wp-image-15642 alignright lazyload\" data-src=\"https:\/\/defrentealaverdad.com\/wp-content\/uploads\/2024\/04\/IMG-20240430-WA0076-244x300.jpg\" alt=\"\" width=\"244\" height=\"300\" data-srcset=\"https:\/\/defrentealaverdad.com\/wp-content\/uploads\/2024\/04\/IMG-20240430-WA0076-244x300.jpg 244w, https:\/\/defrentealaverdad.com\/wp-content\/uploads\/2024\/04\/IMG-20240430-WA0076-833x1024.jpg 833w, https:\/\/defrentealaverdad.com\/wp-content\/uploads\/2024\/04\/IMG-20240430-WA0076-768x944.jpg 768w, https:\/\/defrentealaverdad.com\/wp-content\/uploads\/2024\/04\/IMG-20240430-WA0076.jpg 1080w\" data-sizes=\"(max-width: 244px) 100vw, 244px\" src=\"data:image\/svg+xml;base64,PHN2ZyB3aWR0aD0iMSIgaGVpZ2h0PSIxIiB4bWxucz0iaHR0cDovL3d3dy53My5vcmcvMjAwMC9zdmciPjwvc3ZnPg==\" style=\"--smush-placeholder-width: 244px; --smush-placeholder-aspect-ratio: 244\/300;\" \/><\/p>\n<p style=\"text-align: justify;\">Destacando sus logros en 2023-2024, Gabriela ha llegado a muchas personas a trav\u00e9s de su libro y su labor como embajadora de la minor\u00eda latina, siendo invitada consecutiva por tercer a\u00f1o al New York Fashion Week y compartiendo con grandes personalidades de la moda internacional.<\/p>\n<p style=\"text-align: justify;\">Actualmente, Gabriela est\u00e1 desarrollando un manual gratuito para ayudar a las personas en la creaci\u00f3n de proyectos, adem\u00e1s de prepararse para participar como modelo curvy en las pasarelas del pr\u00f3ximo New York Fashion Week.<\/p>\n<p style=\"text-align: justify;\">En cuanto a sus proyectos literarios, Gabriela est\u00e1 trabajando en un nuevo libro de la saga \u00abExitosos Todos los D\u00edas\u00bb, lleno de motivaci\u00f3n y esperanza para cada d\u00eda.<\/p>\n<p style=\"text-align: justify;\">Inspirada en su deseo de transformar vidas, Gabriela busca ofrecer herramientas que promuevan el desarrollo y el crecimiento personal. Su mensaje es claro: todo es posible con trabajo organizado y metas claras.<\/p>\n<p style=\"text-align: justify;\">Para el a\u00f1o 2024, Gabriela planea conectar presencialmente con su p\u00fablico participando en ferias nacionales e internacionales, expandiendo su marca personal y llevando sus dise\u00f1os a la semana de la moda en Nueva York y otros pa\u00edses.<\/p>\n<p style=\"text-align: justify;\">Gabriela Marulanda contin\u00faa siendo una fuente de inspiraci\u00f3n y motivaci\u00f3n para personas de todo el mundo, y su compromiso con el empoderamiento personal sigue dejando una huella imborrable en la industria de la moda y la creaci\u00f3n de contenido.<\/p>\n<p style=\"text-align: justify;\">Fuente: Francisca Jimenez<\/p>\n","protected":false},"excerpt":{"rendered":"<p>Gabriela Marulanda, reconocida figura en el mundo de la moda y la motivaci\u00f3n, contin\u00faa cautivando<\/p>\n","protected":false},"author":1,"featured_media":0,"comment_status":"open","ping_status":"open","sticky":false,"template":"","format":"standard","meta":{"footnotes":""},"categories":[6],"tags":[],"class_list":["post-15640","post","type-post","status-publish","format-standard","hentry","category-espectaculos"],"_links":{"self":[{"href":"https:\/\/defrentealaverdad.com\/index.php\/wp-json\/wp\/v2\/posts\/15640","targetHints":{"allow":["GET"]}}],"collection":[{"href":"https:\/\/defrentealaverdad.com\/index.php\/wp-json\/wp\/v2\/posts"}],"about":[{"href":"https:\/\/defrentealaverdad.com\/index.php\/wp-json\/wp\/v2\/types\/post"}],"author":[{"embeddable":true,"href":"https:\/\/defrentealaverdad.com\/index.php\/wp-json\/wp\/v2\/users\/1"}],"replies":[{"embeddable":true,"href":"https:\/\/defrentealaverdad.com\/index.php\/wp-json\/wp\/v2\/comments?post=15640"}],"version-history":[{"count":1,"href":"https:\/\/defrentealaverdad.com\/index.php\/wp-json\/wp\/v2\/posts\/15640\/revisions"}],"predecessor-version":[{"id":15643,"href":"https:\/\/defrentealaverdad.com\/index.php\/wp-json\/wp\/v2\/posts\/15640\/revisions\/15643"}],"wp:attachment":[{"href":"https:\/\/defrentealaverdad.com\/index.php\/wp-json\/wp\/v2\/media?parent=15640"}],"wp:term":[{"taxonomy":"category","embeddable":true,"href":"https:\/\/defrentealaverdad.com\/index.php\/wp-json\/wp\/v2\/categories?post=15640"},{"taxonomy":"post_tag","embeddable":true,"href":"https:\/\/defrentealaverdad.com\/index.php\/wp-json\/wp\/v2\/tags?post=15640"}],"curies":[{"name":"wp","href":"https:\/\/api.w.org\/{rel}","templated":true}]}}