{"id":15630,"date":"2024-04-30T19:48:54","date_gmt":"2024-04-30T19:48:54","guid":{"rendered":"https:\/\/defrentealaverdad.com\/?p=15630"},"modified":"2024-04-30T19:48:54","modified_gmt":"2024-04-30T19:48:54","slug":"el-equipo-de-frente-a-la-verdad-extiende-pesame-por-partida-de-don-lorenzo","status":"publish","type":"post","link":"https:\/\/defrentealaverdad.com\/index.php\/2024\/04\/30\/el-equipo-de-frente-a-la-verdad-extiende-pesame-por-partida-de-don-lorenzo\/","title":{"rendered":"El equipo \u00abDe Frente a la Verdad\u00bb, extiende p\u00e9same por partida de Don Lorenzo"},"content":{"rendered":"<p style=\"text-align: justify;\"><img decoding=\"async\" class=\"size-medium wp-image-15631 alignleft lazyload\" data-src=\"https:\/\/defrentealaverdad.com\/wp-content\/uploads\/2024\/04\/0a242885f8664ef6874759a9dd54eeaa-241x300.jpg\" alt=\"\" width=\"241\" height=\"300\" data-srcset=\"https:\/\/defrentealaverdad.com\/wp-content\/uploads\/2024\/04\/0a242885f8664ef6874759a9dd54eeaa-241x300.jpg 241w, https:\/\/defrentealaverdad.com\/wp-content\/uploads\/2024\/04\/0a242885f8664ef6874759a9dd54eeaa-823x1024.jpg 823w, https:\/\/defrentealaverdad.com\/wp-content\/uploads\/2024\/04\/0a242885f8664ef6874759a9dd54eeaa-768x956.jpg 768w, https:\/\/defrentealaverdad.com\/wp-content\/uploads\/2024\/04\/0a242885f8664ef6874759a9dd54eeaa-1234x1536.jpg 1234w, https:\/\/defrentealaverdad.com\/wp-content\/uploads\/2024\/04\/0a242885f8664ef6874759a9dd54eeaa.jpg 1242w\" data-sizes=\"(max-width: 241px) 100vw, 241px\" src=\"data:image\/svg+xml;base64,PHN2ZyB3aWR0aD0iMSIgaGVpZ2h0PSIxIiB4bWxucz0iaHR0cDovL3d3dy53My5vcmcvMjAwMC9zdmciPjwvc3ZnPg==\" style=\"--smush-placeholder-width: 241px; --smush-placeholder-aspect-ratio: 241\/300;\" \/>El equipo de nuestra redacci\u00f3n pasa por la profunda pena de informar de la partida de Don Lorenzo, quien para muchos de nuestros directivos era un padre, quien en el d\u00eda de hoy falleci\u00f3 y parti\u00f3 a los brazos del Se\u00f1or. De acuerdo con muestro director, el Lic. Manuel Felix Rubio, expres\u00f3:<\/p>\n<blockquote>\n<p style=\"text-align: justify;\">Don Lorenzo era como un padre, adem\u00e1s de un gran ser humano, un dia como hoy fallecio en los brazos del Se\u00f1or.<\/p>\n<\/blockquote>\n<p style=\"text-align: justify;\">Desde nuestra redacci\u00f3n, deseamos:<em> \u00abPaz a sus restos y conformidad para toda su familia\u00bb.\u00a0<\/em><\/p>\n<p>Fuente: Redacci\u00f3n \u00abDe Frente a la Verdad\u00bb<\/p>\n","protected":false},"excerpt":{"rendered":"<p>El equipo de nuestra redacci\u00f3n pasa por la profunda pena de informar de la partida<\/p>\n","protected":false},"author":1,"featured_media":0,"comment_status":"open","ping_status":"open","sticky":false,"template":"","format":"standard","meta":{"footnotes":""},"categories":[7],"tags":[],"class_list":["post-15630","post","type-post","status-publish","format-standard","hentry","category-nacionales"],"_links":{"self":[{"href":"https:\/\/defrentealaverdad.com\/index.php\/wp-json\/wp\/v2\/posts\/15630","targetHints":{"allow":["GET"]}}],"collection":[{"href":"https:\/\/defrentealaverdad.com\/index.php\/wp-json\/wp\/v2\/posts"}],"about":[{"href":"https:\/\/defrentealaverdad.com\/index.php\/wp-json\/wp\/v2\/types\/post"}],"author":[{"embeddable":true,"href":"https:\/\/defrentealaverdad.com\/index.php\/wp-json\/wp\/v2\/users\/1"}],"replies":[{"embeddable":true,"href":"https:\/\/defrentealaverdad.com\/index.php\/wp-json\/wp\/v2\/comments?post=15630"}],"version-history":[{"count":1,"href":"https:\/\/defrentealaverdad.com\/index.php\/wp-json\/wp\/v2\/posts\/15630\/revisions"}],"predecessor-version":[{"id":15632,"href":"https:\/\/defrentealaverdad.com\/index.php\/wp-json\/wp\/v2\/posts\/15630\/revisions\/15632"}],"wp:attachment":[{"href":"https:\/\/defrentealaverdad.com\/index.php\/wp-json\/wp\/v2\/media?parent=15630"}],"wp:term":[{"taxonomy":"category","embeddable":true,"href":"https:\/\/defrentealaverdad.com\/index.php\/wp-json\/wp\/v2\/categories?post=15630"},{"taxonomy":"post_tag","embeddable":true,"href":"https:\/\/defrentealaverdad.com\/index.php\/wp-json\/wp\/v2\/tags?post=15630"}],"curies":[{"name":"wp","href":"https:\/\/api.w.org\/{rel}","templated":true}]}}