{"id":15620,"date":"2024-04-30T18:34:46","date_gmt":"2024-04-30T18:34:46","guid":{"rendered":"https:\/\/defrentealaverdad.com\/?p=15620"},"modified":"2024-04-30T18:34:46","modified_gmt":"2024-04-30T18:34:46","slug":"candidata-a-diputada-prm-marilin-de-los-santos-consolida-su-liderazgo-en-la-circunscripcion-3-de-sde","status":"publish","type":"post","link":"https:\/\/defrentealaverdad.com\/index.php\/2024\/04\/30\/candidata-a-diputada-prm-marilin-de-los-santos-consolida-su-liderazgo-en-la-circunscripcion-3-de-sde\/","title":{"rendered":"Candidata a diputada PRM Maril\u00edn de los Santos, consolida su liderazgo en la Circunscripci\u00f3n # 3 de SDE"},"content":{"rendered":"<p style=\"text-align: justify;\">Santo Domingo Este, R.D. La candidata a diputada por el Partido Revolucionario Moderno (PRM), en la Circunscripci\u00f3n # 3 de Santo Domingo Este, Maril\u00edn De los Santos, acompa\u00f1\u00f3, junto a una nutrida comisi\u00f3n, al presidente Lu\u00eds Abinader y al senador Antonio Taveras, en el multitudinario recorrido que se realiz\u00f3 por el municipio Santo Domingo Este, el pasado fin de semana.<\/p>\n<p style=\"text-align: justify;\"><img decoding=\"async\" class=\"size-medium wp-image-15621 alignleft lazyload\" data-src=\"https:\/\/defrentealaverdad.com\/wp-content\/uploads\/2024\/04\/IMG-20240429-WA0093-268x300.jpg\" alt=\"\" width=\"268\" height=\"300\" data-srcset=\"https:\/\/defrentealaverdad.com\/wp-content\/uploads\/2024\/04\/IMG-20240429-WA0093-268x300.jpg 268w, https:\/\/defrentealaverdad.com\/wp-content\/uploads\/2024\/04\/IMG-20240429-WA0093-915x1024.jpg 915w, https:\/\/defrentealaverdad.com\/wp-content\/uploads\/2024\/04\/IMG-20240429-WA0093-768x860.jpg 768w, https:\/\/defrentealaverdad.com\/wp-content\/uploads\/2024\/04\/IMG-20240429-WA0093-1372x1536.jpg 1372w, https:\/\/defrentealaverdad.com\/wp-content\/uploads\/2024\/04\/IMG-20240429-WA0093.jpg 1429w\" data-sizes=\"(max-width: 268px) 100vw, 268px\" src=\"data:image\/svg+xml;base64,PHN2ZyB3aWR0aD0iMSIgaGVpZ2h0PSIxIiB4bWxucz0iaHR0cDovL3d3dy53My5vcmcvMjAwMC9zdmciPjwvc3ZnPg==\" style=\"--smush-placeholder-width: 268px; --smush-placeholder-aspect-ratio: 268\/300;\" \/> \u00a0La marcha caravana, que inici\u00f3 en la calle 3 esquina 8 del Ensanche Isabelita, en Santo Domingo Este y concluy\u00f3 en el parque de Villa Faro, tuvo un gran respaldo de perremeistas y simpatizantes que vociferaban euf\u00f3ricos: \u00a1Lu\u00eds 4 m\u00e1s!, \u00a1Lu\u00eds 4 m\u00e1s!.<\/p>\n<p style=\"text-align: justify;\">Maril\u00edn De los Santos ponder\u00f3 la buena gesti\u00f3n que realiza el presidente Luis Abinader al frente del pa\u00eds, augurando que el PRM dar\u00e1 un golpe contundente en las elecciones de mayo, con m\u00e1s de un 70 por ciento.<\/p>\n<p style=\"text-align: justify;\"><img decoding=\"async\" class=\"size-medium wp-image-15622 alignright lazyload\" data-src=\"https:\/\/defrentealaverdad.com\/wp-content\/uploads\/2024\/04\/IMG-20240429-WA0095-300x225.jpg\" alt=\"\" width=\"300\" height=\"225\" data-srcset=\"https:\/\/defrentealaverdad.com\/wp-content\/uploads\/2024\/04\/IMG-20240429-WA0095-300x225.jpg 300w, https:\/\/defrentealaverdad.com\/wp-content\/uploads\/2024\/04\/IMG-20240429-WA0095-1024x768.jpg 1024w, https:\/\/defrentealaverdad.com\/wp-content\/uploads\/2024\/04\/IMG-20240429-WA0095-768x576.jpg 768w, https:\/\/defrentealaverdad.com\/wp-content\/uploads\/2024\/04\/IMG-20240429-WA0095-1536x1152.jpg 1536w, https:\/\/defrentealaverdad.com\/wp-content\/uploads\/2024\/04\/IMG-20240429-WA0095-720x540.jpg 720w, https:\/\/defrentealaverdad.com\/wp-content\/uploads\/2024\/04\/IMG-20240429-WA0095.jpg 1600w\" data-sizes=\"(max-width: 300px) 100vw, 300px\" src=\"data:image\/svg+xml;base64,PHN2ZyB3aWR0aD0iMSIgaGVpZ2h0PSIxIiB4bWxucz0iaHR0cDovL3d3dy53My5vcmcvMjAwMC9zdmciPjwvc3ZnPg==\" style=\"--smush-placeholder-width: 300px; --smush-placeholder-aspect-ratio: 300\/225;\" \/><\/p>\n<p style=\"text-align: justify;\">De los Santos, es una l\u00edder pol\u00edtica org\u00e1nica que ha forjado su nicho, paso a paso, en lo social y comunitario. Adem\u00e1s, es reconocida por los aportes que realiza desde el Comit\u00e9 Nacional de los Derechos Humanos Sindicales y Laborales (CONADEHUSIL), fundaci\u00f3n que preside y que trabaja en pro de los derechos de las familias y de la clase m\u00e1s humilde de la sociedad.<\/p>\n<p style=\"text-align: justify;\">Encuestas recientes, la sit\u00faan como la candidata <img decoding=\"async\" class=\"size-medium wp-image-15623 alignleft lazyload\" data-src=\"https:\/\/defrentealaverdad.com\/wp-content\/uploads\/2024\/04\/IMG-20240429-WA0096-300x169.jpg\" alt=\"\" width=\"300\" height=\"169\" data-srcset=\"https:\/\/defrentealaverdad.com\/wp-content\/uploads\/2024\/04\/IMG-20240429-WA0096-300x169.jpg 300w, https:\/\/defrentealaverdad.com\/wp-content\/uploads\/2024\/04\/IMG-20240429-WA0096-1024x576.jpg 1024w, https:\/\/defrentealaverdad.com\/wp-content\/uploads\/2024\/04\/IMG-20240429-WA0096-768x432.jpg 768w, https:\/\/defrentealaverdad.com\/wp-content\/uploads\/2024\/04\/IMG-20240429-WA0096-800x450.jpg 800w, https:\/\/defrentealaverdad.com\/wp-content\/uploads\/2024\/04\/IMG-20240429-WA0096.jpg 1280w\" data-sizes=\"(max-width: 300px) 100vw, 300px\" src=\"data:image\/svg+xml;base64,PHN2ZyB3aWR0aD0iMSIgaGVpZ2h0PSIxIiB4bWxucz0iaHR0cDovL3d3dy53My5vcmcvMjAwMC9zdmciPjwvc3ZnPg==\" style=\"--smush-placeholder-width: 300px; --smush-placeholder-aspect-ratio: 300\/169;\" \/>a diputada por la Circunscripci\u00f3n # 3 de Santo Domingo Este con m\u00e1s empuje entre los aspirantes de otros partidos pol\u00edticos, as\u00ed como dentro del Partido Revolucionario Moderno (PRM).<\/p>\n<p style=\"text-align: justify;\">Maril\u00edn, adem\u00e1s del apoyo de la base de su partido, tambi\u00e9n recibe el respaldo de movimientos pol\u00edticos de peso en la Circunscripci\u00f3n, as\u00ed como de juntas de vecinos, iglesias y asociaciones no partidistas. Entre los movimientos que la apoyan est\u00e1n Visi\u00f3n Futuro y MachuRD.<\/p>\n<blockquote><p>\u201cEstamos seguros de que nuestro presidente ganar\u00e1 con m\u00e1s de un 70 por ciento, y nosotros de la misma manera, venceremos como diputada, en las elecciones de mayo 2024\u201d, expuso De los Santos.<\/p><\/blockquote>\n<p style=\"text-align: justify;\">De ganar una curul en el Congreso, Maril\u00edn se propone instalar una oficina legislativa en su demarcaci\u00f3n, para no perder el contacto con su gente, acci\u00f3n que, de realizarse, ser\u00eda hist\u00f3rica pol\u00edticamente hablando.<\/p>\n<p style=\"text-align: justify;\">Fuente: Quisqueyanoticias.com<\/p>\n","protected":false},"excerpt":{"rendered":"<p>Santo Domingo Este, R.D. La candidata a diputada por el Partido Revolucionario Moderno (PRM), en<\/p>\n","protected":false},"author":1,"featured_media":0,"comment_status":"open","ping_status":"open","sticky":false,"template":"","format":"standard","meta":{"footnotes":""},"categories":[12],"tags":[],"class_list":["post-15620","post","type-post","status-publish","format-standard","hentry","category-politicas"],"_links":{"self":[{"href":"https:\/\/defrentealaverdad.com\/index.php\/wp-json\/wp\/v2\/posts\/15620","targetHints":{"allow":["GET"]}}],"collection":[{"href":"https:\/\/defrentealaverdad.com\/index.php\/wp-json\/wp\/v2\/posts"}],"about":[{"href":"https:\/\/defrentealaverdad.com\/index.php\/wp-json\/wp\/v2\/types\/post"}],"author":[{"embeddable":true,"href":"https:\/\/defrentealaverdad.com\/index.php\/wp-json\/wp\/v2\/users\/1"}],"replies":[{"embeddable":true,"href":"https:\/\/defrentealaverdad.com\/index.php\/wp-json\/wp\/v2\/comments?post=15620"}],"version-history":[{"count":1,"href":"https:\/\/defrentealaverdad.com\/index.php\/wp-json\/wp\/v2\/posts\/15620\/revisions"}],"predecessor-version":[{"id":15624,"href":"https:\/\/defrentealaverdad.com\/index.php\/wp-json\/wp\/v2\/posts\/15620\/revisions\/15624"}],"wp:attachment":[{"href":"https:\/\/defrentealaverdad.com\/index.php\/wp-json\/wp\/v2\/media?parent=15620"}],"wp:term":[{"taxonomy":"category","embeddable":true,"href":"https:\/\/defrentealaverdad.com\/index.php\/wp-json\/wp\/v2\/categories?post=15620"},{"taxonomy":"post_tag","embeddable":true,"href":"https:\/\/defrentealaverdad.com\/index.php\/wp-json\/wp\/v2\/tags?post=15620"}],"curies":[{"name":"wp","href":"https:\/\/api.w.org\/{rel}","templated":true}]}}