{"id":15610,"date":"2024-04-29T16:41:51","date_gmt":"2024-04-29T16:41:51","guid":{"rendered":"https:\/\/defrentealaverdad.com\/?p=15610"},"modified":"2024-04-29T16:41:51","modified_gmt":"2024-04-29T16:41:51","slug":"valentina-chica-fue-la-presentadora-del-maximo-galardon-colombia","status":"publish","type":"post","link":"https:\/\/defrentealaverdad.com\/index.php\/2024\/04\/29\/valentina-chica-fue-la-presentadora-del-maximo-galardon-colombia\/","title":{"rendered":"Valentina Chica fue la presentadora del \u00abM\u00e1ximo Galard\u00f3n Colombia\u00bb"},"content":{"rendered":"<p style=\"text-align: justify;\"><img decoding=\"async\" class=\"size-medium wp-image-15611 alignleft lazyload\" data-src=\"https:\/\/defrentealaverdad.com\/wp-content\/uploads\/2024\/04\/IMG-20240429-WA0029-300x200.jpg\" alt=\"\" width=\"300\" height=\"200\" data-srcset=\"https:\/\/defrentealaverdad.com\/wp-content\/uploads\/2024\/04\/IMG-20240429-WA0029-300x200.jpg 300w, https:\/\/defrentealaverdad.com\/wp-content\/uploads\/2024\/04\/IMG-20240429-WA0029-1024x683.jpg 1024w, https:\/\/defrentealaverdad.com\/wp-content\/uploads\/2024\/04\/IMG-20240429-WA0029-768x512.jpg 768w, https:\/\/defrentealaverdad.com\/wp-content\/uploads\/2024\/04\/IMG-20240429-WA0029-1536x1024.jpg 1536w, https:\/\/defrentealaverdad.com\/wp-content\/uploads\/2024\/04\/IMG-20240429-WA0029-2048x1366.jpg 2048w\" data-sizes=\"(max-width: 300px) 100vw, 300px\" src=\"data:image\/svg+xml;base64,PHN2ZyB3aWR0aD0iMSIgaGVpZ2h0PSIxIiB4bWxucz0iaHR0cDovL3d3dy53My5vcmcvMjAwMC9zdmciPjwvc3ZnPg==\" style=\"--smush-placeholder-width: 300px; --smush-placeholder-aspect-ratio: 300\/200;\" \/><\/p>\n<p style=\"text-align: justify;\">Valentina Chica es una figura notable en la industria del entretenimiento colombiano. Con una s\u00f3lida formaci\u00f3n en psicolog\u00eda y comunicaci\u00f3n social, ha sabido destacarse en diversos medios de comunicaci\u00f3n importantes del pa\u00eds, incluyendo La FM de RCN, Caracol TV y City TV. Su profesionalismo y carisma la han posicionado como una presentadora y locutora muy solicitada en eventos de gran relevancia, como los Latino Show Music Awards y el programa \u00abYo Me Llamo\u00bb.<\/p>\n<p style=\"text-align: justify;\">Su amor por el deporte y un estilo de vida saludable la han llevado a mantener una disciplina constante en su carrera, gan\u00e1ndose el reconocimiento de expertos en la industria del entretenimiento. Recientemente, fue seleccionada para presentar el prestigioso galard\u00f3n \u00abEl M\u00e1ximo Galard\u00f3n Colombia\u00bb en el Congreso de la Rep\u00fablica, un logro que destaca su ascenso en la industria.<\/p>\n<p style=\"text-align: justify;\">Adem\u00e1s de su trabajo en los medios, Valentina tambi\u00e9n est\u00e1 incursionando en el mundo empresarial con el lanzamiento de su propia marca de accesorios, as\u00ed como una l\u00ednea de vestidos de ba\u00f1o llamada BALEK. Su capacidad para diversificar sus intereses y proyectos es admirable y muestra su visi\u00f3n a largo plazo como profesional y emprendedora.<\/p>\n<p style=\"text-align: justify;\">Para a\u00f1adir a su versatilidad, Valentina est\u00e1 explorando oportunidades en el mundo de la actuaci\u00f3n, asistiendo a varios castings importantes en lo que va del 2024. Esta determinaci\u00f3n por seguir creciendo y desafi\u00e1ndose a s\u00ed misma es un claro indicativo de su pasi\u00f3n por el arte y su deseo de continuar expandiendo sus horizontes profesionales. Sin duda, Valentina Chica es una figura a seguir en la industria del entretenimiento colombiana.<\/p>\n<p>Fuente: Herrera Farandula<\/p>\n","protected":false},"excerpt":{"rendered":"<p>Valentina Chica es una figura notable en la industria del entretenimiento colombiano. Con una s\u00f3lida<\/p>\n","protected":false},"author":4,"featured_media":0,"comment_status":"open","ping_status":"open","sticky":false,"template":"","format":"standard","meta":{"footnotes":""},"categories":[6],"tags":[],"class_list":["post-15610","post","type-post","status-publish","format-standard","hentry","category-espectaculos"],"_links":{"self":[{"href":"https:\/\/defrentealaverdad.com\/index.php\/wp-json\/wp\/v2\/posts\/15610","targetHints":{"allow":["GET"]}}],"collection":[{"href":"https:\/\/defrentealaverdad.com\/index.php\/wp-json\/wp\/v2\/posts"}],"about":[{"href":"https:\/\/defrentealaverdad.com\/index.php\/wp-json\/wp\/v2\/types\/post"}],"author":[{"embeddable":true,"href":"https:\/\/defrentealaverdad.com\/index.php\/wp-json\/wp\/v2\/users\/4"}],"replies":[{"embeddable":true,"href":"https:\/\/defrentealaverdad.com\/index.php\/wp-json\/wp\/v2\/comments?post=15610"}],"version-history":[{"count":1,"href":"https:\/\/defrentealaverdad.com\/index.php\/wp-json\/wp\/v2\/posts\/15610\/revisions"}],"predecessor-version":[{"id":15612,"href":"https:\/\/defrentealaverdad.com\/index.php\/wp-json\/wp\/v2\/posts\/15610\/revisions\/15612"}],"wp:attachment":[{"href":"https:\/\/defrentealaverdad.com\/index.php\/wp-json\/wp\/v2\/media?parent=15610"}],"wp:term":[{"taxonomy":"category","embeddable":true,"href":"https:\/\/defrentealaverdad.com\/index.php\/wp-json\/wp\/v2\/categories?post=15610"},{"taxonomy":"post_tag","embeddable":true,"href":"https:\/\/defrentealaverdad.com\/index.php\/wp-json\/wp\/v2\/tags?post=15610"}],"curies":[{"name":"wp","href":"https:\/\/api.w.org\/{rel}","templated":true}]}}