{"id":15606,"date":"2024-04-29T16:39:51","date_gmt":"2024-04-29T16:39:51","guid":{"rendered":"https:\/\/defrentealaverdad.com\/?p=15606"},"modified":"2024-04-29T16:39:51","modified_gmt":"2024-04-29T16:39:51","slug":"show-aereo-de-la-fuerza-aerea-dominicana-atrae-a-mas-de-7000-espectadores","status":"publish","type":"post","link":"https:\/\/defrentealaverdad.com\/index.php\/2024\/04\/29\/show-aereo-de-la-fuerza-aerea-dominicana-atrae-a-mas-de-7000-espectadores\/","title":{"rendered":"Show A\u00e9reo de la Fuerza A\u00e9rea Dominicana atrae a m\u00e1s de 7,000 espectadores"},"content":{"rendered":"<p style=\"text-align: justify;\"><img decoding=\"async\" class=\"size-medium wp-image-15607 alignleft lazyload\" data-src=\"https:\/\/defrentealaverdad.com\/wp-content\/uploads\/2024\/04\/09ad3a5233a94b08883c1fe035555757-300x225.jpg\" alt=\"\" width=\"300\" height=\"225\" data-srcset=\"https:\/\/defrentealaverdad.com\/wp-content\/uploads\/2024\/04\/09ad3a5233a94b08883c1fe035555757-300x225.jpg 300w, https:\/\/defrentealaverdad.com\/wp-content\/uploads\/2024\/04\/09ad3a5233a94b08883c1fe035555757-1024x768.jpg 1024w, https:\/\/defrentealaverdad.com\/wp-content\/uploads\/2024\/04\/09ad3a5233a94b08883c1fe035555757-768x576.jpg 768w, https:\/\/defrentealaverdad.com\/wp-content\/uploads\/2024\/04\/09ad3a5233a94b08883c1fe035555757-1536x1152.jpg 1536w, https:\/\/defrentealaverdad.com\/wp-content\/uploads\/2024\/04\/09ad3a5233a94b08883c1fe035555757-2048x1536.jpg 2048w, https:\/\/defrentealaverdad.com\/wp-content\/uploads\/2024\/04\/09ad3a5233a94b08883c1fe035555757-720x540.jpg 720w\" data-sizes=\"(max-width: 300px) 100vw, 300px\" src=\"data:image\/svg+xml;base64,PHN2ZyB3aWR0aD0iMSIgaGVpZ2h0PSIxIiB4bWxucz0iaHR0cDovL3d3dy53My5vcmcvMjAwMC9zdmciPjwvc3ZnPg==\" style=\"--smush-placeholder-width: 300px; --smush-placeholder-aspect-ratio: 300\/225;\" \/>El reciente espect\u00e1culo a\u00e9reo organizado por la Fuerza A\u00e9rea de la Rep\u00fablica Dominicana result\u00f3 ser un \u00e9xito rotundo, con m\u00e1s de 7 mil entusiastas reunidos para presenciar el emocionante despliegue de aeronaves. El evento, celebrado en la Base A\u00e9rea de San Isidro, ofreci\u00f3 a los asistentes una experiencia \u00fanica, llena de maniobras acrob\u00e1ticas y exhibiciones a\u00e9reas de alto nivel.<\/p>\n<p style=\"text-align: justify;\">Una de las caracter\u00edsticas destacadas de este evento fue la participaci\u00f3n de tres pilotos extranjeros, cuyas habilidades y destrezas en el aire superaron las expectativas del p\u00fablico. Sus actuaciones agregaron un elemento adicional de emoci\u00f3n y diversidad al espect\u00e1culo, consolidando a\u00fan m\u00e1s su atractivo para los espectadores presentes.<\/p>\n<p style=\"text-align: justify;\"><img decoding=\"async\" class=\"size-medium wp-image-15608 alignleft lazyload\" data-src=\"https:\/\/defrentealaverdad.com\/wp-content\/uploads\/2024\/04\/IMG-20240429-WA0035-300x167.jpg\" alt=\"\" width=\"300\" height=\"167\" data-srcset=\"https:\/\/defrentealaverdad.com\/wp-content\/uploads\/2024\/04\/IMG-20240429-WA0035-300x167.jpg 300w, https:\/\/defrentealaverdad.com\/wp-content\/uploads\/2024\/04\/IMG-20240429-WA0035-1024x568.jpg 1024w, https:\/\/defrentealaverdad.com\/wp-content\/uploads\/2024\/04\/IMG-20240429-WA0035-768x426.jpg 768w, https:\/\/defrentealaverdad.com\/wp-content\/uploads\/2024\/04\/IMG-20240429-WA0035-1536x852.jpg 1536w, https:\/\/defrentealaverdad.com\/wp-content\/uploads\/2024\/04\/IMG-20240429-WA0035.jpg 1600w\" data-sizes=\"(max-width: 300px) 100vw, 300px\" src=\"data:image\/svg+xml;base64,PHN2ZyB3aWR0aD0iMSIgaGVpZ2h0PSIxIiB4bWxucz0iaHR0cDovL3d3dy53My5vcmcvMjAwMC9zdmciPjwvc3ZnPg==\" style=\"--smush-placeholder-width: 300px; --smush-placeholder-aspect-ratio: 300\/167;\" \/><\/p>\n<p style=\"text-align: justify;\">Con un despliegue impresionante de aeronaves y la participaci\u00f3n de talentosos pilotos nacionales e internacionales, el show a\u00e9reo de la Fuerza A\u00e9rea Dominicana se ha consolidado como uno de los eventos m\u00e1s destacados en el calendario de entretenimiento del pa\u00eds. Sin duda, dej\u00f3 una impresi\u00f3n duradera en los miles de espectadores que se dieron cita para disfrutar de este espect\u00e1culo de alto vuelo.<\/p>\n<p style=\"text-align: justify;\">Fuente: Walddy Polanco<\/p>\n","protected":false},"excerpt":{"rendered":"<p>El reciente espect\u00e1culo a\u00e9reo organizado por la Fuerza A\u00e9rea de la Rep\u00fablica Dominicana result\u00f3 ser<\/p>\n","protected":false},"author":1,"featured_media":0,"comment_status":"open","ping_status":"open","sticky":false,"template":"","format":"standard","meta":{"footnotes":""},"categories":[7],"tags":[],"class_list":["post-15606","post","type-post","status-publish","format-standard","hentry","category-nacionales"],"_links":{"self":[{"href":"https:\/\/defrentealaverdad.com\/index.php\/wp-json\/wp\/v2\/posts\/15606","targetHints":{"allow":["GET"]}}],"collection":[{"href":"https:\/\/defrentealaverdad.com\/index.php\/wp-json\/wp\/v2\/posts"}],"about":[{"href":"https:\/\/defrentealaverdad.com\/index.php\/wp-json\/wp\/v2\/types\/post"}],"author":[{"embeddable":true,"href":"https:\/\/defrentealaverdad.com\/index.php\/wp-json\/wp\/v2\/users\/1"}],"replies":[{"embeddable":true,"href":"https:\/\/defrentealaverdad.com\/index.php\/wp-json\/wp\/v2\/comments?post=15606"}],"version-history":[{"count":1,"href":"https:\/\/defrentealaverdad.com\/index.php\/wp-json\/wp\/v2\/posts\/15606\/revisions"}],"predecessor-version":[{"id":15609,"href":"https:\/\/defrentealaverdad.com\/index.php\/wp-json\/wp\/v2\/posts\/15606\/revisions\/15609"}],"wp:attachment":[{"href":"https:\/\/defrentealaverdad.com\/index.php\/wp-json\/wp\/v2\/media?parent=15606"}],"wp:term":[{"taxonomy":"category","embeddable":true,"href":"https:\/\/defrentealaverdad.com\/index.php\/wp-json\/wp\/v2\/categories?post=15606"},{"taxonomy":"post_tag","embeddable":true,"href":"https:\/\/defrentealaverdad.com\/index.php\/wp-json\/wp\/v2\/tags?post=15606"}],"curies":[{"name":"wp","href":"https:\/\/api.w.org\/{rel}","templated":true}]}}