{"id":15602,"date":"2024-04-29T16:31:54","date_gmt":"2024-04-29T16:31:54","guid":{"rendered":"https:\/\/defrentealaverdad.com\/?p=15602"},"modified":"2024-04-29T16:31:54","modified_gmt":"2024-04-29T16:31:54","slug":"postergacion-del-evento-poder-femenino","status":"publish","type":"post","link":"https:\/\/defrentealaverdad.com\/index.php\/2024\/04\/29\/postergacion-del-evento-poder-femenino\/","title":{"rendered":"Postergaci\u00f3n del Evento Poder Femenino"},"content":{"rendered":"<p style=\"text-align: justify;\">La conferencia Poder Femenino, liderada por la comunicadora y productora Pen\u00e9lope Guzm\u00e1n, anuncia la cancelaci\u00f3n y posposici\u00f3n de su pr\u00f3ximo evento. La nueva fecha ser\u00e1 anunciada pr\u00f3ximamente.<\/p>\n<p style=\"text-align: justify;\"><img decoding=\"async\" class=\"size-medium wp-image-15603 alignleft lazyload\" data-src=\"https:\/\/defrentealaverdad.com\/wp-content\/uploads\/2024\/04\/IMG-20240429-WA0013-211x300.jpg\" alt=\"\" width=\"211\" height=\"300\" data-srcset=\"https:\/\/defrentealaverdad.com\/wp-content\/uploads\/2024\/04\/IMG-20240429-WA0013-211x300.jpg 211w, https:\/\/defrentealaverdad.com\/wp-content\/uploads\/2024\/04\/IMG-20240429-WA0013-719x1024.jpg 719w, https:\/\/defrentealaverdad.com\/wp-content\/uploads\/2024\/04\/IMG-20240429-WA0013.jpg 720w\" data-sizes=\"(max-width: 211px) 100vw, 211px\" src=\"data:image\/svg+xml;base64,PHN2ZyB3aWR0aD0iMSIgaGVpZ2h0PSIxIiB4bWxucz0iaHR0cDovL3d3dy53My5vcmcvMjAwMC9zdmciPjwvc3ZnPg==\" style=\"--smush-placeholder-width: 211px; --smush-placeholder-aspect-ratio: 211\/300;\" \/><\/p>\n<p style=\"text-align: justify;\">Poder Femenino, reconocida por su compromiso con el crecimiento personal y profesional de las mujeres dominicanas, ofrece contenido de valor y relevancia en plazas importantes anualmente. La conferencia combina el desarrollo personal, profesional y emocional de los asistentes con actividades amenas que incluyen rifas, concursos y regalos.<\/p>\n<p style=\"text-align: justify;\">Lamentablemente, debido a irregularidades demandables ante la justicia por parte de un miembro de nuestro equipo, el evento programado para el 25 de mayo en Plaza Duarte ha sido cancelado. La persona responsable ha sido expulsada del equipo. Es importante destacar que la conferencia es una actividad sin fines de lucro, y Guzm\u00e1n se desvincula de cualquier pr\u00e1ctica irregular, apoyo o donaci\u00f3n de cualquier fundaci\u00f3n o instituci\u00f3n.<\/p>\n<p style=\"text-align: justify;\"><img decoding=\"async\" class=\"size-medium wp-image-15604 alignright lazyload\" data-src=\"https:\/\/defrentealaverdad.com\/wp-content\/uploads\/2024\/04\/IMG-20240429-WA0012-223x300.jpg\" alt=\"\" width=\"223\" height=\"300\" data-srcset=\"https:\/\/defrentealaverdad.com\/wp-content\/uploads\/2024\/04\/IMG-20240429-WA0012-223x300.jpg 223w, https:\/\/defrentealaverdad.com\/wp-content\/uploads\/2024\/04\/IMG-20240429-WA0012-763x1024.jpg 763w, https:\/\/defrentealaverdad.com\/wp-content\/uploads\/2024\/04\/IMG-20240429-WA0012-768x1031.jpg 768w, https:\/\/defrentealaverdad.com\/wp-content\/uploads\/2024\/04\/IMG-20240429-WA0012-1144x1536.jpg 1144w, https:\/\/defrentealaverdad.com\/wp-content\/uploads\/2024\/04\/IMG-20240429-WA0012-1525x2048.jpg 1525w, https:\/\/defrentealaverdad.com\/wp-content\/uploads\/2024\/04\/IMG-20240429-WA0012-scaled.jpg 1907w\" data-sizes=\"(max-width: 223px) 100vw, 223px\" src=\"data:image\/svg+xml;base64,PHN2ZyB3aWR0aD0iMSIgaGVpZ2h0PSIxIiB4bWxucz0iaHR0cDovL3d3dy53My5vcmcvMjAwMC9zdmciPjwvc3ZnPg==\" style=\"--smush-placeholder-width: 223px; --smush-placeholder-aspect-ratio: 223\/300;\" \/><\/p>\n<p style=\"text-align: justify;\">Poder Femenino es pionero en el pa\u00eds en este tipo de eventos centrados en el bienestar de las mujeres dominicanas, y cuenta con un excelente equipo de conferencistas, entre ellos Ana Gonz\u00e1lez, Nikolet Almonte, Kirsys Jatniel, Vanessa Mejia, Jacqueline Rodr\u00edguez, junto a Pen\u00e9lope Guzm\u00e1n.<\/p>\n<p style=\"text-align: justify;\">La conferencia forma parte de otros proyectos de la comunicadora, como su programa radial en formato televisivo del mismo nombre, as\u00ed como los Podcast \u00abPoder Femenino Maternidad\u00bb y su reciente proyecto, En femenino Podcast.<\/p>\n<p style=\"text-align: justify;\">Guzm\u00e1n aclara que Poder Femenino nunca ha sido parte de los productos de la organizaci\u00f3n internacional Global Guide. Solo se trat\u00f3 de una colaboraci\u00f3n que lleg\u00f3 a su final.<\/p>\n<p style=\"text-align: justify;\">El equipo se prepara para nuevas actividades, incluido un proyecto en favor de ni\u00f1os pacientes de un hospital p\u00fablico.<\/p>\n<p style=\"text-align: justify;\">Fuente: \u00a0Poder Femenino<\/p>\n","protected":false},"excerpt":{"rendered":"<p>La conferencia Poder Femenino, liderada por la comunicadora y productora Pen\u00e9lope Guzm\u00e1n, anuncia la cancelaci\u00f3n<\/p>\n","protected":false},"author":1,"featured_media":0,"comment_status":"open","ping_status":"open","sticky":false,"template":"","format":"standard","meta":{"footnotes":""},"categories":[7],"tags":[],"class_list":["post-15602","post","type-post","status-publish","format-standard","hentry","category-nacionales"],"_links":{"self":[{"href":"https:\/\/defrentealaverdad.com\/index.php\/wp-json\/wp\/v2\/posts\/15602","targetHints":{"allow":["GET"]}}],"collection":[{"href":"https:\/\/defrentealaverdad.com\/index.php\/wp-json\/wp\/v2\/posts"}],"about":[{"href":"https:\/\/defrentealaverdad.com\/index.php\/wp-json\/wp\/v2\/types\/post"}],"author":[{"embeddable":true,"href":"https:\/\/defrentealaverdad.com\/index.php\/wp-json\/wp\/v2\/users\/1"}],"replies":[{"embeddable":true,"href":"https:\/\/defrentealaverdad.com\/index.php\/wp-json\/wp\/v2\/comments?post=15602"}],"version-history":[{"count":1,"href":"https:\/\/defrentealaverdad.com\/index.php\/wp-json\/wp\/v2\/posts\/15602\/revisions"}],"predecessor-version":[{"id":15605,"href":"https:\/\/defrentealaverdad.com\/index.php\/wp-json\/wp\/v2\/posts\/15602\/revisions\/15605"}],"wp:attachment":[{"href":"https:\/\/defrentealaverdad.com\/index.php\/wp-json\/wp\/v2\/media?parent=15602"}],"wp:term":[{"taxonomy":"category","embeddable":true,"href":"https:\/\/defrentealaverdad.com\/index.php\/wp-json\/wp\/v2\/categories?post=15602"},{"taxonomy":"post_tag","embeddable":true,"href":"https:\/\/defrentealaverdad.com\/index.php\/wp-json\/wp\/v2\/tags?post=15602"}],"curies":[{"name":"wp","href":"https:\/\/api.w.org\/{rel}","templated":true}]}}