{"id":15599,"date":"2024-04-29T16:26:28","date_gmt":"2024-04-29T16:26:28","guid":{"rendered":"https:\/\/defrentealaverdad.com\/?p=15599"},"modified":"2024-04-29T16:26:28","modified_gmt":"2024-04-29T16:26:28","slug":"pqdcpdi-y-el-bis-respaldan-candidatura-de-isha-cabrera","status":"publish","type":"post","link":"https:\/\/defrentealaverdad.com\/index.php\/2024\/04\/29\/pqdcpdi-y-el-bis-respaldan-candidatura-de-isha-cabrera\/","title":{"rendered":"PQDC,PDI y el BIS respaldan candidatura de Isha Cabrera"},"content":{"rendered":"<p>Miami, Fl.-Isha Cabrera candidata de Ultramar por el partido Fuerza del Pueblo, consolida una vez m\u00e1s su liderazgo como la favorita para ganar diputaci\u00f3n en la circunscripci\u00f3n no.2 y es que esta vez ha recibido el apoyo del Partidos Quisqueyano Dem\u00f3crata Cristiano (PQDC), Partido Dem\u00f3crata Institucional (PDI) y el Bloque Institucional (BIS).<\/p>\n<p><img decoding=\"async\" data-src=\"https:\/\/defrentealaverdad.com\/wp-content\/uploads\/2024\/04\/IMG-20240429-WA0021-300x225.jpg\" alt=\"\" width=\"300\" height=\"225\" src=\"data:image\/svg+xml;base64,PHN2ZyB3aWR0aD0iMSIgaGVpZ2h0PSIxIiB4bWxucz0iaHR0cDovL3d3dy53My5vcmcvMjAwMC9zdmciPjwvc3ZnPg==\" class=\"lazyload\" style=\"--smush-placeholder-width: 300px; --smush-placeholder-aspect-ratio: 300\/225;\" \/><\/p>\n<p>En un acto celebrado en la ciudad de Miami, las tres fuerzas pol\u00edticas opositoras brindaron respaldo contundente a Cabrera defini\u00e9ndola desde ya, como la nueva l\u00edder de Ultramar y absoluta ganadora de los pr\u00f3ximos comicios a celebrarse este 19 de mayo de 2024.<\/p>\n<blockquote><p>\u00abReafirmo que con su apoyo ser\u00e9 una representante digna de todos los dominicanos en el exterior, es un honor contar con todo el respaldo de todas las personas que conf\u00edan en mi para representarlos y legislar por ellos; primero trabajar con dedicaci\u00f3n y compromiso para cumplir con las expectativas de ser una digna representante de todos\u00bb, precis\u00f3 la tambi\u00e9n miembro de la Direcci\u00f3n Central de la FP.<\/p><\/blockquote>\n<p>El encuentro estuvo encabezado por los dirigentes pol\u00edticos: El\u00edas Wessin Ch\u00e1vez, presidente del PQDC; Wenshy wikelson, secretario general del Bloque Institucional BIS; William Correa, secretario general del PDI; Yunis Segura, presidenta de la filial PQDC en la Florida; Dr. Murray, coordinador de campa\u00f1a filial PQDC en la Florida; Manuel Alm\u00e1nzar (Ney), enlace de la Florida y coordinador adjunto de campa\u00f1a; adem\u00e1s Thomas Pe\u00f1a, presidente de la filial Fuerza del Pueblo en la Florida y el Aridio Genao, vicepresidente de la Filial Fuerza del Pueblo en la Florida.<\/p>\n<p>El secretario organizacional y electoral del PDI, Williams Correa, exhort\u00f3 a todos los dominicanos de la di\u00e1spora a ejercer su voto indicando que, el pa\u00eds no se encuentra en sus mejores condiciones y que est\u00e1 en ellos el compromiso y la responsabilidad de cambiar el futuro de la naci\u00f3n.<\/p>\n<blockquote><p>\u00abEst\u00e1 en sus manos el compromiso y la responsabilidad de cambiar el futuro de la naci\u00f3n, vamos a salir este 19 de mayo desde las 6 de la ma\u00f1ana a premiar las hurnas de votos a favor de nuestro pr\u00f3ximo presidente el Dr. Leonel Fern\u00e1ndez. El exterior, la di\u00e1spora se merecen una representaci\u00f3n digna, que vele por los intereses y conozca el trabajo que pasan los dominicanos que viven en el exterior y creo que esa intenci\u00f3n est\u00e1 representa en Isha Cabrera quien ser\u00e1 nuestra pr\u00f3xima diputada\u00bb, exclam\u00f3 Correa.<\/p><\/blockquote>\n<p>Por su parte Wenshy Wilkerson, secretario general del BIS indic\u00f3 que, Isha Cabrera es la primera y \u00fanica candidata en recibir el apoyo de varias organizaciones pol\u00edticas en el exterior, \u00absepa usted que cuenta con todo el respaldo de Jos\u00e9 Francisco Pe\u00f1a Guaba, yo en calidad de Secretario General y de todo el Bloque Institucional Social Democr\u00e1ta, para que este 19 de mayo pueda hacer ese sue\u00f1o realidad de todos, de convertirse en la real diputada de la circunscripci\u00f3n no.2, de los dominicanos que viven aqui\u00bb, expres\u00f3 el experimentado pol\u00edtico.<\/p>\n<p>En cuanto que El\u00edas Wessin, dijo sentirse conconfiado en lo que Fern\u00e1ndez har\u00e1 en una nueva gesti\u00f3n de gobierno y que estar\u00edan ultimando el triunfo del l\u00edder de la FP y de la candidata a diputada de Ultramar.<\/p>\n<blockquote><p>\u00abYa lo vieron en el debate Leonel Fern\u00e1ndez, es la persona m\u00e1s capacitada para volver a traer progeso a la Rep\u00fablica Dominicana, nosotros vamos a concretar el triunfo del Dr. Leonel Fern\u00e1ndez como presidente y de Isha Cabrera como diputada, hay dos millones de dominicanos fuera del pais una comunidad amplia, vital y esencial para el desarrollo de nuestro pa\u00eds\u00bb, argument\u00f3 Ch\u00e1vez.<\/p><\/blockquote>\n<p>Recordamos que de acuerdo a la encuestadora SONDEOS, Isha Cabrera se perfilaria como la m\u00e1s votada de estas elecciones.<\/p>\n<p>Entre los pa\u00edses a representar se encuentran: Puerto Rico, Miami, Aruba, Costa Rica, Chile, Panam\u00e1, Guyana, las islas, entre otros.<\/p>\n<p>Lo que s\u00ed estamos seguros es que estamos viviendo \u00abLa Isha Mania\u00bb.<\/p>\n<p>Fuente: PQDC,PDI y el BIS<\/p>\n","protected":false},"excerpt":{"rendered":"<p>Miami, Fl.-Isha Cabrera candidata de Ultramar por el partido Fuerza del Pueblo, consolida una vez<\/p>\n","protected":false},"author":1,"featured_media":0,"comment_status":"open","ping_status":"open","sticky":false,"template":"","format":"standard","meta":{"footnotes":""},"categories":[16],"tags":[],"class_list":["post-15599","post","type-post","status-publish","format-standard","hentry","category-internacionales"],"_links":{"self":[{"href":"https:\/\/defrentealaverdad.com\/index.php\/wp-json\/wp\/v2\/posts\/15599","targetHints":{"allow":["GET"]}}],"collection":[{"href":"https:\/\/defrentealaverdad.com\/index.php\/wp-json\/wp\/v2\/posts"}],"about":[{"href":"https:\/\/defrentealaverdad.com\/index.php\/wp-json\/wp\/v2\/types\/post"}],"author":[{"embeddable":true,"href":"https:\/\/defrentealaverdad.com\/index.php\/wp-json\/wp\/v2\/users\/1"}],"replies":[{"embeddable":true,"href":"https:\/\/defrentealaverdad.com\/index.php\/wp-json\/wp\/v2\/comments?post=15599"}],"version-history":[{"count":1,"href":"https:\/\/defrentealaverdad.com\/index.php\/wp-json\/wp\/v2\/posts\/15599\/revisions"}],"predecessor-version":[{"id":15601,"href":"https:\/\/defrentealaverdad.com\/index.php\/wp-json\/wp\/v2\/posts\/15599\/revisions\/15601"}],"wp:attachment":[{"href":"https:\/\/defrentealaverdad.com\/index.php\/wp-json\/wp\/v2\/media?parent=15599"}],"wp:term":[{"taxonomy":"category","embeddable":true,"href":"https:\/\/defrentealaverdad.com\/index.php\/wp-json\/wp\/v2\/categories?post=15599"},{"taxonomy":"post_tag","embeddable":true,"href":"https:\/\/defrentealaverdad.com\/index.php\/wp-json\/wp\/v2\/tags?post=15599"}],"curies":[{"name":"wp","href":"https:\/\/api.w.org\/{rel}","templated":true}]}}