{"id":15596,"date":"2024-04-28T17:55:38","date_gmt":"2024-04-28T17:55:38","guid":{"rendered":"https:\/\/defrentealaverdad.com\/?p=15596"},"modified":"2024-04-28T17:55:38","modified_gmt":"2024-04-28T17:55:38","slug":"caasd-activa-comite-de-emergencia-ante-incidencia-de-vaguada-en-gsd","status":"publish","type":"post","link":"https:\/\/defrentealaverdad.com\/index.php\/2024\/04\/28\/caasd-activa-comite-de-emergencia-ante-incidencia-de-vaguada-en-gsd\/","title":{"rendered":"CAASD activa comit\u00e9 de emergencia ante incidencia de vaguada en GSD"},"content":{"rendered":"<blockquote>\n<p style=\"text-align: justify;\">Fellito Suberv\u00ed destac\u00f3 que la producci\u00f3n de agua potable se sit\u00faa en 432 millones de galones por d\u00eda.<\/p>\n<\/blockquote>\n<p style=\"text-align: justify;\">Santo Domingo. \u2013 La Corporaci\u00f3n del Acueducto y Alcantarillado de Santo Domingo (CAASD) puso en marcha este domingo su comit\u00e9 de emergencia para abordar de manera eficiente posibles incidencias, debido a la presencia de una vaguada en el territorio nacional.<\/p>\n<p style=\"text-align: justify;\"><img decoding=\"async\" class=\"size-medium wp-image-15597 alignleft lazyload\" data-src=\"https:\/\/defrentealaverdad.com\/wp-content\/uploads\/2024\/04\/IMG-20240428-WA0036-300x200.jpg\" alt=\"\" width=\"300\" height=\"200\" data-srcset=\"https:\/\/defrentealaverdad.com\/wp-content\/uploads\/2024\/04\/IMG-20240428-WA0036-300x200.jpg 300w, https:\/\/defrentealaverdad.com\/wp-content\/uploads\/2024\/04\/IMG-20240428-WA0036-1024x683.jpg 1024w, https:\/\/defrentealaverdad.com\/wp-content\/uploads\/2024\/04\/IMG-20240428-WA0036-768x512.jpg 768w, https:\/\/defrentealaverdad.com\/wp-content\/uploads\/2024\/04\/IMG-20240428-WA0036.jpg 1280w\" data-sizes=\"(max-width: 300px) 100vw, 300px\" src=\"data:image\/svg+xml;base64,PHN2ZyB3aWR0aD0iMSIgaGVpZ2h0PSIxIiB4bWxucz0iaHR0cDovL3d3dy53My5vcmcvMjAwMC9zdmciPjwvc3ZnPg==\" style=\"--smush-placeholder-width: 300px; --smush-placeholder-aspect-ratio: 300\/200;\" \/><\/p>\n<p style=\"text-align: justify;\">As\u00ed lo inform\u00f3 el director general de la instituci\u00f3n, Felipe Suberv\u00ed, quien asegur\u00f3 que la medida demuestra la preparaci\u00f3n y capacidad de respuesta de la CAASD para enfrentar situaciones adversas. En ese sentido, el ingeniero garantiz\u00f3 el suministro de agua potable a la poblaci\u00f3n.<\/p>\n<p style=\"text-align: justify;\">Suberv\u00ed enfatiz\u00f3 la necesidad de coordinar acciones eficaces para asegurar la continuidad del servicio y mitigar los posibles impactos derivados de fen\u00f3meno atmosf\u00e9ricos de la mano del comit\u00e9 de emergencia conformado por las Direcciones de Operaciones, Ingenier\u00eda, Tecnolog\u00eda, Compras y Contrataciones, Hidrogeolog\u00eda y Medio Ambiente, Seguridad Militar y Log\u00edstica, adem\u00e1s de Unidad Ejecutora de Proyectos, Calidad del agua, Control operacional, entre otros.<\/p>\n<p style=\"text-align: justify;\">El funcionario inform\u00f3, adem\u00e1s, que la producci\u00f3n de agua potable se sit\u00faa en aproximadamente 432 millones de galones por d\u00eda, con una reducci\u00f3n debido a la salida de servicio de los acueductos Duey e Isa-Mana, provocada por altos niveles de turbiedad.<\/p>\n<blockquote><p>\u201cEl acueducto Duey sali\u00f3 de servicio ayer a las 6:30 de la tarde debido a las lluvias del d\u00eda anterior y se restableci\u00f3 este domingo a las 7:00 de la ma\u00f1ana. Por su parte, el acueducto Isa Mana tambi\u00e9n sali\u00f3 de servicio ayer s\u00e1bado a las 4:30 de la tarde y a\u00fan no ha retomado sus operaciones debido a la alta turbiedad. Se proyecta que este \u00faltimo vuelva a estar operativo este domingo\u201d, explic\u00f3 Suberv\u00ed.<\/p><\/blockquote>\n<p style=\"text-align: justify;\">Asimismo, indic\u00f3, que los niveles de las presas de Jiguey y Vald\u00e9sia se encuentran dentro de par\u00e1metros aceptables, con la presa de Jiguey registrando 535.51 metros de un m\u00e1ximo de 541.50 y la presa de Vald\u00e9sia marcando 146.17 de un m\u00e1ximo de 150 del caudal que ingresa a la presa del r\u00edo Nizao, que es de 17.73 metros c\u00fabicos por segundo.<\/p>\n<p style=\"text-align: justify;\">De acuerdo con el informe de la Oficina Nacional de Meteorolog\u00eda (ONAMET), se espera la combinaci\u00f3n de una vaguada en superficie con los efectos de otra nueva vaguada en diferentes niveles de la troposfera sobre la porci\u00f3n oriental de Cuba. Este fen\u00f3meno atmosf\u00e9rico generar\u00e1 aguaceros fuertes en ocasiones, tormentas el\u00e9ctricas y r\u00e1fagas de viento, principalmente en poblados pertenecientes a las regiones noreste, norte, sureste, este, Valle del Cibao y la cordillera Central.<\/p>\n<p style=\"text-align: justify;\">Por el fen\u00f3meno, el Centro de Operaciones de Emergencia (COE) mantiene 20 provincias en alerta amarilla y 8 en alerta verde.<\/p>\n<p style=\"text-align: justify;\">En alerta amarilla se encuentran Santiago, La Vega, El Seibo, Monse\u00f1or Nouel, San Jos\u00e9 de Ocoa, Hato Mayor, San Pedro de Macor\u00eds, Santiago Rodr\u00edguez, Espaillat, Mar\u00eda Trinidad S\u00e1nchez, Santo Domingo, Distrito Nacional, San Crist\u00f3bal, Monte Plata, Duarte, S\u00e1nchez Ram\u00edrez, Montecristi, Puerto Plata, Saman\u00e1 y Hermanas Mirabal.<\/p>\n<p style=\"text-align: justify;\">En tanto que en verde est\u00e1n Azua, Dajab\u00f3n, La Romana, La Altagracia, San Juan, El\u00edas Pi\u00f1a, Peravia y Valverde.<\/p>\n<p style=\"text-align: justify;\">El COE record\u00f3 a la poblaci\u00f3n abstenerse de cruzar r\u00edos, arroyos y ca\u00f1adas que presenten altos vol\u00famenes en las provincias bajo alerta.<\/p>\n<p>Fuente: Prensa CAASD<\/p>\n","protected":false},"excerpt":{"rendered":"<p>Fellito Suberv\u00ed destac\u00f3 que la producci\u00f3n de agua potable se sit\u00faa en 432 millones de<\/p>\n","protected":false},"author":1,"featured_media":0,"comment_status":"open","ping_status":"open","sticky":false,"template":"","format":"standard","meta":{"footnotes":""},"categories":[7],"tags":[],"class_list":["post-15596","post","type-post","status-publish","format-standard","hentry","category-nacionales"],"_links":{"self":[{"href":"https:\/\/defrentealaverdad.com\/index.php\/wp-json\/wp\/v2\/posts\/15596","targetHints":{"allow":["GET"]}}],"collection":[{"href":"https:\/\/defrentealaverdad.com\/index.php\/wp-json\/wp\/v2\/posts"}],"about":[{"href":"https:\/\/defrentealaverdad.com\/index.php\/wp-json\/wp\/v2\/types\/post"}],"author":[{"embeddable":true,"href":"https:\/\/defrentealaverdad.com\/index.php\/wp-json\/wp\/v2\/users\/1"}],"replies":[{"embeddable":true,"href":"https:\/\/defrentealaverdad.com\/index.php\/wp-json\/wp\/v2\/comments?post=15596"}],"version-history":[{"count":1,"href":"https:\/\/defrentealaverdad.com\/index.php\/wp-json\/wp\/v2\/posts\/15596\/revisions"}],"predecessor-version":[{"id":15598,"href":"https:\/\/defrentealaverdad.com\/index.php\/wp-json\/wp\/v2\/posts\/15596\/revisions\/15598"}],"wp:attachment":[{"href":"https:\/\/defrentealaverdad.com\/index.php\/wp-json\/wp\/v2\/media?parent=15596"}],"wp:term":[{"taxonomy":"category","embeddable":true,"href":"https:\/\/defrentealaverdad.com\/index.php\/wp-json\/wp\/v2\/categories?post=15596"},{"taxonomy":"post_tag","embeddable":true,"href":"https:\/\/defrentealaverdad.com\/index.php\/wp-json\/wp\/v2\/tags?post=15596"}],"curies":[{"name":"wp","href":"https:\/\/api.w.org\/{rel}","templated":true}]}}