{"id":15592,"date":"2024-04-27T02:04:01","date_gmt":"2024-04-27T02:04:01","guid":{"rendered":"https:\/\/defrentealaverdad.com\/?p=15592"},"modified":"2024-04-28T02:05:21","modified_gmt":"2024-04-28T02:05:21","slug":"llevan-operativo-digesett-con-la-comunidad-al-municipio-de-yamasa-provincia-monte-plata","status":"publish","type":"post","link":"https:\/\/defrentealaverdad.com\/index.php\/2024\/04\/27\/llevan-operativo-digesett-con-la-comunidad-al-municipio-de-yamasa-provincia-monte-plata\/","title":{"rendered":"Llevan operativo \u201cDIGESETT con la Comunidad\u201d al municipio de Yamas\u00e1, provincia Monte Plata"},"content":{"rendered":"<p style=\"text-align: justify;\">La Direcci\u00f3n General de Seguridad de Tr\u00e1nsito y Transporte Terrestre (DIGESETT) en conjunto con la iglesia cat\u00f3lica, llevar\u00e1 a cabo este s\u00e1bado 27 de abril, el operativo llamado \u201cDIGESETT con la Comunidad\u201d, en el Polit\u00e9cnico Parroquial Sor Susana Daly, un evento que tiene como objetivo el acercamiento de la entidad con la comunidad del municipio de Yamas\u00e1, provincia Monte Plata.<\/p>\n<p style=\"text-align: justify;\"><img decoding=\"async\" class=\"size-medium wp-image-15593 alignleft lazyload\" data-src=\"https:\/\/defrentealaverdad.com\/wp-content\/uploads\/2024\/04\/IMG-20240426-WA0203-300x300.jpg\" alt=\"\" width=\"300\" height=\"300\" data-srcset=\"https:\/\/defrentealaverdad.com\/wp-content\/uploads\/2024\/04\/IMG-20240426-WA0203-300x300.jpg 300w, https:\/\/defrentealaverdad.com\/wp-content\/uploads\/2024\/04\/IMG-20240426-WA0203-1024x1024.jpg 1024w, https:\/\/defrentealaverdad.com\/wp-content\/uploads\/2024\/04\/IMG-20240426-WA0203-150x150.jpg 150w, https:\/\/defrentealaverdad.com\/wp-content\/uploads\/2024\/04\/IMG-20240426-WA0203-768x768.jpg 768w, https:\/\/defrentealaverdad.com\/wp-content\/uploads\/2024\/04\/IMG-20240426-WA0203.jpg 1080w\" data-sizes=\"(max-width: 300px) 100vw, 300px\" src=\"data:image\/svg+xml;base64,PHN2ZyB3aWR0aD0iMSIgaGVpZ2h0PSIxIiB4bWxucz0iaHR0cDovL3d3dy53My5vcmcvMjAwMC9zdmciPjwvc3ZnPg==\" style=\"--smush-placeholder-width: 300px; --smush-placeholder-aspect-ratio: 300\/300;\" \/><\/p>\n<p style=\"text-align: justify;\">Este operativo, que estar\u00e1 encabezado por el director de la DIGESETT, general Francisco Osoria De La Cruz, P.N., busca promover el acercamiento con la comunidad para que conozcan m\u00e1s sobre seguridad vial y como prevenir accidentes de tr\u00e1nsito. Adem\u00e1s de ofrecer una gran variedad de servicios m\u00e9dicos con m\u00e1s de 30 especialistas de diferentes \u00e1reas de la salud.<\/p>\n<p style=\"text-align: justify;\">En la actividad, que se estar\u00e1 desarrollando a partir de las 8:30 de la ma\u00f1ana, se brindar\u00e1n, totalmente GRATIS, servicios de belleza y peluquer\u00eda, entrega de cascos protectores a motociclistas. Mientras que los ni\u00f1os disfrutaran de juegos educativos, sorpresas y regalos. Adem\u00e1s, el Seguro Nacional de Salud (SENASA) estar\u00e1 presente en apoyo a esta actividad realizando afiliaci\u00f3n y brindando informaciones del servicio que ofrecen.<\/p>\n<p style=\"text-align: justify;\">Asimismo, siendo la educaci\u00f3n vial parte fundamental de este evento, se impartir\u00e1n charlas dirigidos para ni\u00f1os, adolescentes, motociclistas y todo aquel que desee aprender m\u00e1s sobre seguridad vial y manejo defensivo.<\/p>\n<p style=\"text-align: justify;\">Para finalizar, la comunidad de Yamas\u00e1 podr\u00e1 disfrutar de la orquesta de la Polic\u00eda Nacional que estar\u00e1 presente para amenizar la ocasi\u00f3n con su m\u00fasica.<\/p>\n<p style=\"text-align: justify;\">La DIGESETT te invita asistir a este evento y pasar un d\u00eda lleno de diversi\u00f3n y conocimiento.<\/p>\n<p style=\"text-align: justify;\">\n<p style=\"text-align: justify;\">Fuente: Dir. Com.\u00a0 DIGESETT<\/p>\n","protected":false},"excerpt":{"rendered":"<p>La Direcci\u00f3n General de Seguridad de Tr\u00e1nsito y Transporte Terrestre (DIGESETT) en conjunto con la<\/p>\n","protected":false},"author":1,"featured_media":0,"comment_status":"open","ping_status":"open","sticky":false,"template":"","format":"standard","meta":{"footnotes":""},"categories":[7],"tags":[],"class_list":["post-15592","post","type-post","status-publish","format-standard","hentry","category-nacionales"],"_links":{"self":[{"href":"https:\/\/defrentealaverdad.com\/index.php\/wp-json\/wp\/v2\/posts\/15592","targetHints":{"allow":["GET"]}}],"collection":[{"href":"https:\/\/defrentealaverdad.com\/index.php\/wp-json\/wp\/v2\/posts"}],"about":[{"href":"https:\/\/defrentealaverdad.com\/index.php\/wp-json\/wp\/v2\/types\/post"}],"author":[{"embeddable":true,"href":"https:\/\/defrentealaverdad.com\/index.php\/wp-json\/wp\/v2\/users\/1"}],"replies":[{"embeddable":true,"href":"https:\/\/defrentealaverdad.com\/index.php\/wp-json\/wp\/v2\/comments?post=15592"}],"version-history":[{"count":1,"href":"https:\/\/defrentealaverdad.com\/index.php\/wp-json\/wp\/v2\/posts\/15592\/revisions"}],"predecessor-version":[{"id":15594,"href":"https:\/\/defrentealaverdad.com\/index.php\/wp-json\/wp\/v2\/posts\/15592\/revisions\/15594"}],"wp:attachment":[{"href":"https:\/\/defrentealaverdad.com\/index.php\/wp-json\/wp\/v2\/media?parent=15592"}],"wp:term":[{"taxonomy":"category","embeddable":true,"href":"https:\/\/defrentealaverdad.com\/index.php\/wp-json\/wp\/v2\/categories?post=15592"},{"taxonomy":"post_tag","embeddable":true,"href":"https:\/\/defrentealaverdad.com\/index.php\/wp-json\/wp\/v2\/tags?post=15592"}],"curies":[{"name":"wp","href":"https:\/\/api.w.org\/{rel}","templated":true}]}}