{"id":15588,"date":"2024-04-27T02:01:44","date_gmt":"2024-04-27T02:01:44","guid":{"rendered":"https:\/\/defrentealaverdad.com\/?p=15588"},"modified":"2024-04-28T02:03:29","modified_gmt":"2024-04-28T02:03:29","slug":"partido-verde-dominicano-proclama-a-guillermo-moreno-como-su-candidato-a-senador-por-el-distrito-nacional","status":"publish","type":"post","link":"https:\/\/defrentealaverdad.com\/index.php\/2024\/04\/27\/partido-verde-dominicano-proclama-a-guillermo-moreno-como-su-candidato-a-senador-por-el-distrito-nacional\/","title":{"rendered":"Partido Verde Dominicano Proclama a Guillermo Moreno como su candidato a Senador por el Distrito Nacional  \u00a0"},"content":{"rendered":"<p style=\"text-align: justify;\">SANTO DOMINGO- En un acto multitudinario el Partido Verde Dominicano, proclam\u00f3 el d\u00eda de hoy a Guillermo Moreno como su candidato Senador por el Distrito Nacional, tras considerar que tiene las condiciones y la mejor propuesta Senatorial para desempe\u00f1ar esa funci\u00f3n.<\/p>\n<p style=\"text-align: justify;\"><img decoding=\"async\" class=\"size-medium wp-image-15589 alignleft lazyload\" data-src=\"https:\/\/defrentealaverdad.com\/wp-content\/uploads\/2024\/04\/IMG-20240426-WA0207-300x176.jpg\" alt=\"\" width=\"300\" height=\"176\" data-srcset=\"https:\/\/defrentealaverdad.com\/wp-content\/uploads\/2024\/04\/IMG-20240426-WA0207-300x176.jpg 300w, https:\/\/defrentealaverdad.com\/wp-content\/uploads\/2024\/04\/IMG-20240426-WA0207-1024x602.jpg 1024w, https:\/\/defrentealaverdad.com\/wp-content\/uploads\/2024\/04\/IMG-20240426-WA0207-768x451.jpg 768w, https:\/\/defrentealaverdad.com\/wp-content\/uploads\/2024\/04\/IMG-20240426-WA0207-1536x902.jpg 1536w, https:\/\/defrentealaverdad.com\/wp-content\/uploads\/2024\/04\/IMG-20240426-WA0207.jpg 1600w\" data-sizes=\"(max-width: 300px) 100vw, 300px\" src=\"data:image\/svg+xml;base64,PHN2ZyB3aWR0aD0iMSIgaGVpZ2h0PSIxIiB4bWxucz0iaHR0cDovL3d3dy53My5vcmcvMjAwMC9zdmciPjwvc3ZnPg==\" style=\"--smush-placeholder-width: 300px; --smush-placeholder-aspect-ratio: 300\/176;\" \/><\/p>\n<p style=\"text-align: justify;\">El Presidente del Partido Verde, Antol\u00edn Polanco Rosa, manifest\u00f3 a los presentes que asumen p\u00fablicamente la candidatura de Guillermo Moreno, primero por la amistad de a\u00f1os que mantienen, por el agradecimiento y el trato afable que ha tendido con ellos, desde cuando fue presidente de la Junta Central Electoral (JCE).<\/p>\n<p style=\"text-align: justify;\">Polanco Rosa habl\u00f3 de sus cualidades positivas, la honestidad y gran propuesta legislativa con la que cuenta Moreno, por lo que entiende que merece el voto de confianza de todos los capitale\u00f1os.<\/p>\n<p style=\"text-align: justify;\"><img decoding=\"async\" class=\"size-medium wp-image-15590 alignright lazyload\" data-src=\"https:\/\/defrentealaverdad.com\/wp-content\/uploads\/2024\/04\/IMG-20240426-WA0206-300x191.jpg\" alt=\"\" width=\"300\" height=\"191\" data-srcset=\"https:\/\/defrentealaverdad.com\/wp-content\/uploads\/2024\/04\/IMG-20240426-WA0206-300x191.jpg 300w, https:\/\/defrentealaverdad.com\/wp-content\/uploads\/2024\/04\/IMG-20240426-WA0206-1024x653.jpg 1024w, https:\/\/defrentealaverdad.com\/wp-content\/uploads\/2024\/04\/IMG-20240426-WA0206-768x490.jpg 768w, https:\/\/defrentealaverdad.com\/wp-content\/uploads\/2024\/04\/IMG-20240426-WA0206-1536x979.jpg 1536w, https:\/\/defrentealaverdad.com\/wp-content\/uploads\/2024\/04\/IMG-20240426-WA0206.jpg 1600w\" data-sizes=\"(max-width: 300px) 100vw, 300px\" src=\"data:image\/svg+xml;base64,PHN2ZyB3aWR0aD0iMSIgaGVpZ2h0PSIxIiB4bWxucz0iaHR0cDovL3d3dy53My5vcmcvMjAwMC9zdmciPjwvc3ZnPg==\" style=\"--smush-placeholder-width: 300px; --smush-placeholder-aspect-ratio: 300\/191;\" \/><\/p>\n<p style=\"text-align: justify;\">En tanto, Guillermo Moreno agradeci\u00f3 el apoyo brindado, informando que apoyara desde el Congreso todas las iniciativas que sean a favor de los j\u00f3venes, los estudiantes y ser partidario de la educaci\u00f3n biling\u00fces, impulsando la generalizaci\u00f3n de que al momento de salir de la escuela sean tambi\u00e9n biling\u00fces, contribuyendo al fortalecimiento de la educaci\u00f3n.<\/p>\n<p style=\"text-align: justify;\">Moreno dijo que desde el senado trabajar\u00e1 en el primer empleo, para que se institucionalice la primera oportunidad a los j\u00f3venes que tengan alguna capacitaci\u00f3n o que hayan salido de la universidad.<\/p>\n<p style=\"text-align: justify;\">El evento fue realizado en el Club de los Mayoristas y estuvieron presentes las autoridades del partido Verde, Ariel Pantale\u00f3n, el vicepresidente Nacional Geraldo Gonell, entre otros dirigentes.<\/p>\n<p>Fuente: Articulando RD<\/p>\n","protected":false},"excerpt":{"rendered":"<p>SANTO DOMINGO- En un acto multitudinario el Partido Verde Dominicano, proclam\u00f3 el d\u00eda de hoy<\/p>\n","protected":false},"author":1,"featured_media":0,"comment_status":"open","ping_status":"open","sticky":false,"template":"","format":"standard","meta":{"footnotes":""},"categories":[12],"tags":[],"class_list":["post-15588","post","type-post","status-publish","format-standard","hentry","category-politicas"],"_links":{"self":[{"href":"https:\/\/defrentealaverdad.com\/index.php\/wp-json\/wp\/v2\/posts\/15588","targetHints":{"allow":["GET"]}}],"collection":[{"href":"https:\/\/defrentealaverdad.com\/index.php\/wp-json\/wp\/v2\/posts"}],"about":[{"href":"https:\/\/defrentealaverdad.com\/index.php\/wp-json\/wp\/v2\/types\/post"}],"author":[{"embeddable":true,"href":"https:\/\/defrentealaverdad.com\/index.php\/wp-json\/wp\/v2\/users\/1"}],"replies":[{"embeddable":true,"href":"https:\/\/defrentealaverdad.com\/index.php\/wp-json\/wp\/v2\/comments?post=15588"}],"version-history":[{"count":1,"href":"https:\/\/defrentealaverdad.com\/index.php\/wp-json\/wp\/v2\/posts\/15588\/revisions"}],"predecessor-version":[{"id":15591,"href":"https:\/\/defrentealaverdad.com\/index.php\/wp-json\/wp\/v2\/posts\/15588\/revisions\/15591"}],"wp:attachment":[{"href":"https:\/\/defrentealaverdad.com\/index.php\/wp-json\/wp\/v2\/media?parent=15588"}],"wp:term":[{"taxonomy":"category","embeddable":true,"href":"https:\/\/defrentealaverdad.com\/index.php\/wp-json\/wp\/v2\/categories?post=15588"},{"taxonomy":"post_tag","embeddable":true,"href":"https:\/\/defrentealaverdad.com\/index.php\/wp-json\/wp\/v2\/tags?post=15588"}],"curies":[{"name":"wp","href":"https:\/\/api.w.org\/{rel}","templated":true}]}}