{"id":15583,"date":"2024-04-27T01:57:48","date_gmt":"2024-04-27T01:57:48","guid":{"rendered":"https:\/\/defrentealaverdad.com\/?p=15583"},"modified":"2024-04-28T02:00:42","modified_gmt":"2024-04-28T02:00:42","slug":"fundacion-hospital-dr-robert-reid-cabral-realiza-novena-tarde-de-alegria-benefica","status":"publish","type":"post","link":"https:\/\/defrentealaverdad.com\/index.php\/2024\/04\/27\/fundacion-hospital-dr-robert-reid-cabral-realiza-novena-tarde-de-alegria-benefica\/","title":{"rendered":"Fundaci\u00f3n Hospital Dr. Robert Reid Cabral realiza Novena \u201cTarde de alegr\u00eda\u201d ben\u00e9fica"},"content":{"rendered":"<blockquote>\n<p style=\"text-align: justify;\">La misi\u00f3n es apoyar al ni\u00f1o en su salud, su bienestar con todos esos programas, queremos que el ni\u00f1o vuelva a su estado natural que es la Alegr\u00eda.<\/p>\n<\/blockquote>\n<p style=\"text-align: justify;\">Santo Domingo.- La Fundaci\u00f3n Hospital Dr. Robert Reid Cabral realiz\u00f3 la novena entrega de la \u201cTarde de alegr\u00eda\u201d en el hotel Embajador, a beneficio de los ni\u00f1os y ni\u00f1as que son atendidos en ese centro de salud ubicado en el Distrito Nacional.<\/p>\n<p style=\"text-align: justify;\"><img decoding=\"async\" class=\"size-medium wp-image-15584 alignleft lazyload\" data-src=\"https:\/\/defrentealaverdad.com\/wp-content\/uploads\/2024\/04\/IMG-20240426-WA0254-300x281.jpg\" alt=\"\" width=\"300\" height=\"281\" data-srcset=\"https:\/\/defrentealaverdad.com\/wp-content\/uploads\/2024\/04\/IMG-20240426-WA0254-300x281.jpg 300w, https:\/\/defrentealaverdad.com\/wp-content\/uploads\/2024\/04\/IMG-20240426-WA0254-1024x957.jpg 1024w, https:\/\/defrentealaverdad.com\/wp-content\/uploads\/2024\/04\/IMG-20240426-WA0254-768x718.jpg 768w, https:\/\/defrentealaverdad.com\/wp-content\/uploads\/2024\/04\/IMG-20240426-WA0254-1536x1436.jpg 1536w, https:\/\/defrentealaverdad.com\/wp-content\/uploads\/2024\/04\/IMG-20240426-WA0254.jpg 1600w\" data-sizes=\"(max-width: 300px) 100vw, 300px\" src=\"data:image\/svg+xml;base64,PHN2ZyB3aWR0aD0iMSIgaGVpZ2h0PSIxIiB4bWxucz0iaHR0cDovL3d3dy53My5vcmcvMjAwMC9zdmciPjwvc3ZnPg==\" style=\"--smush-placeholder-width: 300px; --smush-placeholder-aspect-ratio: 300\/281;\" \/><\/p>\n<p style=\"text-align: justify;\">Esta Fundaci\u00f3n tiene 37 a\u00f1os de trabajo, reconocida en m\u00faltiples ocasiones por su labor que abarca un amplio abanico de programas que cubren las necesidades, no solo del paciente, sino tambi\u00e9n de la madre que lo acompa\u00f1a, que no solo dan su tiempo, tambi\u00e9n ayudan con sus donaciones a esta misi\u00f3n y del Hospital mismo.<\/p>\n<p style=\"text-align: justify;\"><img decoding=\"async\" class=\"size-medium wp-image-15585 alignright lazyload\" data-src=\"https:\/\/defrentealaverdad.com\/wp-content\/uploads\/2024\/04\/IMG-20240426-WA0255-300x223.jpg\" alt=\"\" width=\"300\" height=\"223\" data-srcset=\"https:\/\/defrentealaverdad.com\/wp-content\/uploads\/2024\/04\/IMG-20240426-WA0255-300x223.jpg 300w, https:\/\/defrentealaverdad.com\/wp-content\/uploads\/2024\/04\/IMG-20240426-WA0255-1024x760.jpg 1024w, https:\/\/defrentealaverdad.com\/wp-content\/uploads\/2024\/04\/IMG-20240426-WA0255-768x570.jpg 768w, https:\/\/defrentealaverdad.com\/wp-content\/uploads\/2024\/04\/IMG-20240426-WA0255-1536x1140.jpg 1536w, https:\/\/defrentealaverdad.com\/wp-content\/uploads\/2024\/04\/IMG-20240426-WA0255.jpg 1600w\" data-sizes=\"(max-width: 300px) 100vw, 300px\" src=\"data:image\/svg+xml;base64,PHN2ZyB3aWR0aD0iMSIgaGVpZ2h0PSIxIiB4bWxucz0iaHR0cDovL3d3dy53My5vcmcvMjAwMC9zdmciPjwvc3ZnPg==\" style=\"--smush-placeholder-width: 300px; --smush-placeholder-aspect-ratio: 300\/223;\" \/><\/p>\n<p style=\"text-align: justify;\">Maria Isabel Auffant dijo que algunos de los servicios que ofrecen est\u00e1n los diagn\u00f3sticos, emergencias de sangre, recetas, s\u00e1banas, meriendas y celebraciones.<\/p>\n<blockquote><p>\u201cPorque le llamamos tarde de Alegr\u00eda, porque la misi\u00f3n es apoyar al ni\u00f1o en su salud, su bienestar con todos esos programas y a las madres, queremos que el ni\u00f1o vuelva a su estado natural que es la Alegr\u00eda,\u201d ese es el motivo de ese nombre, expres\u00f3 Auffant.<\/p><\/blockquote>\n<p style=\"text-align: justify;\">\u201cTambi\u00e9n, extendemos nuestros servicios a las madres con su almuerzo diario, pasajes, ropa; as\u00ed como cualquier requerimiento del Hospital. Para cumplir con esta misi\u00f3n para eso contamos con donaciones y un voluntariado que da su tiempo y mucho m\u00e1s. Promovemos actividades inclusivas c\u00f3mo est\u00e1 Tarde de Alegr\u00eda cumplimos la esencia misma de la Fundaci\u00f3n\u201d.<\/p>\n<p style=\"text-align: justify;\"><img decoding=\"async\" class=\"size-medium wp-image-15586 alignleft lazyload\" data-src=\"https:\/\/defrentealaverdad.com\/wp-content\/uploads\/2024\/04\/IMG-20240426-WA0249-300x221.jpg\" alt=\"\" width=\"300\" height=\"221\" data-srcset=\"https:\/\/defrentealaverdad.com\/wp-content\/uploads\/2024\/04\/IMG-20240426-WA0249-300x221.jpg 300w, https:\/\/defrentealaverdad.com\/wp-content\/uploads\/2024\/04\/IMG-20240426-WA0249-1024x753.jpg 1024w, https:\/\/defrentealaverdad.com\/wp-content\/uploads\/2024\/04\/IMG-20240426-WA0249-768x564.jpg 768w, https:\/\/defrentealaverdad.com\/wp-content\/uploads\/2024\/04\/IMG-20240426-WA0249-1536x1129.jpg 1536w, https:\/\/defrentealaverdad.com\/wp-content\/uploads\/2024\/04\/IMG-20240426-WA0249.jpg 1600w\" data-sizes=\"(max-width: 300px) 100vw, 300px\" src=\"data:image\/svg+xml;base64,PHN2ZyB3aWR0aD0iMSIgaGVpZ2h0PSIxIiB4bWxucz0iaHR0cDovL3d3dy53My5vcmcvMjAwMC9zdmciPjwvc3ZnPg==\" style=\"--smush-placeholder-width: 300px; --smush-placeholder-aspect-ratio: 300\/221;\" \/><\/p>\n<p style=\"text-align: justify;\">\u201cTener una presencia cercana y activa en pos de la salud y bienestar de los ni\u00f1os del Hospital Dr. Robert Reid Cabral, cuna de la pediatr\u00eda dominicana es lo que hemos hecho desde que la Fundaci\u00f3n fue instituida hace 37 a\u00f1os por el doctor Mendoza, la doctora Cohen y mi madre Margot Najri de Auffant\u201d, afirm\u00f3 Maria Isabel Auffant.<\/p>\n<p style=\"text-align: justify;\">Fuente: Fundaci\u00f3n Hospital Dr. Robert Reid Cabral<\/p>\n","protected":false},"excerpt":{"rendered":"<p>La misi\u00f3n es apoyar al ni\u00f1o en su salud, su bienestar con todos esos programas,<\/p>\n","protected":false},"author":2,"featured_media":0,"comment_status":"open","ping_status":"open","sticky":false,"template":"","format":"standard","meta":{"footnotes":""},"categories":[7],"tags":[],"class_list":["post-15583","post","type-post","status-publish","format-standard","hentry","category-nacionales"],"_links":{"self":[{"href":"https:\/\/defrentealaverdad.com\/index.php\/wp-json\/wp\/v2\/posts\/15583","targetHints":{"allow":["GET"]}}],"collection":[{"href":"https:\/\/defrentealaverdad.com\/index.php\/wp-json\/wp\/v2\/posts"}],"about":[{"href":"https:\/\/defrentealaverdad.com\/index.php\/wp-json\/wp\/v2\/types\/post"}],"author":[{"embeddable":true,"href":"https:\/\/defrentealaverdad.com\/index.php\/wp-json\/wp\/v2\/users\/2"}],"replies":[{"embeddable":true,"href":"https:\/\/defrentealaverdad.com\/index.php\/wp-json\/wp\/v2\/comments?post=15583"}],"version-history":[{"count":1,"href":"https:\/\/defrentealaverdad.com\/index.php\/wp-json\/wp\/v2\/posts\/15583\/revisions"}],"predecessor-version":[{"id":15587,"href":"https:\/\/defrentealaverdad.com\/index.php\/wp-json\/wp\/v2\/posts\/15583\/revisions\/15587"}],"wp:attachment":[{"href":"https:\/\/defrentealaverdad.com\/index.php\/wp-json\/wp\/v2\/media?parent=15583"}],"wp:term":[{"taxonomy":"category","embeddable":true,"href":"https:\/\/defrentealaverdad.com\/index.php\/wp-json\/wp\/v2\/categories?post=15583"},{"taxonomy":"post_tag","embeddable":true,"href":"https:\/\/defrentealaverdad.com\/index.php\/wp-json\/wp\/v2\/tags?post=15583"}],"curies":[{"name":"wp","href":"https:\/\/api.w.org\/{rel}","templated":true}]}}