{"id":15580,"date":"2024-04-27T01:55:45","date_gmt":"2024-04-27T01:55:45","guid":{"rendered":"https:\/\/defrentealaverdad.com\/?p=15580"},"modified":"2024-04-28T01:57:05","modified_gmt":"2024-04-28T01:57:05","slug":"el-liderazgo-de-argeny-sanchez-se-une-al-equipo-del-candidato-a-diputado-carlos-perez-un-impulso-para-transformar-la-politica-en-santo-domingo-norte","status":"publish","type":"post","link":"https:\/\/defrentealaverdad.com\/index.php\/2024\/04\/27\/el-liderazgo-de-argeny-sanchez-se-une-al-equipo-del-candidato-a-diputado-carlos-perez-un-impulso-para-transformar-la-politica-en-santo-domingo-norte\/","title":{"rendered":"El liderazgo de Argeny S\u00e1nchez se une al equipo del candidato a diputado Carlos P\u00e9rez: Un impulso para transformar la pol\u00edtica en Santo Domingo Norte"},"content":{"rendered":"<p style=\"text-align: justify;\">En un paso significativo hacia la unificaci\u00f3n y la b\u00fasqueda de un cambio positivo, el l\u00edder comunitario Argeny S\u00e1nchez y su equipo han decidido sumarse al equipo del candidato a diputado Carlos P\u00e9rez, por el Partido del Pueblo. Esta decisi\u00f3n refleja la confianza en la fuerza del trabajo en equipo y en la capacidad de generar un impacto transformador en la pol\u00edtica local.<\/p>\n<p style=\"text-align: justify;\"><img decoding=\"async\" class=\"size-medium wp-image-15581 alignleft lazyload\" data-src=\"https:\/\/defrentealaverdad.com\/wp-content\/uploads\/2024\/04\/IMG-20240426-WA0320-300x225.jpg\" alt=\"\" width=\"300\" height=\"225\" data-srcset=\"https:\/\/defrentealaverdad.com\/wp-content\/uploads\/2024\/04\/IMG-20240426-WA0320-300x225.jpg 300w, https:\/\/defrentealaverdad.com\/wp-content\/uploads\/2024\/04\/IMG-20240426-WA0320-1024x768.jpg 1024w, https:\/\/defrentealaverdad.com\/wp-content\/uploads\/2024\/04\/IMG-20240426-WA0320-768x576.jpg 768w, https:\/\/defrentealaverdad.com\/wp-content\/uploads\/2024\/04\/IMG-20240426-WA0320-1536x1152.jpg 1536w, https:\/\/defrentealaverdad.com\/wp-content\/uploads\/2024\/04\/IMG-20240426-WA0320-720x540.jpg 720w, https:\/\/defrentealaverdad.com\/wp-content\/uploads\/2024\/04\/IMG-20240426-WA0320.jpg 1600w\" data-sizes=\"(max-width: 300px) 100vw, 300px\" src=\"data:image\/svg+xml;base64,PHN2ZyB3aWR0aD0iMSIgaGVpZ2h0PSIxIiB4bWxucz0iaHR0cDovL3d3dy53My5vcmcvMjAwMC9zdmciPjwvc3ZnPg==\" style=\"--smush-placeholder-width: 300px; --smush-placeholder-aspect-ratio: 300\/225;\" \/><\/p>\n<p style=\"text-align: justify;\">S\u00e1nchez destac\u00f3 la importancia de esta alianza, se\u00f1alando que juntos pueden lograr grandes cosas para la comunidad. \u00abCreemos firmemente que unidos podemos marcar la diferencia y trabajar hacia un futuro mejor para todos los habitantes de Santo Domingo Norte\u00bb, afirm\u00f3. Esta uni\u00f3n, basada en la determinaci\u00f3n y la colaboraci\u00f3n, busca enfrentar los desaf\u00edos actuales y construir un camino hacia el progreso y la prosperidad en la regi\u00f3n.<\/p>\n<p style=\"text-align: justify;\">La incorporaci\u00f3n del liderazgo de Argeny S\u00e1nchez al equipo de Carlos P\u00e9rez representa un impulso significativo para la campa\u00f1a y para la visi\u00f3n de cambio que ambos comparten. Con un enfoque centrado en las necesidades de la comunidad y el compromiso con la mejora continua, este equipo se prepara para enfrentar los retos del presente y construir un futuro m\u00e1s prometedor para todo Santo Domingo Norte.<\/p>\n<p>Fuente: Periodico El Sol<\/p>\n","protected":false},"excerpt":{"rendered":"<p>En un paso significativo hacia la unificaci\u00f3n y la b\u00fasqueda de un cambio positivo, el<\/p>\n","protected":false},"author":1,"featured_media":0,"comment_status":"open","ping_status":"open","sticky":false,"template":"","format":"standard","meta":{"footnotes":""},"categories":[7],"tags":[],"class_list":["post-15580","post","type-post","status-publish","format-standard","hentry","category-nacionales"],"_links":{"self":[{"href":"https:\/\/defrentealaverdad.com\/index.php\/wp-json\/wp\/v2\/posts\/15580","targetHints":{"allow":["GET"]}}],"collection":[{"href":"https:\/\/defrentealaverdad.com\/index.php\/wp-json\/wp\/v2\/posts"}],"about":[{"href":"https:\/\/defrentealaverdad.com\/index.php\/wp-json\/wp\/v2\/types\/post"}],"author":[{"embeddable":true,"href":"https:\/\/defrentealaverdad.com\/index.php\/wp-json\/wp\/v2\/users\/1"}],"replies":[{"embeddable":true,"href":"https:\/\/defrentealaverdad.com\/index.php\/wp-json\/wp\/v2\/comments?post=15580"}],"version-history":[{"count":1,"href":"https:\/\/defrentealaverdad.com\/index.php\/wp-json\/wp\/v2\/posts\/15580\/revisions"}],"predecessor-version":[{"id":15582,"href":"https:\/\/defrentealaverdad.com\/index.php\/wp-json\/wp\/v2\/posts\/15580\/revisions\/15582"}],"wp:attachment":[{"href":"https:\/\/defrentealaverdad.com\/index.php\/wp-json\/wp\/v2\/media?parent=15580"}],"wp:term":[{"taxonomy":"category","embeddable":true,"href":"https:\/\/defrentealaverdad.com\/index.php\/wp-json\/wp\/v2\/categories?post=15580"},{"taxonomy":"post_tag","embeddable":true,"href":"https:\/\/defrentealaverdad.com\/index.php\/wp-json\/wp\/v2\/tags?post=15580"}],"curies":[{"name":"wp","href":"https:\/\/api.w.org\/{rel}","templated":true}]}}