{"id":15563,"date":"2024-04-27T19:32:38","date_gmt":"2024-04-27T19:32:38","guid":{"rendered":"https:\/\/defrentealaverdad.com\/?p=15563"},"modified":"2024-04-27T19:32:38","modified_gmt":"2024-04-27T19:32:38","slug":"dj-adoni-se-une-a-prince-royce-y-darell-presentan-sencillo-el-reemplazo","status":"publish","type":"post","link":"https:\/\/defrentealaverdad.com\/index.php\/2024\/04\/27\/dj-adoni-se-une-a-prince-royce-y-darell-presentan-sencillo-el-reemplazo\/","title":{"rendered":"Dj Adoni se une a Prince Royce y Darell; presentan sencillo \u2019El Reemplazo \u00ab"},"content":{"rendered":"<p style=\"text-align: justify;\">\u200f<img decoding=\"async\" class=\"size-medium wp-image-15564 alignleft lazyload\" data-src=\"https:\/\/defrentealaverdad.com\/wp-content\/uploads\/2024\/04\/IMG-20240426-WA0238-300x300.jpg\" alt=\"\" width=\"300\" height=\"300\" data-srcset=\"https:\/\/defrentealaverdad.com\/wp-content\/uploads\/2024\/04\/IMG-20240426-WA0238-300x300.jpg 300w, https:\/\/defrentealaverdad.com\/wp-content\/uploads\/2024\/04\/IMG-20240426-WA0238-1024x1024.jpg 1024w, https:\/\/defrentealaverdad.com\/wp-content\/uploads\/2024\/04\/IMG-20240426-WA0238-150x150.jpg 150w, https:\/\/defrentealaverdad.com\/wp-content\/uploads\/2024\/04\/IMG-20240426-WA0238-768x768.jpg 768w, https:\/\/defrentealaverdad.com\/wp-content\/uploads\/2024\/04\/IMG-20240426-WA0238-1536x1536.jpg 1536w, https:\/\/defrentealaverdad.com\/wp-content\/uploads\/2024\/04\/IMG-20240426-WA0238.jpg 1600w\" data-sizes=\"(max-width: 300px) 100vw, 300px\" src=\"data:image\/svg+xml;base64,PHN2ZyB3aWR0aD0iMSIgaGVpZ2h0PSIxIiB4bWxucz0iaHR0cDovL3d3dy53My5vcmcvMjAwMC9zdmciPjwvc3ZnPg==\" style=\"--smush-placeholder-width: 300px; --smush-placeholder-aspect-ratio: 300\/300;\" \/>Despu\u00e9s de presentar el sencillo \u2018Idea 36\u2019, el reconocido DJ dominicano Adoni adelanta el verano gracias al lanzamiento de \u2018El Reemplazo\u2019, tema que es interpretado junto al artista puertorrique\u00f1o Darell y su compatriota Prince Royce.<\/p>\n<p style=\"text-align: justify;\">Este lanzamiento llega despu\u00e9s de su exitosa participaci\u00f3n en la novena edici\u00f3n de los ic\u00f3nicos Latin American Music Awards, donde en esta oportunidad, Adoni, present\u00f3 un premio y tuvo una actuaci\u00f3n especial durante la gala principal.<\/p>\n<p style=\"text-align: justify;\">Esta gran colaboraci\u00f3n surge despu\u00e9s de meses de pr\u00e1ctica y de construir una tremenda amistad y relaci\u00f3n laboral entre estos tres grandes artistas, con el objetivo de resaltar la unidad y el aporte de la industria por parte de sus colegas hac\u00eda DJ Adoni, quien ha demostrado ser el rey del micr\u00f3fono y de las fiestas tropicales con un sabor muy caribe\u00f1o de su Rep\u00fablica Dominicana.<\/p>\n<p style=\"text-align: justify;\">Sumando el toque urbano de Darell y la m\u00e1gica bachata de Royce, \u2018El Reemplazo\u2019, tema que ya se encuentra disponible en todas las plataformas digitales, promete ser una de las canciones m\u00e1s populares de la temporada y convertirse en el \u00e9xito del verano.<\/p>\n<p style=\"text-align: justify;\">Este lanzamiento se suma a la lista de proyectos, y colaboraciones, que llegar\u00e1n en este 2024 a la carrera DJ Adoni, pues aparte de continuar con su exitosa gira de shows en Puerto Rico, New York, Miami, y pr\u00f3ximamente en Rep\u00fablica Dominicana, en el mes de agosto se prepara para realizar, junto al ic\u00f3nico Dj Pope, un evento que dar\u00e1 mucho de qu\u00e9 hablar, pues el a artista dominicano llevar\u00e1 su sabor caribe\u00f1o al pa\u00eds sur americano para contagiar a Colombia de su buena m\u00fasica y cultura.<\/p>\n<p>Fuente: Francisca Jimenez<\/p>\n","protected":false},"excerpt":{"rendered":"<p>\u200fDespu\u00e9s de presentar el sencillo \u2018Idea 36\u2019, el reconocido DJ dominicano Adoni adelanta el verano<\/p>\n","protected":false},"author":1,"featured_media":0,"comment_status":"open","ping_status":"open","sticky":false,"template":"","format":"standard","meta":{"footnotes":""},"categories":[6],"tags":[],"class_list":["post-15563","post","type-post","status-publish","format-standard","hentry","category-espectaculos"],"_links":{"self":[{"href":"https:\/\/defrentealaverdad.com\/index.php\/wp-json\/wp\/v2\/posts\/15563","targetHints":{"allow":["GET"]}}],"collection":[{"href":"https:\/\/defrentealaverdad.com\/index.php\/wp-json\/wp\/v2\/posts"}],"about":[{"href":"https:\/\/defrentealaverdad.com\/index.php\/wp-json\/wp\/v2\/types\/post"}],"author":[{"embeddable":true,"href":"https:\/\/defrentealaverdad.com\/index.php\/wp-json\/wp\/v2\/users\/1"}],"replies":[{"embeddable":true,"href":"https:\/\/defrentealaverdad.com\/index.php\/wp-json\/wp\/v2\/comments?post=15563"}],"version-history":[{"count":1,"href":"https:\/\/defrentealaverdad.com\/index.php\/wp-json\/wp\/v2\/posts\/15563\/revisions"}],"predecessor-version":[{"id":15565,"href":"https:\/\/defrentealaverdad.com\/index.php\/wp-json\/wp\/v2\/posts\/15563\/revisions\/15565"}],"wp:attachment":[{"href":"https:\/\/defrentealaverdad.com\/index.php\/wp-json\/wp\/v2\/media?parent=15563"}],"wp:term":[{"taxonomy":"category","embeddable":true,"href":"https:\/\/defrentealaverdad.com\/index.php\/wp-json\/wp\/v2\/categories?post=15563"},{"taxonomy":"post_tag","embeddable":true,"href":"https:\/\/defrentealaverdad.com\/index.php\/wp-json\/wp\/v2\/tags?post=15563"}],"curies":[{"name":"wp","href":"https:\/\/api.w.org\/{rel}","templated":true}]}}