{"id":1550,"date":"2022-07-23T20:26:36","date_gmt":"2022-07-23T20:26:36","guid":{"rendered":"https:\/\/defrentealaverdad.com\/?p=1550"},"modified":"2022-08-27T20:32:34","modified_gmt":"2022-08-27T20:32:34","slug":"el-anfiteatro-del-este-a-tope-con-el-concierto-del-verano-unidos-republica-dominicana","status":"publish","type":"post","link":"https:\/\/defrentealaverdad.com\/index.php\/2022\/07\/23\/el-anfiteatro-del-este-a-tope-con-el-concierto-del-verano-unidos-republica-dominicana\/","title":{"rendered":"El Anfiteatro del este a tope con el Concierto del Verano Unidos RD"},"content":{"rendered":"<p><img decoding=\"async\" class=\"size-medium wp-image-1551 lazyload\" data-src=\"https:\/\/defrentealaverdad.com\/wp-content\/uploads\/2022\/08\/IMG-20220726-WA0129-300x200.jpg\" alt=\"\" width=\"300\" height=\"200\" data-srcset=\"https:\/\/defrentealaverdad.com\/wp-content\/uploads\/2022\/08\/IMG-20220726-WA0129-300x200.jpg 300w, https:\/\/defrentealaverdad.com\/wp-content\/uploads\/2022\/08\/IMG-20220726-WA0129-1024x682.jpg 1024w, https:\/\/defrentealaverdad.com\/wp-content\/uploads\/2022\/08\/IMG-20220726-WA0129-768x512.jpg 768w, https:\/\/defrentealaverdad.com\/wp-content\/uploads\/2022\/08\/IMG-20220726-WA0129.jpg 1280w\" data-sizes=\"(max-width: 300px) 100vw, 300px\" src=\"data:image\/svg+xml;base64,PHN2ZyB3aWR0aD0iMSIgaGVpZ2h0PSIxIiB4bWxucz0iaHR0cDovL3d3dy53My5vcmcvMjAwMC9zdmciPjwvc3ZnPg==\" style=\"--smush-placeholder-width: 300px; --smush-placeholder-aspect-ratio: 300\/200;\" \/><\/p>\n<p><em>Santo Domingo, Rep. Dom. \u2013 La empresa estadounidense NP PRODUCTIONS celebr\u00f3 su primer gran concierto en la Rep\u00fablica Dominicana, con un show de fuegos artificiales y el Anfiteatro del Parque de Este, a tope la empresa NP PRODUCTION realizo con gran \u00e9xito el concierto del verano. M\u00e1s de 9,000 personas se dieron cita para disfrutar de una producci\u00f3n extraordinaria que marc\u00f3 un precedente en los eventos cristianos de este a\u00f1o. Destacadas figuras de diferentes \u00e1mbitos se contaron entre los asistentes, entre ellos el Pastor Dio Astacio quien es el Director de la Oficina de Enlace de la Iglesia Cristiana Con el Gobierno y el mismo hizo la oraci\u00f3n de apertura a este concierto luego del gran Opening preparado por ESCUADR\u00d3N DC de JUCUM y que cont\u00f3 con la magistral conducci\u00f3n de la destacada influencer Esther Barranco y el veterano comunicador Rudan Volquez.<\/em><\/p>\n<p>&nbsp;<\/p>\n<p><em>Una noche llena de emociones fue lo vivido el pasado 23 de julio cuando el <strong>Adorador Cales Louima<\/strong> sorprendi\u00f3 en tarima con un coro de voces para interpretar junto a \u00e9l los temas de su nuevo \u00e1lbum titulado Salmos y cerr\u00f3 su participaci\u00f3n inundando de l\u00e1grimas y alegr\u00edas al p\u00fablico invitando al Joven conocido en las redes sociales como Chembo quien asistido por la fundaci\u00f3n JOMPEAME se present\u00f3 cantando una de las canciones del propio Louima. La nueva promesa de la m\u00fasica urbana en los Estados Unidos, <strong>Edwin Valera<\/strong>, tambi\u00e9n debuto en este escenario dominicano, conquistando as\u00ed a miles de j\u00f3venes con su propuesta musical.<\/em><\/p>\n<p><em><img decoding=\"async\" class=\"size-medium wp-image-1552 aligncenter lazyload\" data-src=\"https:\/\/defrentealaverdad.com\/wp-content\/uploads\/2022\/08\/IMG-20220726-WA0124-300x200.jpg\" alt=\"\" width=\"300\" height=\"200\" data-srcset=\"https:\/\/defrentealaverdad.com\/wp-content\/uploads\/2022\/08\/IMG-20220726-WA0124-300x200.jpg 300w, https:\/\/defrentealaverdad.com\/wp-content\/uploads\/2022\/08\/IMG-20220726-WA0124-1024x682.jpg 1024w, https:\/\/defrentealaverdad.com\/wp-content\/uploads\/2022\/08\/IMG-20220726-WA0124-768x512.jpg 768w, https:\/\/defrentealaverdad.com\/wp-content\/uploads\/2022\/08\/IMG-20220726-WA0124.jpg 1280w\" data-sizes=\"(max-width: 300px) 100vw, 300px\" src=\"data:image\/svg+xml;base64,PHN2ZyB3aWR0aD0iMSIgaGVpZ2h0PSIxIiB4bWxucz0iaHR0cDovL3d3dy53My5vcmcvMjAwMC9zdmciPjwvc3ZnPg==\" style=\"--smush-placeholder-width: 300px; --smush-placeholder-aspect-ratio: 300\/200;\" \/><\/em><\/p>\n<p><em>Tal y como se esperaba, el puertorrique\u00f1o <strong>Alex Zurdo<\/strong> una vez m\u00e1s conquisto al pueblo dominicano, j\u00f3venes, adultos, ni\u00f1os cantaron a coro todas las canciones del exponente urbano que con destacada trayectoria fue recibido con amor y gozo por los miles de asistentes al evento, Zurdo no se present\u00f3 solo, sino que junto a \u00e9l tambi\u00e9n en escena estuvieron desde Puerto Rico <strong>Manny Montes, Funky y Cristian Ponce<\/strong>, adem\u00e1s de cantar junto a exponentes de Dominicana tales como: <strong>Nat\u00e1n El Profeta, Brayan Booz, Ander Bock, Mr. Yeison, entre otros.<\/strong><\/em><\/p>\n<p><em>\u00a0<\/em><\/p>\n<p><em>Con amplia experiencia en la producci\u00f3n de eventos masivos, rompiendo est\u00e1ndares de boleter\u00edas en los Estados Unidos, <strong>NP PRODUCTIONS<\/strong> anoto un gran \u00e9xito con el cierre de este evento, llenando as\u00ed el anfiteatro y las expectativas de los asistentes.\u00a0<\/em><\/p>\n<p><em>\u00a0<\/em><\/p>\n<p><em>El s\u00e1bado 23 de julio se unieron g\u00e9neros musicales y generaciones para adorar a Dios como nunca ante. Gracias a Dios por su respaldo en esta visi\u00f3n, gracias Rep\u00fablica Dominicana por tanto, y gracias al equipo de trabajo que lo hizo posible\u00b4\u00b4, afirm\u00f3 Luis Arvelo, CEO de NP Productions.<\/em><\/p>\n<p><em>\u00a0<\/em><\/p>\n<p><em>Fuente: \u00c1ngela Rodr\u00edguez<\/em><\/p>\n<p><em>RRPP NP PRODUCTION<\/em><\/p>\n","protected":false},"excerpt":{"rendered":"<p>Santo Domingo, Rep. Dom. \u2013 La empresa estadounidense NP PRODUCTIONS celebr\u00f3 su primer gran concierto<\/p>\n","protected":false},"author":2,"featured_media":0,"comment_status":"open","ping_status":"open","sticky":false,"template":"","format":"standard","meta":{"footnotes":""},"categories":[6,7],"tags":[],"class_list":["post-1550","post","type-post","status-publish","format-standard","hentry","category-espectaculos","category-nacionales"],"_links":{"self":[{"href":"https:\/\/defrentealaverdad.com\/index.php\/wp-json\/wp\/v2\/posts\/1550","targetHints":{"allow":["GET"]}}],"collection":[{"href":"https:\/\/defrentealaverdad.com\/index.php\/wp-json\/wp\/v2\/posts"}],"about":[{"href":"https:\/\/defrentealaverdad.com\/index.php\/wp-json\/wp\/v2\/types\/post"}],"author":[{"embeddable":true,"href":"https:\/\/defrentealaverdad.com\/index.php\/wp-json\/wp\/v2\/users\/2"}],"replies":[{"embeddable":true,"href":"https:\/\/defrentealaverdad.com\/index.php\/wp-json\/wp\/v2\/comments?post=1550"}],"version-history":[{"count":2,"href":"https:\/\/defrentealaverdad.com\/index.php\/wp-json\/wp\/v2\/posts\/1550\/revisions"}],"predecessor-version":[{"id":1554,"href":"https:\/\/defrentealaverdad.com\/index.php\/wp-json\/wp\/v2\/posts\/1550\/revisions\/1554"}],"wp:attachment":[{"href":"https:\/\/defrentealaverdad.com\/index.php\/wp-json\/wp\/v2\/media?parent=1550"}],"wp:term":[{"taxonomy":"category","embeddable":true,"href":"https:\/\/defrentealaverdad.com\/index.php\/wp-json\/wp\/v2\/categories?post=1550"},{"taxonomy":"post_tag","embeddable":true,"href":"https:\/\/defrentealaverdad.com\/index.php\/wp-json\/wp\/v2\/tags?post=1550"}],"curies":[{"name":"wp","href":"https:\/\/api.w.org\/{rel}","templated":true}]}}