{"id":1540,"date":"2022-07-01T19:40:10","date_gmt":"2022-07-01T19:40:10","guid":{"rendered":"https:\/\/defrentealaverdad.com\/?p=1540"},"modified":"2022-07-01T19:40:33","modified_gmt":"2022-07-01T19:40:33","slug":"yissus-taveras-gana-estatuilla-premios-redes-sociales-2022","status":"publish","type":"post","link":"https:\/\/defrentealaverdad.com\/index.php\/2022\/07\/01\/yissus-taveras-gana-estatuilla-premios-redes-sociales-2022\/","title":{"rendered":"Yissus Taveras gana estatuilla Premios Redes Sociales 2022"},"content":{"rendered":"<p style=\"text-align: justify;\">\n<p style=\"text-align: justify;\"><em><img decoding=\"async\" class=\"alignnone size-medium wp-image-1541 lazyload\" data-src=\"https:\/\/defrentealaverdad.com\/wp-content\/uploads\/2022\/07\/WhatsApp-Image-2022-07-01-at-11.21.00-AM-300x225.jpeg\" alt=\"\" width=\"300\" height=\"225\" data-srcset=\"https:\/\/defrentealaverdad.com\/wp-content\/uploads\/2022\/07\/WhatsApp-Image-2022-07-01-at-11.21.00-AM-300x225.jpeg 300w, https:\/\/defrentealaverdad.com\/wp-content\/uploads\/2022\/07\/WhatsApp-Image-2022-07-01-at-11.21.00-AM-1024x768.jpeg 1024w, https:\/\/defrentealaverdad.com\/wp-content\/uploads\/2022\/07\/WhatsApp-Image-2022-07-01-at-11.21.00-AM-768x576.jpeg 768w, https:\/\/defrentealaverdad.com\/wp-content\/uploads\/2022\/07\/WhatsApp-Image-2022-07-01-at-11.21.00-AM-1536x1152.jpeg 1536w, https:\/\/defrentealaverdad.com\/wp-content\/uploads\/2022\/07\/WhatsApp-Image-2022-07-01-at-11.21.00-AM-720x540.jpeg 720w, https:\/\/defrentealaverdad.com\/wp-content\/uploads\/2022\/07\/WhatsApp-Image-2022-07-01-at-11.21.00-AM.jpeg 1600w\" data-sizes=\"(max-width: 300px) 100vw, 300px\" src=\"data:image\/svg+xml;base64,PHN2ZyB3aWR0aD0iMSIgaGVpZ2h0PSIxIiB4bWxucz0iaHR0cDovL3d3dy53My5vcmcvMjAwMC9zdmciPjwvc3ZnPg==\" style=\"--smush-placeholder-width: 300px; --smush-placeholder-aspect-ratio: 300\/225;\" \/><\/em><\/p>\n<p style=\"text-align: justify;\"><em>Santo Domingo, Distrito Nacional. E<\/em>l animador de televisi\u00f3n, Yissus Taveras, gana estatuilla Premios Redes Sociales 2022, gracias a la producci\u00f3n audiovisual que lleva a trav\u00e9s de su plataforma de comunicaci\u00f3n de entretenimiento.<\/p>\n<p style=\"text-align: justify;\"><em>\u201cAgradecimientos especiales al distinguido periodista Miguel \u00c1ngel Guti\u00e9rrez, presidente del Observatorio Nacional de las Redes Sociales, junto a los periodistas y comunicadores Freddy Mart\u00ednez, Henry Green, Felicia Georgina Carrasco, Mariluz Dom\u00ednguez, C\u00e9sar Bautista y Luis Enr\u00edquez Guti\u00e9rrez Javier, quienes evaluaron los trabajos de los nominados\u201d,<\/em> se\u00f1al\u00f3.<\/p>\n<p style=\"text-align: justify;\">Adem\u00e1s dio gracias a sus patrocinadores, a la comunidad de seguidores y a su director de producciones, Denicher S\u00e1nchez.<\/p>\n<p style=\"text-align: justify;\">\n<p style=\"text-align: justify;\">Fuente: Externa<\/p>\n","protected":false},"excerpt":{"rendered":"<p>Santo Domingo, Distrito Nacional. El animador de televisi\u00f3n, Yissus Taveras, gana estatuilla Premios Redes Sociales<\/p>\n","protected":false},"author":2,"featured_media":0,"comment_status":"open","ping_status":"open","sticky":false,"template":"","format":"standard","meta":{"footnotes":""},"categories":[6,7],"tags":[],"class_list":["post-1540","post","type-post","status-publish","format-standard","hentry","category-espectaculos","category-nacionales"],"_links":{"self":[{"href":"https:\/\/defrentealaverdad.com\/index.php\/wp-json\/wp\/v2\/posts\/1540","targetHints":{"allow":["GET"]}}],"collection":[{"href":"https:\/\/defrentealaverdad.com\/index.php\/wp-json\/wp\/v2\/posts"}],"about":[{"href":"https:\/\/defrentealaverdad.com\/index.php\/wp-json\/wp\/v2\/types\/post"}],"author":[{"embeddable":true,"href":"https:\/\/defrentealaverdad.com\/index.php\/wp-json\/wp\/v2\/users\/2"}],"replies":[{"embeddable":true,"href":"https:\/\/defrentealaverdad.com\/index.php\/wp-json\/wp\/v2\/comments?post=1540"}],"version-history":[{"count":2,"href":"https:\/\/defrentealaverdad.com\/index.php\/wp-json\/wp\/v2\/posts\/1540\/revisions"}],"predecessor-version":[{"id":1543,"href":"https:\/\/defrentealaverdad.com\/index.php\/wp-json\/wp\/v2\/posts\/1540\/revisions\/1543"}],"wp:attachment":[{"href":"https:\/\/defrentealaverdad.com\/index.php\/wp-json\/wp\/v2\/media?parent=1540"}],"wp:term":[{"taxonomy":"category","embeddable":true,"href":"https:\/\/defrentealaverdad.com\/index.php\/wp-json\/wp\/v2\/categories?post=1540"},{"taxonomy":"post_tag","embeddable":true,"href":"https:\/\/defrentealaverdad.com\/index.php\/wp-json\/wp\/v2\/tags?post=1540"}],"curies":[{"name":"wp","href":"https:\/\/api.w.org\/{rel}","templated":true}]}}