{"id":15309,"date":"2024-04-20T01:50:23","date_gmt":"2024-04-20T01:50:23","guid":{"rendered":"https:\/\/defrentealaverdad.com\/?p=15309"},"modified":"2024-04-21T01:52:34","modified_gmt":"2024-04-21T01:52:34","slug":"ministerio-de-cultura-oficializa-la-resolucion-para-la-intervencion-del-conservatorio-nacional-de-musica","status":"publish","type":"post","link":"https:\/\/defrentealaverdad.com\/index.php\/2024\/04\/20\/ministerio-de-cultura-oficializa-la-resolucion-para-la-intervencion-del-conservatorio-nacional-de-musica\/","title":{"rendered":"Ministerio de Cultura oficializa la resoluci\u00f3n para la intervenci\u00f3n del Conservatorio Nacional de M\u00fasica"},"content":{"rendered":"<p style=\"text-align: justify;\"><img decoding=\"async\" class=\"size-medium wp-image-15310 alignleft lazyload\" data-src=\"https:\/\/defrentealaverdad.com\/wp-content\/uploads\/2024\/04\/IMG-20240419-WA0056-300x165.jpg\" alt=\"\" width=\"300\" height=\"165\" data-srcset=\"https:\/\/defrentealaverdad.com\/wp-content\/uploads\/2024\/04\/IMG-20240419-WA0056-300x165.jpg 300w, https:\/\/defrentealaverdad.com\/wp-content\/uploads\/2024\/04\/IMG-20240419-WA0056-1024x562.jpg 1024w, https:\/\/defrentealaverdad.com\/wp-content\/uploads\/2024\/04\/IMG-20240419-WA0056-768x421.jpg 768w, https:\/\/defrentealaverdad.com\/wp-content\/uploads\/2024\/04\/IMG-20240419-WA0056-1536x843.jpg 1536w, https:\/\/defrentealaverdad.com\/wp-content\/uploads\/2024\/04\/IMG-20240419-WA0056.jpg 1600w\" data-sizes=\"(max-width: 300px) 100vw, 300px\" src=\"data:image\/svg+xml;base64,PHN2ZyB3aWR0aD0iMSIgaGVpZ2h0PSIxIiB4bWxucz0iaHR0cDovL3d3dy53My5vcmcvMjAwMC9zdmciPjwvc3ZnPg==\" style=\"--smush-placeholder-width: 300px; --smush-placeholder-aspect-ratio: 300\/165;\" \/><\/p>\n<p style=\"text-align: justify;\">Santo Domingo.- El Ministerio de Cultura (MINC) oficializ\u00f3 la Resoluci\u00f3n 04-2024, que declara de inter\u00e9s institucional la intervenci\u00f3n del Conservatorio Nacional de M\u00fasica, con el prop\u00f3sito de coordinar e implementar iniciativas encaminadas a fortalecer dicha instituci\u00f3n acad\u00e9mica, tanto en los aspectos curriculares como de infraestructura.<\/p>\n<p style=\"text-align: justify;\">La actividad, realizada en el sal\u00f3n ministerial del ente cultural, estuvo presidida por la ministra Milagros Germ\u00e1n, quien estuvo acompa\u00f1ada por representantes de las Fundaciones AES Dominicana, Eduardo Le\u00f3n Jimenes y Sinfon\u00eda, a quienes agradeci\u00f3 los aportes que realizan en la promoci\u00f3n y difusi\u00f3n de las expresiones art\u00edsticas en favor del Conservatorio Nacional de M\u00fasica.<\/p>\n<p style=\"text-align: justify;\">Durante su intervenci\u00f3n, Nadia Nicola, directora del Conservatorio Nacional de M\u00fasica, adem\u00e1s de agradecer el apoyo recibido, expuso parte de las necesidades m\u00e1s urgentes de la instituci\u00f3n y los planes y proyectos que tienen en agenda para seguir mejorando la educaci\u00f3n musical en el pa\u00eds.<\/p>\n<p style=\"text-align: justify;\">Por su lado, la directora general de Bellas Artes, Marinella Sallent, calific\u00f3 la iniciativa como una importante acci\u00f3n por parte del Ministerio de Cultura para dar respuestas a las necesidades del Conservatorio, lo que permitir\u00e1 llevar a cabo m\u00e1s acciones y una intervenci\u00f3n a todos los niveles del organismo consagrado a la ense\u00f1anza musical.<\/p>\n<p style=\"text-align: justify;\"><img decoding=\"async\" class=\"size-medium wp-image-15311 alignright lazyload\" data-src=\"https:\/\/defrentealaverdad.com\/wp-content\/uploads\/2024\/04\/IMG-20240419-WA0057-300x200.jpg\" alt=\"\" width=\"300\" height=\"200\" data-srcset=\"https:\/\/defrentealaverdad.com\/wp-content\/uploads\/2024\/04\/IMG-20240419-WA0057-300x200.jpg 300w, https:\/\/defrentealaverdad.com\/wp-content\/uploads\/2024\/04\/IMG-20240419-WA0057-1024x682.jpg 1024w, https:\/\/defrentealaverdad.com\/wp-content\/uploads\/2024\/04\/IMG-20240419-WA0057-768x512.jpg 768w, https:\/\/defrentealaverdad.com\/wp-content\/uploads\/2024\/04\/IMG-20240419-WA0057-1536x1023.jpg 1536w, https:\/\/defrentealaverdad.com\/wp-content\/uploads\/2024\/04\/IMG-20240419-WA0057.jpg 1600w\" data-sizes=\"(max-width: 300px) 100vw, 300px\" src=\"data:image\/svg+xml;base64,PHN2ZyB3aWR0aD0iMSIgaGVpZ2h0PSIxIiB4bWxucz0iaHR0cDovL3d3dy53My5vcmcvMjAwMC9zdmciPjwvc3ZnPg==\" style=\"--smush-placeholder-width: 300px; --smush-placeholder-aspect-ratio: 300\/200;\" \/><\/p>\n<p style=\"text-align: justify;\">Para el cumplimiento de este prop\u00f3sito, el Ministerio de Cultura funge como \u00f3rgano coordinador de los trabajos y la participaci\u00f3n de las distintas entidades gubernamentales y no gubernamentales que concurran en el proceso dentro de sus disponibilidades presupuestarias.<\/p>\n<p style=\"text-align: justify;\">Parte de este plan incluye una alianza entre los Ministerios de Cultura y de Educaci\u00f3n para la restauraci\u00f3n del centro educativo.<\/p>\n<p style=\"text-align: justify;\">Para ejecutar las acciones, el MINC celebrar\u00e1 reuniones mensuales e invitar\u00e1 a otras instituciones, funcionarios, expertos y representantes de organizaciones de la sociedad civil y la cooperaci\u00f3n internacional a fin de disponer de acompa\u00f1amiento y del asesoramiento t\u00e9cnico necesarios para el logro de los objetivos planteados.<\/p>\n<p style=\"text-align: justify;\">Por su parte, el Conservatorio Nacional de M\u00fasica coordinar\u00e1 el proceso de ejecuci\u00f3n de las decisiones establecidas en las reuniones celebradas y dar\u00e1 seguimiento a las disposiciones, planes y proyectos que se determinen en cada reuni\u00f3n.<\/p>\n<p style=\"text-align: justify;\">Todas las acciones derivadas del funcionamiento y operatividad ser\u00e1n asumidas con fondos de las instituciones participantes, de los proyectos o programas que actualmente ejecuten, incluyendo los provenientes de cooperaci\u00f3n internacional, as\u00ed como los procedentes de las alianzas interinstitucionales que se puedan concretar.<\/p>\n<p style=\"text-align: justify;\">Fuente: Ministerio de Cultura<\/p>\n","protected":false},"excerpt":{"rendered":"<p>Santo Domingo.- El Ministerio de Cultura (MINC) oficializ\u00f3 la Resoluci\u00f3n 04-2024, que declara de inter\u00e9s<\/p>\n","protected":false},"author":4,"featured_media":0,"comment_status":"open","ping_status":"open","sticky":false,"template":"","format":"standard","meta":{"footnotes":""},"categories":[7],"tags":[],"class_list":["post-15309","post","type-post","status-publish","format-standard","hentry","category-nacionales"],"_links":{"self":[{"href":"https:\/\/defrentealaverdad.com\/index.php\/wp-json\/wp\/v2\/posts\/15309","targetHints":{"allow":["GET"]}}],"collection":[{"href":"https:\/\/defrentealaverdad.com\/index.php\/wp-json\/wp\/v2\/posts"}],"about":[{"href":"https:\/\/defrentealaverdad.com\/index.php\/wp-json\/wp\/v2\/types\/post"}],"author":[{"embeddable":true,"href":"https:\/\/defrentealaverdad.com\/index.php\/wp-json\/wp\/v2\/users\/4"}],"replies":[{"embeddable":true,"href":"https:\/\/defrentealaverdad.com\/index.php\/wp-json\/wp\/v2\/comments?post=15309"}],"version-history":[{"count":2,"href":"https:\/\/defrentealaverdad.com\/index.php\/wp-json\/wp\/v2\/posts\/15309\/revisions"}],"predecessor-version":[{"id":15313,"href":"https:\/\/defrentealaverdad.com\/index.php\/wp-json\/wp\/v2\/posts\/15309\/revisions\/15313"}],"wp:attachment":[{"href":"https:\/\/defrentealaverdad.com\/index.php\/wp-json\/wp\/v2\/media?parent=15309"}],"wp:term":[{"taxonomy":"category","embeddable":true,"href":"https:\/\/defrentealaverdad.com\/index.php\/wp-json\/wp\/v2\/categories?post=15309"},{"taxonomy":"post_tag","embeddable":true,"href":"https:\/\/defrentealaverdad.com\/index.php\/wp-json\/wp\/v2\/tags?post=15309"}],"curies":[{"name":"wp","href":"https:\/\/api.w.org\/{rel}","templated":true}]}}