{"id":15257,"date":"2024-04-19T23:42:26","date_gmt":"2024-04-19T23:42:26","guid":{"rendered":"https:\/\/defrentealaverdad.com\/?p=15257"},"modified":"2024-04-20T23:47:07","modified_gmt":"2024-04-20T23:47:07","slug":"entre-luces-y-exitos-la-rlcd-reconoce-por-5ta-vez-a-locutores-dominicanos","status":"publish","type":"post","link":"https:\/\/defrentealaverdad.com\/index.php\/2024\/04\/19\/entre-luces-y-exitos-la-rlcd-reconoce-por-5ta-vez-a-locutores-dominicanos\/","title":{"rendered":"Entre luces y \u00e9xitos: la RLCD reconoce por 5ta vez a Locutores Dominicanos"},"content":{"rendered":"<p style=\"text-align: justify;\"><img decoding=\"async\" class=\"size-medium wp-image-15258 alignleft lazyload\" data-src=\"https:\/\/defrentealaverdad.com\/wp-content\/uploads\/2024\/04\/IMG-20240419-WA0158-300x265.jpg\" alt=\"\" width=\"300\" height=\"265\" data-srcset=\"https:\/\/defrentealaverdad.com\/wp-content\/uploads\/2024\/04\/IMG-20240419-WA0158-300x265.jpg 300w, https:\/\/defrentealaverdad.com\/wp-content\/uploads\/2024\/04\/IMG-20240419-WA0158-1024x904.jpg 1024w, https:\/\/defrentealaverdad.com\/wp-content\/uploads\/2024\/04\/IMG-20240419-WA0158-768x678.jpg 768w, https:\/\/defrentealaverdad.com\/wp-content\/uploads\/2024\/04\/IMG-20240419-WA0158.jpg 1359w\" data-sizes=\"(max-width: 300px) 100vw, 300px\" src=\"data:image\/svg+xml;base64,PHN2ZyB3aWR0aD0iMSIgaGVpZ2h0PSIxIiB4bWxucz0iaHR0cDovL3d3dy53My5vcmcvMjAwMC9zdmciPjwvc3ZnPg==\" style=\"--smush-placeholder-width: 300px; --smush-placeholder-aspect-ratio: 300\/265;\" \/><\/p>\n<p style=\"font-weight: 400; text-align: justify;\">Como cada 18 de abril, la <strong>Red de Locutores Cristianos Dominicanos (RLCD)<\/strong> celebr\u00f3 por quinta vez, la entrega de los <em><strong>\u201cDiamond Voice Awards RD (DVARD)\u201d<\/strong><\/em>, en el marco del d\u00eda nacional del locutor. Evento enfocado en resaltar el talento de los profesionales de la voz que honran a Dios con su trabajo, acentuando la importancia de hacer locuci\u00f3n en valores.<\/p>\n<p style=\"font-weight: 400; text-align: justify;\">La Gala fue aperturada entre luces y con un n\u00famero de adoraci\u00f3n a ritmo del d\u00fao instrumental <em>\u201cAires de Unci\u00f3n\u201d,<\/em> tambi\u00e9n cont\u00f3 con presentaciones de artistas locales de la talla de la salmista Eilyn Paulina y la agrupaci\u00f3n Worship Aviva Group y en la contraparte internacional con la adoradora Anna Ly, desde Ecuador.<\/p>\n<p style=\"font-weight: 400; text-align: justify;\">Con un derroche de talento, profesionalidad y excelencia el gremio locutoril llev\u00f3 a cabo una producci\u00f3n extraordinaria teniendo como escenario el Centro INDOTEL Cultura Digital, de la Ciudad Colonial. Este a\u00f1o, entre las novedades apreciables de la premiaci\u00f3n se implement\u00f3 <strong><em>\u201cLa Alfombra Roja DVARD\u201d,<\/em><\/strong> con la participaci\u00f3n de cuatro (04) talentos de la comunicaci\u00f3n, quienes representan el relevo generacional en materia de locuci\u00f3n, radio y televisi\u00f3n, estuvieron a cargo captando las impresiones de las grandes personalidades de la locuci\u00f3n sobre todo del \u00e1mbito cristiano quienes desfilaron durante el evento previo al inicio de la entrega de los reconocimientos. Adem\u00e1s de esta primicia, en esta versi\u00f3n se entreg\u00f3 a las figuras reconocidas nuevas estatuillas con un dise\u00f1o estilizado y elegante.<\/p>\n<p style=\"text-align: justify;\"><img decoding=\"async\" class=\"size-medium wp-image-15262 alignleft lazyload\" data-src=\"https:\/\/defrentealaverdad.com\/wp-content\/uploads\/2024\/04\/IMG-20240419-WA02041-300x253.jpg\" alt=\"\" width=\"300\" height=\"253\" data-srcset=\"https:\/\/defrentealaverdad.com\/wp-content\/uploads\/2024\/04\/IMG-20240419-WA02041-300x253.jpg 300w, https:\/\/defrentealaverdad.com\/wp-content\/uploads\/2024\/04\/IMG-20240419-WA02041-1024x864.jpg 1024w, https:\/\/defrentealaverdad.com\/wp-content\/uploads\/2024\/04\/IMG-20240419-WA02041-768x648.jpg 768w, https:\/\/defrentealaverdad.com\/wp-content\/uploads\/2024\/04\/IMG-20240419-WA02041-1536x1295.jpg 1536w, https:\/\/defrentealaverdad.com\/wp-content\/uploads\/2024\/04\/IMG-20240419-WA02041-2048x1727.jpg 2048w\" data-sizes=\"(max-width: 300px) 100vw, 300px\" src=\"data:image\/svg+xml;base64,PHN2ZyB3aWR0aD0iMSIgaGVpZ2h0PSIxIiB4bWxucz0iaHR0cDovL3d3dy53My5vcmcvMjAwMC9zdmciPjwvc3ZnPg==\" style=\"--smush-placeholder-width: 300px; --smush-placeholder-aspect-ratio: 300\/253;\" \/><\/p>\n<p style=\"font-weight: 400; text-align: justify;\">Para este 2024, la distinguida comunicadora Ana Cabrera y el historiador &#8211; locutor Guarionex Alc\u00e1ntara fueron los presentadores oficiales, acompa\u00f1ados por la talentosa voz de la locutora Mery Plasencio como voz en off, quien fue sorprendida con un reconocimiento, resaltando la labor que viene realizando como locutora, maestra de ceremonias y presentadora de noticias. Cabe destacar la participaci\u00f3n de presentadores de la Alfombra Roja y de la Gala DVA como: Jefferson Rodr\u00edguez, David Santana, Yocari B\u00e1ez, Jasmiri Rosa, \u00c1ngela Sandoval, Julia S\u00e1nchez y Wellintong Montero.<\/p>\n<p style=\"font-weight: 400; text-align: justify;\">Los galardonados de los Diamond Voice Awards 2024, quienes son escogidos por la Red cada a\u00f1o mediante un consenso, reconocieron a figuras noveles, as\u00ed como veteranos de la locuci\u00f3n en diferentes \u00e1reas esta profesi\u00f3n entre ellos: Mels Lizardo, Carla S\u00e1nchez, Kelvin Castillo, Yocari B\u00e1ez, Wellington Montero, Katty P\u00e9rez, Nicol\u00e1s Castillo (BAMBAM), Raphy de Le\u00f3n, Ruth Esther Llauguer, igualmente sorprendidos con una estatuilla, distinguiendo la profesionalidad, el buen trabajo, la excelencia y presencia preponderante en medios de comunicaci\u00f3n tradicionales y digitales.<\/p>\n<p style=\"text-align: justify;\"><img decoding=\"async\" class=\"size-medium wp-image-15262 alignleft lazyload\" data-src=\"https:\/\/defrentealaverdad.com\/wp-content\/uploads\/2024\/04\/IMG-20240419-WA02041-300x253.jpg\" alt=\"\" width=\"300\" height=\"253\" data-srcset=\"https:\/\/defrentealaverdad.com\/wp-content\/uploads\/2024\/04\/IMG-20240419-WA02041-300x253.jpg 300w, https:\/\/defrentealaverdad.com\/wp-content\/uploads\/2024\/04\/IMG-20240419-WA02041-1024x864.jpg 1024w, https:\/\/defrentealaverdad.com\/wp-content\/uploads\/2024\/04\/IMG-20240419-WA02041-768x648.jpg 768w, https:\/\/defrentealaverdad.com\/wp-content\/uploads\/2024\/04\/IMG-20240419-WA02041-1536x1295.jpg 1536w, https:\/\/defrentealaverdad.com\/wp-content\/uploads\/2024\/04\/IMG-20240419-WA02041-2048x1727.jpg 2048w\" data-sizes=\"(max-width: 300px) 100vw, 300px\" src=\"data:image\/svg+xml;base64,PHN2ZyB3aWR0aD0iMSIgaGVpZ2h0PSIxIiB4bWxucz0iaHR0cDovL3d3dy53My5vcmcvMjAwMC9zdmciPjwvc3ZnPg==\" style=\"--smush-placeholder-width: 300px; --smush-placeholder-aspect-ratio: 300\/253;\" \/><\/p>\n<p style=\"font-weight: 400; text-align: justify;\">Es noche, fue entregado el \u201cDiamante Supremo\u201d, m\u00e1ximo galard\u00f3n de los Diamond a dos figuras sobresalientes, quienes han estado presente desde los inicios de la premiaci\u00f3n, los reconocidos locutores Angely B\u00e1ez y Dennis Richard, quienes expresaron y confirmaron su compromiso en aunar esfuerzos a la RLCD para seguir llevando una locuci\u00f3n profesional dentro y fuera del territorio nacional. Otro reconocimiento especial, realzando la trayectoria y los aportes hacia las familias dominicanas y a trav\u00e9s de la radio, poniendo el nombre de Dios en primer lugar, se reconoci\u00f3 a Bienvenida Gonz\u00e1lez, Psic\u00f3loga y directora de Radio Transmundial Dominicana.<\/p>\n<p style=\"font-weight: 400; text-align: justify;\"><strong>Jefferson Rodr\u00edguez<\/strong>, presidente-fundador de la RLCD, en su alocuci\u00f3n final, destac\u00f3 el trabajo y compromiso que desde el 2019, viene realizado todo el equipo de la RLCD, as\u00ed como las congregaciones, gremios, asociaciones y escuelas que cada a\u00f1o apoyan este reconocimiento enfatizando el apoyo de la Iglesia Ciudad de Fe, al C\u00edrculo de Locutores Dominicanos, a la Escuela Nacional de Locuci\u00f3n Profesor Otto Rivera, a la Asociaci\u00f3n Dominicana de Comunicadores (ADOCOC) y todos los patrocinadores oficiales.<\/p>\n<blockquote><p>\u00abGracias a Dios y a todos ustedes por el apoyo desde el d\u00eda cero\u00bb<\/p>\n<p>&nbsp;<\/p><\/blockquote>\n<p style=\"font-weight: 400; text-align: justify;\">Fuente: Direcci\u00f3n Ejecutiva RLCD<\/p>\n<p style=\"font-weight: 400; text-align: justify;\">\n","protected":false},"excerpt":{"rendered":"<p>Como cada 18 de abril, la Red de Locutores Cristianos Dominicanos (RLCD) celebr\u00f3 por quinta<\/p>\n","protected":false},"author":4,"featured_media":0,"comment_status":"open","ping_status":"open","sticky":false,"template":"","format":"standard","meta":{"footnotes":""},"categories":[6],"tags":[],"class_list":["post-15257","post","type-post","status-publish","format-standard","hentry","category-espectaculos"],"_links":{"self":[{"href":"https:\/\/defrentealaverdad.com\/index.php\/wp-json\/wp\/v2\/posts\/15257","targetHints":{"allow":["GET"]}}],"collection":[{"href":"https:\/\/defrentealaverdad.com\/index.php\/wp-json\/wp\/v2\/posts"}],"about":[{"href":"https:\/\/defrentealaverdad.com\/index.php\/wp-json\/wp\/v2\/types\/post"}],"author":[{"embeddable":true,"href":"https:\/\/defrentealaverdad.com\/index.php\/wp-json\/wp\/v2\/users\/4"}],"replies":[{"embeddable":true,"href":"https:\/\/defrentealaverdad.com\/index.php\/wp-json\/wp\/v2\/comments?post=15257"}],"version-history":[{"count":3,"href":"https:\/\/defrentealaverdad.com\/index.php\/wp-json\/wp\/v2\/posts\/15257\/revisions"}],"predecessor-version":[{"id":15265,"href":"https:\/\/defrentealaverdad.com\/index.php\/wp-json\/wp\/v2\/posts\/15257\/revisions\/15265"}],"wp:attachment":[{"href":"https:\/\/defrentealaverdad.com\/index.php\/wp-json\/wp\/v2\/media?parent=15257"}],"wp:term":[{"taxonomy":"category","embeddable":true,"href":"https:\/\/defrentealaverdad.com\/index.php\/wp-json\/wp\/v2\/categories?post=15257"},{"taxonomy":"post_tag","embeddable":true,"href":"https:\/\/defrentealaverdad.com\/index.php\/wp-json\/wp\/v2\/tags?post=15257"}],"curies":[{"name":"wp","href":"https:\/\/api.w.org\/{rel}","templated":true}]}}