{"id":15202,"date":"2024-04-19T19:36:19","date_gmt":"2024-04-19T19:36:19","guid":{"rendered":"https:\/\/defrentealaverdad.com\/?p=15202"},"modified":"2024-04-19T19:36:19","modified_gmt":"2024-04-19T19:36:19","slug":"gobierno-va-en-auxilio-de-residentes-del-bajo-yuna-tras-inundaciones-provocados-por-vaguada","status":"publish","type":"post","link":"https:\/\/defrentealaverdad.com\/index.php\/2024\/04\/19\/gobierno-va-en-auxilio-de-residentes-del-bajo-yuna-tras-inundaciones-provocados-por-vaguada\/","title":{"rendered":"Gobierno va en auxilio de residentes del Bajo Yuna, tras inundaciones provocados por vaguada"},"content":{"rendered":"<blockquote>\n<p style=\"text-align: justify;\">Moradores agradecen la pronta intervenci\u00f3n del gobierno<\/p>\n<\/blockquote>\n<p style=\"text-align: justify;\">Rep\u00fablica Dominicana- El Gobierno dominicano a trav\u00e9s de la Gesti\u00f3n Presidencial que dirige Robert Polanco, fue el d\u00eda de hoy en auxilio de m\u00e1s de cinco mil familias del Bajo Yuna, quienes sufrieron grandes da\u00f1os provocados por la vaguada localizada en territorio nacional estos \u00faltimos d\u00edas.<\/p>\n<p style=\"text-align: justify;\"><img decoding=\"async\" class=\"size-medium wp-image-15203 alignleft lazyload\" data-src=\"https:\/\/defrentealaverdad.com\/wp-content\/uploads\/2024\/04\/IMG-20240419-WA0116-300x209.jpg\" alt=\"\" width=\"300\" height=\"209\" data-srcset=\"https:\/\/defrentealaverdad.com\/wp-content\/uploads\/2024\/04\/IMG-20240419-WA0116-300x209.jpg 300w, https:\/\/defrentealaverdad.com\/wp-content\/uploads\/2024\/04\/IMG-20240419-WA0116-1024x712.jpg 1024w, https:\/\/defrentealaverdad.com\/wp-content\/uploads\/2024\/04\/IMG-20240419-WA0116-768x534.jpg 768w, https:\/\/defrentealaverdad.com\/wp-content\/uploads\/2024\/04\/IMG-20240419-WA0116-1536x1068.jpg 1536w, https:\/\/defrentealaverdad.com\/wp-content\/uploads\/2024\/04\/IMG-20240419-WA0116.jpg 1600w\" data-sizes=\"(max-width: 300px) 100vw, 300px\" src=\"data:image\/svg+xml;base64,PHN2ZyB3aWR0aD0iMSIgaGVpZ2h0PSIxIiB4bWxucz0iaHR0cDovL3d3dy53My5vcmcvMjAwMC9zdmciPjwvc3ZnPg==\" style=\"--smush-placeholder-width: 300px; --smush-placeholder-aspect-ratio: 300\/209;\" \/><\/p>\n<p style=\"text-align: justify;\">Robert Polanco acompa\u00f1ado de la Gobernadora Xiomara Cortes, la alcaldesa Arelis Ferm\u00edn y el director regional de la Defensa Civil, Junior Tineo, llevaron asistencia de camiones de zinc, madera, alimentos crudos y cocidos a familias que producto de las fuertes lluvias y vientos anunciados por la Oficina Nacional de Meteorolog\u00eda (ONAMET), han quedado sin sus techos.<\/p>\n<blockquote><p>\u201cEstamos aqu\u00ed dando respuesta en la mayor brevedad posible, con el Plan Social de la Presidencia y los Comedores Econ\u00f3micos, porque para el gobierno que dirige Luis Abinader es de suma importancia velar y asistir a todos los dominicanos que est\u00e9n pasando un momento vulnerable provocado por las fuertes lluvias en esta semana\u201d. Expres\u00f3 Polanco.<\/p><\/blockquote>\n<p style=\"text-align: justify;\">Sostuvo que estar\u00e1n monitoreando los informes de ONAMET, para asistir a otras demarcaciones que necesiten la pronta asistencia del gobierno.<\/p>\n<p style=\"text-align: justify;\"><img decoding=\"async\" class=\"size-medium wp-image-15205 alignleft lazyload\" data-src=\"https:\/\/defrentealaverdad.com\/wp-content\/uploads\/2024\/04\/IMG-20240419-WA0118-300x212.jpg\" alt=\"\" width=\"300\" height=\"212\" data-srcset=\"https:\/\/defrentealaverdad.com\/wp-content\/uploads\/2024\/04\/IMG-20240419-WA0118-300x212.jpg 300w, https:\/\/defrentealaverdad.com\/wp-content\/uploads\/2024\/04\/IMG-20240419-WA0118-1024x723.jpg 1024w, https:\/\/defrentealaverdad.com\/wp-content\/uploads\/2024\/04\/IMG-20240419-WA0118-768x542.jpg 768w, https:\/\/defrentealaverdad.com\/wp-content\/uploads\/2024\/04\/IMG-20240419-WA0118-1536x1085.jpg 1536w, https:\/\/defrentealaverdad.com\/wp-content\/uploads\/2024\/04\/IMG-20240419-WA0118.jpg 1600w\" data-sizes=\"(max-width: 300px) 100vw, 300px\" src=\"data:image\/svg+xml;base64,PHN2ZyB3aWR0aD0iMSIgaGVpZ2h0PSIxIiB4bWxucz0iaHR0cDovL3d3dy53My5vcmcvMjAwMC9zdmciPjwvc3ZnPg==\" style=\"--smush-placeholder-width: 300px; --smush-placeholder-aspect-ratio: 300\/212;\" \/><\/p>\n<p style=\"text-align: justify;\">En tanto, los moradores del Bajo Yuna agradecieron la pronta intervenci\u00f3n del Gobierno central y la llegada de las autoridades encabezadas por el director de Gesti\u00f3n Presidencial, Robert Polanco, por lograr que esos materiales llegasen en la mayor brevedad posibles y estos poder volver a tener su techo digno.<\/p>\n<ul style=\"text-align: justify;\">\n<li><img decoding=\"async\" class=\"size-medium wp-image-15204 alignright lazyload\" data-src=\"https:\/\/defrentealaverdad.com\/wp-content\/uploads\/2024\/04\/IMG-20240419-WA0117-300x262.jpg\" alt=\"\" width=\"300\" height=\"262\" data-srcset=\"https:\/\/defrentealaverdad.com\/wp-content\/uploads\/2024\/04\/IMG-20240419-WA0117-300x262.jpg 300w, https:\/\/defrentealaverdad.com\/wp-content\/uploads\/2024\/04\/IMG-20240419-WA0117-1024x894.jpg 1024w, https:\/\/defrentealaverdad.com\/wp-content\/uploads\/2024\/04\/IMG-20240419-WA0117-768x670.jpg 768w, https:\/\/defrentealaverdad.com\/wp-content\/uploads\/2024\/04\/IMG-20240419-WA0117.jpg 1494w\" data-sizes=\"(max-width: 300px) 100vw, 300px\" src=\"data:image\/svg+xml;base64,PHN2ZyB3aWR0aD0iMSIgaGVpZ2h0PSIxIiB4bWxucz0iaHR0cDovL3d3dy53My5vcmcvMjAwMC9zdmciPjwvc3ZnPg==\" style=\"--smush-placeholder-width: 300px; --smush-placeholder-aspect-ratio: 300\/262;\" \/><\/li>\n<\/ul>\n<p style=\"text-align: justify;\">Los sectores intervenidos son Los Contreras, Los Peinados, Los Estudiantes, Los Platanitos, Majagual, La Seiba de los P\u00e1jaros, Loma Colora, Juana Rodr\u00edguez, Curva del Aguacate, Villa Progreso II, Sector Balaguer y los municipios La Reforma y Villa Rivas.<\/p>\n<p>Fuente: Al Oeste RD<\/p>\n","protected":false},"excerpt":{"rendered":"<p>Moradores agradecen la pronta intervenci\u00f3n del gobierno Rep\u00fablica Dominicana- El Gobierno dominicano a trav\u00e9s de<\/p>\n","protected":false},"author":1,"featured_media":0,"comment_status":"open","ping_status":"open","sticky":false,"template":"","format":"standard","meta":{"footnotes":""},"categories":[7],"tags":[],"class_list":["post-15202","post","type-post","status-publish","format-standard","hentry","category-nacionales"],"_links":{"self":[{"href":"https:\/\/defrentealaverdad.com\/index.php\/wp-json\/wp\/v2\/posts\/15202","targetHints":{"allow":["GET"]}}],"collection":[{"href":"https:\/\/defrentealaverdad.com\/index.php\/wp-json\/wp\/v2\/posts"}],"about":[{"href":"https:\/\/defrentealaverdad.com\/index.php\/wp-json\/wp\/v2\/types\/post"}],"author":[{"embeddable":true,"href":"https:\/\/defrentealaverdad.com\/index.php\/wp-json\/wp\/v2\/users\/1"}],"replies":[{"embeddable":true,"href":"https:\/\/defrentealaverdad.com\/index.php\/wp-json\/wp\/v2\/comments?post=15202"}],"version-history":[{"count":1,"href":"https:\/\/defrentealaverdad.com\/index.php\/wp-json\/wp\/v2\/posts\/15202\/revisions"}],"predecessor-version":[{"id":15206,"href":"https:\/\/defrentealaverdad.com\/index.php\/wp-json\/wp\/v2\/posts\/15202\/revisions\/15206"}],"wp:attachment":[{"href":"https:\/\/defrentealaverdad.com\/index.php\/wp-json\/wp\/v2\/media?parent=15202"}],"wp:term":[{"taxonomy":"category","embeddable":true,"href":"https:\/\/defrentealaverdad.com\/index.php\/wp-json\/wp\/v2\/categories?post=15202"},{"taxonomy":"post_tag","embeddable":true,"href":"https:\/\/defrentealaverdad.com\/index.php\/wp-json\/wp\/v2\/tags?post=15202"}],"curies":[{"name":"wp","href":"https:\/\/api.w.org\/{rel}","templated":true}]}}