{"id":1511,"date":"2022-06-28T14:39:08","date_gmt":"2022-06-28T14:39:08","guid":{"rendered":"https:\/\/defrentealaverdad.com\/?p=1511"},"modified":"2022-06-28T14:39:20","modified_gmt":"2022-06-28T14:39:20","slug":"codessd-hace-llamado-a-la-comision-de-salud-de-la-camara-de-diputados-para-la-aprobacion-de-ley-sobre-salud-mental","status":"publish","type":"post","link":"https:\/\/defrentealaverdad.com\/index.php\/2022\/06\/28\/codessd-hace-llamado-a-la-comision-de-salud-de-la-camara-de-diputados-para-la-aprobacion-de-ley-sobre-salud-mental\/","title":{"rendered":"CODESSD hace llamado a la comisi\u00f3n de salud de la C\u00e1mara de Diputados para la aprobaci\u00f3n de Ley sobre Salud Mental"},"content":{"rendered":"<p><img decoding=\"async\" class=\"alignnone size-medium wp-image-1512 lazyload\" data-src=\"https:\/\/defrentealaverdad.com\/wp-content\/uploads\/2022\/06\/WhatsApp-Image-2022-06-27-at-6.28.28-PM-291x300.jpeg\" alt=\"\" width=\"291\" height=\"300\" src=\"data:image\/svg+xml;base64,PHN2ZyB3aWR0aD0iMSIgaGVpZ2h0PSIxIiB4bWxucz0iaHR0cDovL3d3dy53My5vcmcvMjAwMC9zdmciPjwvc3ZnPg==\" style=\"--smush-placeholder-width: 291px; --smush-placeholder-aspect-ratio: 291\/300;\" \/><\/p>\n<p>Santo Domingo.- El Consejo de Desarrollo Econ\u00f3mico y Social de Santo Domingo (CODESSD), se pronunci\u00f3 en favor del proyecto de ley para garantizar acceso, prevenci\u00f3n, tratamiento y rehabilitaci\u00f3n en materia de salud mental, que reposa en la Comisi\u00f3n de Salud de la C\u00e1mara de Diputados y de autor\u00eda del diputado Anibal D\u00edaz.<\/p>\n<p>A trav\u00e9s de un comunicado, el presidente del CODESSD, Samuel Sena expres\u00f3 que \u00a8Hoy d\u00eda se hace m\u00e1s que necesaria la cobertura de las consultas, procedimientos y medicamentos a pacientes de la salud mental*. Hay miles de personas que deber\u00edan consultar y ser tratados por profesionales de la salud en materia de salud mental y dejan que los d\u00edas y a\u00f1os pasen sin tomar cartas sobre el asunto por la incapacidad de costear los procesos. La pandemia agudiz\u00f3 estos problemas, seamos proactivos y no reactivos con este tema.<\/p>\n<p>El proyecto de ley tiene por objeto establecer el marco legal para garantizar el acceso a los servicios, prevenci\u00f3n, tratamiento y rehabilitaci\u00f3n en salud mental como condiciones para el pleno ejercicio del derecho a la salud y el bienestar de la persona, la familia y la comunidad.<\/p>\n<p>La salud mental es un derecho fundamental de todas y todos, que como tal, debe ser promovido y respetado por el Estado Dominicano, el cual posee la obligaci\u00f3n, conforme a la Ley general de Salud, de preservarla y protegerla, garantizando la preservaci\u00f3n de los derechos y dignidad de las personas afectadas, a los fines de otorgar un tratamiento igualitario respecto a los dem\u00e1s usuarios de los servicios sanitarios y sociales.<\/p>\n<p>&nbsp;<\/p>\n<p>Fuente: Comunicaciones CODESSD<\/p>\n","protected":false},"excerpt":{"rendered":"<p>Santo Domingo.- El Consejo de Desarrollo Econ\u00f3mico y Social de Santo Domingo (CODESSD), se pronunci\u00f3<\/p>\n","protected":false},"author":1,"featured_media":0,"comment_status":"open","ping_status":"open","sticky":false,"template":"","format":"standard","meta":{"footnotes":""},"categories":[7,221],"tags":[],"class_list":["post-1511","post","type-post","status-publish","format-standard","hentry","category-nacionales","category-salud"],"_links":{"self":[{"href":"https:\/\/defrentealaverdad.com\/index.php\/wp-json\/wp\/v2\/posts\/1511","targetHints":{"allow":["GET"]}}],"collection":[{"href":"https:\/\/defrentealaverdad.com\/index.php\/wp-json\/wp\/v2\/posts"}],"about":[{"href":"https:\/\/defrentealaverdad.com\/index.php\/wp-json\/wp\/v2\/types\/post"}],"author":[{"embeddable":true,"href":"https:\/\/defrentealaverdad.com\/index.php\/wp-json\/wp\/v2\/users\/1"}],"replies":[{"embeddable":true,"href":"https:\/\/defrentealaverdad.com\/index.php\/wp-json\/wp\/v2\/comments?post=1511"}],"version-history":[{"count":1,"href":"https:\/\/defrentealaverdad.com\/index.php\/wp-json\/wp\/v2\/posts\/1511\/revisions"}],"predecessor-version":[{"id":1513,"href":"https:\/\/defrentealaverdad.com\/index.php\/wp-json\/wp\/v2\/posts\/1511\/revisions\/1513"}],"wp:attachment":[{"href":"https:\/\/defrentealaverdad.com\/index.php\/wp-json\/wp\/v2\/media?parent=1511"}],"wp:term":[{"taxonomy":"category","embeddable":true,"href":"https:\/\/defrentealaverdad.com\/index.php\/wp-json\/wp\/v2\/categories?post=1511"},{"taxonomy":"post_tag","embeddable":true,"href":"https:\/\/defrentealaverdad.com\/index.php\/wp-json\/wp\/v2\/tags?post=1511"}],"curies":[{"name":"wp","href":"https:\/\/api.w.org\/{rel}","templated":true}]}}